{"id":1147320,"date":"2026-05-01T17:26:16","date_gmt":"2026-05-01T17:26:16","guid":{"rendered":"https:\/\/dimensionturistica.com\/es\/?p=1147320"},"modified":"2026-05-01T17:26:16","modified_gmt":"2026-05-01T17:26:16","slug":"anuncian-a-leon-como-sede-del-1er-foro-mexicano-de-turismo-social-durante-el-tianguis-turistico-de-mexico","status":"publish","type":"post","link":"https:\/\/dimensionturistica.com\/es\/anuncian-a-leon-como-sede-del-1er-foro-mexicano-de-turismo-social-durante-el-tianguis-turistico-de-mexico\/","title":{"rendered":"Anuncian a Le\u00f3n como sede del 1er Foro Mexicano de Turismo Social, \u00a0durante el Tianguis Tur\u00edstico de M\u00e9xico"},"content":{"rendered":"\n<p>Durante la celebraci\u00f3n del Tianguis Tur\u00edstico de M\u00e9xico 2026, el municipio recibe la membres\u00eda de la Organizaci\u00f3n Internacional de Turismo Social (ISTO) y anuncia la realizaci\u00f3n de un foro pionero en el pa\u00eds<\/p>\n\n\n\n<p>&nbsp;En el marco de la 50 edici\u00f3n del Tianguis Tur\u00edstico, el municipio de Le\u00f3n fortaleci\u00f3 su posicionamiento como referente en innovaci\u00f3n tur\u00edstica e inclusi\u00f3n social al recibir la membres\u00eda de la Organizaci\u00f3n Internacional de Turismo Social para 2026, as\u00ed como al anunciarse a Le\u00f3n como sede del 1er Foro Mexicano de Turismo Social, una iniciativa impulsada por la Secretar\u00eda de Turismo e Identidad de Guanajuato en coordinaci\u00f3n con aliados nacionales e internacionales.<\/p>\n\n\n\n<figure class=\"wp-block-gallery has-nested-images columns-default is-cropped wp-block-gallery-1 is-layout-flex wp-block-gallery-is-layout-flex\">\n<figure class=\"wp-block-image size-large\"><img decoding=\"async\" width=\"500\" height=\"371\" data-id=\"1147321\" src=\"https:\/\/dimensionturistica.com\/es\/wp-content\/uploads\/2026\/05\/2LEON.jpg\" alt=\"\" class=\"wp-image-1147321\" srcset=\"https:\/\/dimensionturistica.com\/es\/wp-content\/uploads\/2026\/05\/2LEON.jpg 500w, https:\/\/dimensionturistica.com\/es\/wp-content\/uploads\/2026\/05\/2LEON-300x223.jpg 300w\" sizes=\"(max-width: 500px) 100vw, 500px\" \/><\/figure>\n<\/figure>\n\n\n\n<p>El Foro, proyectado para realizarse en octubre de este a\u00f1o en Le\u00f3n, marcar\u00e1 un espacio de di\u00e1logo y reflexi\u00f3n en torno al Turismo Social, el cual busca facilitar el acceso al ocio y la cultura a sectores en situaci\u00f3n de vulnerabilidad, permiti\u00e9ndoles disfrutar de experiencias tur\u00edsticas dentro y fuera de su propia ciudad.<\/p>\n\n\n\n<p>La designaci\u00f3n de Le\u00f3n como sede de este primer encuentro nacional reconoce no s\u00f3lo su infraestructura y vocaci\u00f3n para albergar grandes eventos, sino tambi\u00e9n su visi\u00f3n para impulsar un turismo con sentido social y humano. De manera preliminar, se contempla que el encuentro pueda celebrarse los d\u00edas 7 y 8 de octubre, con una agenda que iniciar\u00eda el 6 de octubre con la llegada de participantes; continuar\u00eda con la reuni\u00f3n del Consejo Mexicano de Turismo Social (CMTS), la inauguraci\u00f3n oficial del foro, conferencias magistrales y paneles, para dar paso a una segunda jornada de actividades el 8 de octubre y concluir el 9 con la salida de asistentes.<\/p>\n\n\n\n<figure class=\"wp-block-gallery has-nested-images columns-default is-cropped wp-block-gallery-2 is-layout-flex wp-block-gallery-is-layout-flex\">\n<figure class=\"wp-block-image size-large\"><img decoding=\"async\" width=\"500\" height=\"308\" data-id=\"1147323\" src=\"https:\/\/dimensionturistica.com\/es\/wp-content\/uploads\/2026\/05\/9LEON.jpg\" alt=\"\" class=\"wp-image-1147323\" srcset=\"https:\/\/dimensionturistica.com\/es\/wp-content\/uploads\/2026\/05\/9LEON.jpg 500w, https:\/\/dimensionturistica.com\/es\/wp-content\/uploads\/2026\/05\/9LEON-300x185.jpg 300w\" sizes=\"(max-width: 500px) 100vw, 500px\" \/><\/figure>\n<\/figure>\n\n\n\n<p>Durante la presentaci\u00f3n del 1er Foro de Turismo Social, se cont\u00f3 con la participaci\u00f3n de la Secretaria de Turismo e Identidad, y Vicepresidenta del CMTS, Mar\u00eda Guadalupe Robles Le\u00f3n; el Secretario de Turismo de Baja California y Presidente del CMTS, Miguel \u00c1ngel Badiola Monta\u00f1o; el Subsecretario de Identidad y Desarrollo Tur\u00edstico del Estado de Guanajuato, David Ayala; la Directora General de Hospitalidad y Turismo de Le\u00f3n,&nbsp; Yazm\u00edn Quiroz L\u00f3pez, el Presidente de ISTO Am\u00e9ricas, Alberto L\u00f3pez Chaves; y la Directora de ISTO Am\u00e9ricas y Secretaria T\u00e9cnica del CMTS, Ver\u00f3nica G\u00f3mez Aguirre.<\/p>\n\n\n\n<p>Con este anuncio, y de la mano de la SECTURI, Le\u00f3n suma un nuevo hito dentro de su estrategia tur\u00edstica, consolid\u00e1ndose no s\u00f3lo como un destino l\u00edder en reuniones y grandes eventos, sino tambi\u00e9n como una ciudad que impulsa modelos tur\u00edsticos innovadores con impacto social.<\/p>\n","protected":false},"excerpt":{"rendered":"<p>Durante la celebraci\u00f3n del Tianguis Tur\u00edstico de M\u00e9xico 2026, el municipio recibe la membres\u00eda de la Organizaci\u00f3n Internacional de Turismo Social (ISTO) y anuncia la realizaci\u00f3n de un foro pionero en el pa\u00eds &nbsp;En el marco de la 50 edici\u00f3n del Tianguis Tur\u00edstico, el municipio de Le\u00f3n fortaleci\u00f3 su posicionamiento como referente en innovaci\u00f3n tur\u00edstica [&hellip;]<\/p>\n","protected":false},"author":1,"featured_media":1147324,"comment_status":"open","ping_status":"closed","sticky":false,"template":"","format":"standard","meta":{"om_disable_all_campaigns":false,"jnews-multi-image_gallery":[],"jnews_single_post":[],"jnews_primary_category":[],"jnews_social_meta":[],"footnotes":""},"categories":[39],"tags":[],"class_list":["post-1147320","post","type-post","status-publish","format-standard","has-post-thumbnail","hentry","category-viajes"],"_links":{"self":[{"href":"https:\/\/dimensionturistica.com\/es\/wp-json\/wp\/v2\/posts\/1147320","targetHints":{"allow":["GET"]}}],"collection":[{"href":"https:\/\/dimensionturistica.com\/es\/wp-json\/wp\/v2\/posts"}],"about":[{"href":"https:\/\/dimensionturistica.com\/es\/wp-json\/wp\/v2\/types\/post"}],"author":[{"embeddable":true,"href":"https:\/\/dimensionturistica.com\/es\/wp-json\/wp\/v2\/users\/1"}],"replies":[{"embeddable":true,"href":"https:\/\/dimensionturistica.com\/es\/wp-json\/wp\/v2\/comments?post=1147320"}],"version-history":[{"count":1,"href":"https:\/\/dimensionturistica.com\/es\/wp-json\/wp\/v2\/posts\/1147320\/revisions"}],"predecessor-version":[{"id":1147327,"href":"https:\/\/dimensionturistica.com\/es\/wp-json\/wp\/v2\/posts\/1147320\/revisions\/1147327"}],"wp:featuredmedia":[{"embeddable":true,"href":"https:\/\/dimensionturistica.com\/es\/wp-json\/wp\/v2\/media\/1147324"}],"wp:attachment":[{"href":"https:\/\/dimensionturistica.com\/es\/wp-json\/wp\/v2\/media?parent=1147320"}],"wp:term":[{"taxonomy":"category","embeddable":true,"href":"https:\/\/dimensionturistica.com\/es\/wp-json\/wp\/v2\/categories?post=1147320"},{"taxonomy":"post_tag","embeddable":true,"href":"https:\/\/dimensionturistica.com\/es\/wp-json\/wp\/v2\/tags?post=1147320"}],"curies":[{"name":"wp","href":"https:\/\/api.w.org\/{rel}","templated":true}]}}