{"id":1147292,"date":"2026-05-01T16:40:42","date_gmt":"2026-05-01T16:40:42","guid":{"rendered":"https:\/\/dimensionturistica.com\/es\/?p=1147292"},"modified":"2026-05-01T16:40:42","modified_gmt":"2026-05-01T16:40:42","slug":"fortalece-footgolf%ef%b8%8f-su-presencia-internacional-en-el-tianguis-turistico-mexico-2026","status":"publish","type":"post","link":"https:\/\/dimensionturistica.com\/es\/fortalece-footgolf%ef%b8%8f-su-presencia-internacional-en-el-tianguis-turistico-mexico-2026\/","title":{"rendered":"Fortalece FootGolf\u00ae&#xfe0f; \u00a0su presencia internacional en el Tianguis Tur\u00edstico M\u00e9xico 2026"},"content":{"rendered":"\n<p>En el marco del Tianguis Tur\u00edstico M\u00e9xico 2026, la Federaci\u00f3n Mexicana de FootGolf\u00ae&#xfe0f; particip\u00f3 en la presentaci\u00f3n oficial de eventos deportivos que impulsan el turismo especializado y posicionan a Acapulco como un destino clave para competencias internacionales.<\/p>\n\n\n\n<p>Durante el encuentro se ratific\u00f3 a Acapulco como sede del Campeonato Mundial de FootGolf, evento internacional que combina f\u00fatbol y golf, y que atraer\u00e1 turismo deportivo nacional e internacional.<\/p>\n\n\n\n<p>La presentaci\u00f3n cont\u00f3 con la participaci\u00f3n de autoridades estatales y representantes del sector tur\u00edstico y deportivo, entre ellos:<\/p>\n\n\n\n<p>\u25cf&nbsp;&nbsp;&nbsp;&nbsp;&nbsp; Abelina L\u00f3pez Rodr\u00edguez presidenta Municipal de Acapulco<\/p>\n\n\n\n<figure class=\"wp-block-gallery has-nested-images columns-default is-cropped wp-block-gallery-1 is-layout-flex wp-block-gallery-is-layout-flex\">\n<figure class=\"wp-block-image size-large\"><img decoding=\"async\" width=\"500\" height=\"375\" data-id=\"1147296\" src=\"https:\/\/dimensionturistica.com\/es\/wp-content\/uploads\/2026\/05\/1fotogolf.jpg\" alt=\"\" class=\"wp-image-1147296\" srcset=\"https:\/\/dimensionturistica.com\/es\/wp-content\/uploads\/2026\/05\/1fotogolf.jpg 500w, https:\/\/dimensionturistica.com\/es\/wp-content\/uploads\/2026\/05\/1fotogolf-300x225.jpg 300w\" sizes=\"(max-width: 500px) 100vw, 500px\" \/><\/figure>\n<\/figure>\n\n\n\n<p>\u25cf&nbsp;&nbsp;&nbsp;&nbsp;&nbsp; Sim\u00f3n Qui\u00f1ones Orozco, Secretario de Turismo del Estado de Guerrero<\/p>\n\n\n\n<p>\u25cf&nbsp;&nbsp;&nbsp;&nbsp;&nbsp; Seyed Rezvani, Director General de Grupo Mundo Imperial<\/p>\n\n\n\n<p>\u25cf&nbsp;&nbsp;&nbsp;&nbsp;&nbsp; Fernando Name Guzzy, Director General de la Federaci\u00f3n Mexicana de FootGolf<\/p>\n\n\n\n<p>\u25cf&nbsp;&nbsp;&nbsp;&nbsp;&nbsp; Nu\u00f1o P\u00e9rez-Pla de Alvear, Director de HYROX M\u00e9xico<\/p>\n\n\n\n<p>\u25cf&nbsp;&nbsp;&nbsp;&nbsp;&nbsp; Jos\u00e9 Mart\u00edn S\u00e1nchez Tenorio, Presidente de la Federaci\u00f3n Mexicana del Deporte Escolar<\/p>\n\n\n\n<p>Adem\u00e1s, Evelyn Cecia Salgado Pineda, Gobernadora Constitucional del Estado de Guerrero, dirigi\u00f3 un mensaje a los asistentes y destac\u00f3 la importancia del deporte y del turismo para el fortalecimiento de Acapulco como destino internacional.<\/p>\n\n\n\n<p>El Mundial de FootGolf\u00ae&#xfe0f; forma parte de la estrategia para consolidar a Acapulco como sede de eventos deportivos internacionales que generan derrama econ\u00f3mica, promueven el turismo de experiencia y fortalecen la proyecci\u00f3n del destino a nivel global.<\/p>\n\n\n\n<p>Para m\u00e1s informaci\u00f3n visita:<\/p>\n\n\n\n<figure class=\"wp-block-embed\"><div class=\"wp-block-embed__wrapper\">\nhttps:\/\/www.footgolf.sport\/acapulcoworldcup2026\n<\/div><\/figure>\n\n\n\n<figure class=\"wp-block-embed\"><div class=\"wp-block-embed__wrapper\">\nhttps:\/\/www.facebook.com\/FIFGFootGolfWorldChampionship\n<\/div><\/figure>\n\n\n\n<figure class=\"wp-block-embed\"><div class=\"wp-block-embed__wrapper\">\nhttps:\/\/www.instagram.com\/fifgfootgolfworldchampionship\n<\/div><\/figure>\n","protected":false},"excerpt":{"rendered":"<p>En el marco del Tianguis Tur\u00edstico M\u00e9xico 2026, la Federaci\u00f3n Mexicana de FootGolf\u00ae&#xfe0f; particip\u00f3 en la presentaci\u00f3n oficial de eventos deportivos que impulsan el turismo especializado y posicionan a Acapulco como un destino clave para competencias internacionales. Durante el encuentro se ratific\u00f3 a Acapulco como sede del Campeonato Mundial de FootGolf, evento internacional que combina [&hellip;]<\/p>\n","protected":false},"author":1,"featured_media":1147297,"comment_status":"open","ping_status":"closed","sticky":false,"template":"","format":"standard","meta":{"om_disable_all_campaigns":false,"jnews-multi-image_gallery":[],"jnews_single_post":[],"jnews_primary_category":[],"jnews_social_meta":[],"footnotes":""},"categories":[39],"tags":[],"class_list":["post-1147292","post","type-post","status-publish","format-standard","has-post-thumbnail","hentry","category-viajes"],"_links":{"self":[{"href":"https:\/\/dimensionturistica.com\/es\/wp-json\/wp\/v2\/posts\/1147292","targetHints":{"allow":["GET"]}}],"collection":[{"href":"https:\/\/dimensionturistica.com\/es\/wp-json\/wp\/v2\/posts"}],"about":[{"href":"https:\/\/dimensionturistica.com\/es\/wp-json\/wp\/v2\/types\/post"}],"author":[{"embeddable":true,"href":"https:\/\/dimensionturistica.com\/es\/wp-json\/wp\/v2\/users\/1"}],"replies":[{"embeddable":true,"href":"https:\/\/dimensionturistica.com\/es\/wp-json\/wp\/v2\/comments?post=1147292"}],"version-history":[{"count":1,"href":"https:\/\/dimensionturistica.com\/es\/wp-json\/wp\/v2\/posts\/1147292\/revisions"}],"predecessor-version":[{"id":1147298,"href":"https:\/\/dimensionturistica.com\/es\/wp-json\/wp\/v2\/posts\/1147292\/revisions\/1147298"}],"wp:featuredmedia":[{"embeddable":true,"href":"https:\/\/dimensionturistica.com\/es\/wp-json\/wp\/v2\/media\/1147297"}],"wp:attachment":[{"href":"https:\/\/dimensionturistica.com\/es\/wp-json\/wp\/v2\/media?parent=1147292"}],"wp:term":[{"taxonomy":"category","embeddable":true,"href":"https:\/\/dimensionturistica.com\/es\/wp-json\/wp\/v2\/categories?post=1147292"},{"taxonomy":"post_tag","embeddable":true,"href":"https:\/\/dimensionturistica.com\/es\/wp-json\/wp\/v2\/tags?post=1147292"}],"curies":[{"name":"wp","href":"https:\/\/api.w.org\/{rel}","templated":true}]}}