{"id":1147287,"date":"2026-05-01T16:27:11","date_gmt":"2026-05-01T16:27:11","guid":{"rendered":"https:\/\/dimensionturistica.com\/es\/?p=1147287"},"modified":"2026-05-01T16:27:11","modified_gmt":"2026-05-01T16:27:11","slug":"revela-giff-su-imagen-y-eje-tematico-2026-un-viaje-al-corazon-de-nueva-especie","status":"publish","type":"post","link":"https:\/\/dimensionturistica.com\/es\/revela-giff-su-imagen-y-eje-tematico-2026-un-viaje-al-corazon-de-nueva-especie\/","title":{"rendered":"Revela GIFF su imagen y eje tem\u00e1tico 2026. Un viaje al coraz\u00f3n de nueva especie \u00a0"},"content":{"rendered":"\n<p>El Festival Internacional de Cine Guanajuato (GIFF) se prepara para su edici\u00f3n n\u00famero 29, y lo hace lanzando una apuesta ambiciosa que busca sacudir la forma en que entendemos el cine y a nosotros mismos. Bajo el lema &#8220;Un Viaje Al Coraz\u00f3n De Nuestra Especie&#8221;, el festival propone este a\u00f1o un &#8220;manifiesto latente&#8221; que analiza c\u00f3mo sobrevivimos en un mundo de fragmentaci\u00f3n digital, transformando la pantalla en una herramienta de supervivencia simb\u00f3lica y ritual.<\/p>\n\n\n\n<p>Claudio Zilleruelo Acra, el nuevo programador del GIFF, aterriza esta propuesta a trav\u00e9s de dos grandes pilares que marcar\u00e1n el camino de esta edici\u00f3n. El primero es una mirada antropol\u00f3gica, que retrata c\u00f3mo convivimos y c\u00f3mo enfrentamos la soledad en un mundo que no deja de acelerar gracias a la tecnolog\u00eda. El segundo es una visi\u00f3n antropom\u00f3rfica, que explora esa necesidad tan nuestra de proyectar humanidad en la Inteligencia Artificial y en nuestro entorno natural para intentar entender nuestras propias contradicciones.<\/p>\n\n\n\n<figure class=\"wp-block-gallery has-nested-images columns-default is-cropped wp-block-gallery-1 is-layout-flex wp-block-gallery-is-layout-flex\">\n<figure class=\"wp-block-image size-large\"><img decoding=\"async\" width=\"500\" height=\"500\" data-id=\"1147288\" src=\"https:\/\/dimensionturistica.com\/es\/wp-content\/uploads\/2026\/05\/5GIFF.jpg\" alt=\"\" class=\"wp-image-1147288\" srcset=\"https:\/\/dimensionturistica.com\/es\/wp-content\/uploads\/2026\/05\/5GIFF.jpg 500w, https:\/\/dimensionturistica.com\/es\/wp-content\/uploads\/2026\/05\/5GIFF-300x300.jpg 300w, https:\/\/dimensionturistica.com\/es\/wp-content\/uploads\/2026\/05\/5GIFF-150x150.jpg 150w, https:\/\/dimensionturistica.com\/es\/wp-content\/uploads\/2026\/05\/5GIFF-75x75.jpg 75w, https:\/\/dimensionturistica.com\/es\/wp-content\/uploads\/2026\/05\/5GIFF-350x350.jpg 350w\" sizes=\"(max-width: 500px) 100vw, 500px\" \/><\/figure>\n<\/figure>\n\n\n\n<p>El GIFF 2026 relaciona el cine como una expresi\u00f3n latente y en constante movimiento; as\u00ed su programaci\u00f3n ser\u00e1 como proceso biol\u00f3gico a trav\u00e9s de tres ejes: la simbiosis entre lo humano y lo t\u00e9cnico, el metabolismo urbano de nuestras ciudades y el duelo planetario para continuar definiendo nuestra naturaleza. Para conocer m\u00e1s de la visi\u00f3n tem\u00e1tica de la curadur\u00eda cinematogr\u00e1fica y tem\u00e1tica de esta edici\u00f3n, visita el texto escrito por Zilleruelo.<\/p>\n\n\n\n<p>Para ponerle rostro a estas ideas, la dise\u00f1adora gr\u00e1fica Giselle Mac\u00edas V\u00e1zquez cre\u00f3 la identidad visual de este a\u00f1o. Con un estilo limpio y abstracto, Giselle logra resumir conceptos profundos en formas muy sencillas. Ella misma explica que su intenci\u00f3n es darle prioridad \u201cal s\u00edmbolo por encima del adorno\u201d; por eso, su trabajo reduce cada elemento a su estado m\u00e1s puro, enfoc\u00e1ndose en ese punto donde el ser humano se encuentra con lo desconocido.<\/p>\n\n\n\n<p>La imagen oficial muestra a una figura humana frente a un c\u00edrculo que simboliza tanto nuestro origen como el futuro. Con colores c\u00e1lidos y un estilo inspirado en el c\u00f3mic, el dise\u00f1o funciona como un puente entre lo an\u00e1logo y lo digital. Seg\u00fan Mac\u00edas, la obra refleja c\u00f3mo la tecnolog\u00eda y la Inteligencia Artificial nos est\u00e1n transformando, abriendo paso a un &#8220;posthumanismo&#8221; lleno de nuevas posibilidades. Para conocer el statement completo de la creadora de la imagen, visita su texto.<\/p>\n\n\n\n<p>Con esta revelaci\u00f3n, el GIFF 2026 se posiciona no solo como una vitrina cinematogr\u00e1fica, sino como un laboratorio de alteridad y \u00e9tica. Al humanizar lo &#8220;otro&#8221; y observar nuestros propios rituales contempor\u00e1neos, el festival invita al p\u00fablico a participar en un reconocimiento de nuestra propia cultura. Es, en esencia, un festival dise\u00f1ado por y para la especie humana.<\/p>\n","protected":false},"excerpt":{"rendered":"<p>El Festival Internacional de Cine Guanajuato (GIFF) se prepara para su edici\u00f3n n\u00famero 29, y lo hace lanzando una apuesta ambiciosa que busca sacudir la forma en que entendemos el cine y a nosotros mismos. Bajo el lema &#8220;Un Viaje Al Coraz\u00f3n De Nuestra Especie&#8221;, el festival propone este a\u00f1o un &#8220;manifiesto latente&#8221; que analiza [&hellip;]<\/p>\n","protected":false},"author":1,"featured_media":1147289,"comment_status":"open","ping_status":"closed","sticky":false,"template":"","format":"standard","meta":{"om_disable_all_campaigns":false,"jnews-multi-image_gallery":[],"jnews_single_post":[],"jnews_primary_category":[],"jnews_social_meta":[],"footnotes":""},"categories":[144872],"tags":[],"class_list":["post-1147287","post","type-post","status-publish","format-standard","has-post-thumbnail","hentry","category-fashion"],"_links":{"self":[{"href":"https:\/\/dimensionturistica.com\/es\/wp-json\/wp\/v2\/posts\/1147287","targetHints":{"allow":["GET"]}}],"collection":[{"href":"https:\/\/dimensionturistica.com\/es\/wp-json\/wp\/v2\/posts"}],"about":[{"href":"https:\/\/dimensionturistica.com\/es\/wp-json\/wp\/v2\/types\/post"}],"author":[{"embeddable":true,"href":"https:\/\/dimensionturistica.com\/es\/wp-json\/wp\/v2\/users\/1"}],"replies":[{"embeddable":true,"href":"https:\/\/dimensionturistica.com\/es\/wp-json\/wp\/v2\/comments?post=1147287"}],"version-history":[{"count":1,"href":"https:\/\/dimensionturistica.com\/es\/wp-json\/wp\/v2\/posts\/1147287\/revisions"}],"predecessor-version":[{"id":1147290,"href":"https:\/\/dimensionturistica.com\/es\/wp-json\/wp\/v2\/posts\/1147287\/revisions\/1147290"}],"wp:featuredmedia":[{"embeddable":true,"href":"https:\/\/dimensionturistica.com\/es\/wp-json\/wp\/v2\/media\/1147289"}],"wp:attachment":[{"href":"https:\/\/dimensionturistica.com\/es\/wp-json\/wp\/v2\/media?parent=1147287"}],"wp:term":[{"taxonomy":"category","embeddable":true,"href":"https:\/\/dimensionturistica.com\/es\/wp-json\/wp\/v2\/categories?post=1147287"},{"taxonomy":"post_tag","embeddable":true,"href":"https:\/\/dimensionturistica.com\/es\/wp-json\/wp\/v2\/tags?post=1147287"}],"curies":[{"name":"wp","href":"https:\/\/api.w.org\/{rel}","templated":true}]}}