{"id":1147276,"date":"2026-05-01T16:01:10","date_gmt":"2026-05-01T16:01:10","guid":{"rendered":"https:\/\/dimensionturistica.com\/es\/?p=1147276"},"modified":"2026-05-01T16:01:10","modified_gmt":"2026-05-01T16:01:10","slug":"lala-yomi-se-une-al-festival-papalote-una-fiesta-familiar-por-el-dia-del-nino","status":"publish","type":"post","link":"https:\/\/dimensionturistica.com\/es\/lala-yomi-se-une-al-festival-papalote-una-fiesta-familiar-por-el-dia-del-nino\/","title":{"rendered":"Lala Yomi\u00ae se une al Festival Papalote: una fiesta familiar por el D\u00eda del Ni\u00f1o."},"content":{"rendered":"<h3>Festivales que unen: La celebraci\u00f3n del D\u00eda del Ni\u00f1o en Papalote<\/h3>\n<p>Cada a\u00f1o, el D\u00eda del Ni\u00f1o se convierte en una oportunidad \u00fanica para celebrar la alegr\u00eda y la inocencia de la infancia. Este a\u00f1o, el lugar elegido para conmemorar este evento fue el innovador Papalote Museo del Ni\u00f1o, un espacio revolucionario que fomenta el aprendizaje a trav\u00e9s del juego y la exploraci\u00f3n. Con actividades dise\u00f1adas y pensadas para ser disfrutadas en familia, el festival prometi\u00f3 una experiencia memorable.<\/p>\n<p>La celebraci\u00f3n se desarroll\u00f3 en un ambiente festivo y vibrante, donde tanto peque\u00f1os como adultos pudieron disfrutar de una amplia gama de actividades. Desde talleres interactivos hasta presentaciones en vivo, cada rinc\u00f3n del museo estaba dise\u00f1ado para estimular la curiosidad y el aprendizaje. La m\u00fasica y el arte se fusionaron, creando un ambiente de diversi\u00f3n y creatividad que mantuvo sonrisas en todos los rostros.<\/p>\n<p>Uno de los momentos m\u00e1s emocionantes del evento fue la participaci\u00f3n de La La Yomi, una figura conocida por su estilo \u00fanico y su habilidad para conectar con los m\u00e1s peque\u00f1os. Su energ\u00eda contagiosa atrajo a una multitud que vibr\u00f3 al ritmo de sus canciones. Con un repertorio lleno de temas pegajosos y letras que hablan del amor y la amistad, La La Yomi logr\u00f3 transformar el festival en un escenario lleno de risas y baile.<\/p>\n<p>Adem\u00e1s de las actuaciones musicales, el festival ofreci\u00f3 zonas de descanso y recreaci\u00f3n, donde los padres pod\u00edan relajarse mientras los ni\u00f1os exploraban las instalaciones. La idea era proporcionar un espacio seguro y divertido donde se promoviera la uni\u00f3n familiar y el disfrute en conjunto. Los participantes tambi\u00e9n tuvieron la oportunidad de sacar su lado creativo en talleres de manualidades, promoviendo as\u00ed el arte y la expresi\u00f3n personal desde una edad temprana.<\/p>\n<p>Este tipo de festivales son esenciales en la vida familiar moderna, ya que no solo entretienen, sino que tambi\u00e9n educan a trav\u00e9s del juego y la interacci\u00f3n. Permiten que los ni\u00f1os aprendan de manera divertida mientras los padres se involucran activamente en sus experiencias de aprendizaje. La celebraci\u00f3n del D\u00eda del Ni\u00f1o en Papalote fue, sin duda, un evento exitoso que subray\u00f3 la importancia de la comunidad y la familia en el crecimiento de los m\u00e1s j\u00f3venes.<\/p>\n<p>Al final del d\u00eda, lo m\u00e1s valioso no fue solo la diversi\u00f3n compartida, sino las conexiones formadas entre familias y amigos, as\u00ed como la oportunidad de crear recuerdos duraderos. En un mundo donde a menudo se prioriza la rapidez y el rendimiento, eventos como este nos recuerdan la belleza de vivir el momento y celebrar cada etapa de la vida con alegr\u00eda y amor. Sin duda, el festival en Papalote ser\u00e1 recordado por mucho tiempo, no solo por las actividades realizadas, sino por el esp\u00edritu de comunidad y felicidad que volvi\u00f3 a iluminar el d\u00eda.<\/p>\n<p><em> &#8221; Fuentes columnadigital.com &#8221; <\/em><\/p>\n","protected":false},"excerpt":{"rendered":"<p>Festivales que unen: La celebraci\u00f3n del D\u00eda del Ni\u00f1o en Papalote Cada a\u00f1o, el D\u00eda del Ni\u00f1o se convierte en una oportunidad \u00fanica para celebrar la alegr\u00eda y la inocencia de la infancia. Este a\u00f1o, el lugar elegido para conmemorar este evento fue el innovador Papalote Museo del Ni\u00f1o, un espacio revolucionario que fomenta el [&hellip;]<\/p>\n","protected":false},"author":4,"featured_media":1147277,"comment_status":"open","ping_status":"closed","sticky":false,"template":"","format":"standard","meta":{"om_disable_all_campaigns":false,"jnews-multi-image_gallery":[],"jnews_single_post":[],"jnews_primary_category":[],"jnews_social_meta":[],"footnotes":""},"categories":[39],"tags":[181003,91289,228798,233985,277826,22657,97392,199764,234204,277824,277825],"class_list":["post-1147276","post","type-post","status-publish","format-standard","has-post-thumbnail","hentry","category-viajes","tag-actividades-infantiles","tag-aventura-familiar","tag-celebracion-familiar","tag-columna-digital","tag-cultura-familiar","tag-dia-del-nino","tag-dimension-turistica-magazine","tag-diversion-para-ninos","tag-evento-familiar","tag-festival-papalote","tag-lala-yomi"],"_links":{"self":[{"href":"https:\/\/dimensionturistica.com\/es\/wp-json\/wp\/v2\/posts\/1147276","targetHints":{"allow":["GET"]}}],"collection":[{"href":"https:\/\/dimensionturistica.com\/es\/wp-json\/wp\/v2\/posts"}],"about":[{"href":"https:\/\/dimensionturistica.com\/es\/wp-json\/wp\/v2\/types\/post"}],"author":[{"embeddable":true,"href":"https:\/\/dimensionturistica.com\/es\/wp-json\/wp\/v2\/users\/4"}],"replies":[{"embeddable":true,"href":"https:\/\/dimensionturistica.com\/es\/wp-json\/wp\/v2\/comments?post=1147276"}],"version-history":[{"count":1,"href":"https:\/\/dimensionturistica.com\/es\/wp-json\/wp\/v2\/posts\/1147276\/revisions"}],"predecessor-version":[{"id":1147278,"href":"https:\/\/dimensionturistica.com\/es\/wp-json\/wp\/v2\/posts\/1147276\/revisions\/1147278"}],"wp:featuredmedia":[{"embeddable":true,"href":"https:\/\/dimensionturistica.com\/es\/wp-json\/wp\/v2\/media\/1147277"}],"wp:attachment":[{"href":"https:\/\/dimensionturistica.com\/es\/wp-json\/wp\/v2\/media?parent=1147276"}],"wp:term":[{"taxonomy":"category","embeddable":true,"href":"https:\/\/dimensionturistica.com\/es\/wp-json\/wp\/v2\/categories?post=1147276"},{"taxonomy":"post_tag","embeddable":true,"href":"https:\/\/dimensionturistica.com\/es\/wp-json\/wp\/v2\/tags?post=1147276"}],"curies":[{"name":"wp","href":"https:\/\/api.w.org\/{rel}","templated":true}]}}