{"id":1147271,"date":"2026-05-01T16:04:07","date_gmt":"2026-05-01T16:04:07","guid":{"rendered":"https:\/\/dimensionturistica.com\/es\/?p=1147271"},"modified":"2026-05-01T16:04:07","modified_gmt":"2026-05-01T16:04:07","slug":"lala-florece-en-fyja-2026-una-celebracion-de-mexico-su-cultura-y-nuevas-formas-de-nutrirnos","status":"publish","type":"post","link":"https:\/\/dimensionturistica.com\/es\/lala-florece-en-fyja-2026-una-celebracion-de-mexico-su-cultura-y-nuevas-formas-de-nutrirnos\/","title":{"rendered":"LALA florece en FYJA 2026: una celebraci\u00f3n de M\u00e9xico, su cultura y nuevas formas de nutrirnos"},"content":{"rendered":"\n<p>En un espacio donde la creatividad, la naturaleza y la identidad mexicana convergen, Lala se suma a la iniciativa del Festival Flores y Jardines (FYJA) 2026, uno de los encuentros culturales m\u00e1s relevantes de la Ciudad de M\u00e9xico, que se llevar\u00e1 a cabo del 30 de abril al 3 de mayo en Polanco. \u200b<\/p>\n\n\n\n<figure class=\"wp-block-gallery has-nested-images columns-default is-cropped wp-block-gallery-1 is-layout-flex wp-block-gallery-is-layout-flex\">\n<figure class=\"wp-block-image size-large\"><img decoding=\"async\" width=\"560\" height=\"316\" data-id=\"1147272\" src=\"https:\/\/dimensionturistica.com\/es\/wp-content\/uploads\/2026\/05\/1LALAS.jpg\" alt=\"\" class=\"wp-image-1147272\" srcset=\"https:\/\/dimensionturistica.com\/es\/wp-content\/uploads\/2026\/05\/1LALAS.jpg 560w, https:\/\/dimensionturistica.com\/es\/wp-content\/uploads\/2026\/05\/1LALAS-300x169.jpg 300w\" sizes=\"(max-width: 560px) 100vw, 560px\" \/><\/figure>\n<\/figure>\n\n\n\n<p>Bajo el concepto \u201cEl Jard\u00edn Mexicano\u201d, el festival propone una mirada profunda a M\u00e9xico como un territorio de diversidad, donde la flora se convierte en un reflejo de la historia y las tradiciones. A trav\u00e9s de fachadas intervenidas, arcos florales monumentales y jardines ef\u00edmeros, FYJA invita a redescubrir la relaci\u00f3n entre las personas y su entorno.<\/p>\n\n\n\n<p>En este contexto, la participaci\u00f3n de Lala adquiere un significado especial. Como una marca mexicana con m\u00e1s de 75 a\u00f1os de historia, profundamente arraigada al campo, al origen y a las tradiciones del pa\u00eds, Lala encuentra en FYJA una plataforma para reconectar con aquello que la define: su v\u00ednculo con el origen, la tradici\u00f3n y su cercan\u00eda con los hogares mexicanos. \u200b<\/p>\n\n\n\n<figure class=\"wp-block-gallery has-nested-images columns-default is-cropped wp-block-gallery-2 is-layout-flex wp-block-gallery-is-layout-flex\">\n<figure class=\"wp-block-image size-large\"><img decoding=\"async\" width=\"560\" height=\"315\" data-id=\"1147273\" src=\"https:\/\/dimensionturistica.com\/es\/wp-content\/uploads\/2026\/05\/2LALAS.jpg\" alt=\"\" class=\"wp-image-1147273\" srcset=\"https:\/\/dimensionturistica.com\/es\/wp-content\/uploads\/2026\/05\/2LALAS.jpg 560w, https:\/\/dimensionturistica.com\/es\/wp-content\/uploads\/2026\/05\/2LALAS-300x169.jpg 300w\" sizes=\"(max-width: 560px) 100vw, 560px\" \/><\/figure>\n<\/figure>\n\n\n\n<p>Lala estar\u00e1 presente en alianza con CATAMUNDI, un espacio gastron\u00f3mico que cuenta con diversos rostros, pero con un dominador com\u00fan: catar el mundo. Esta colaboraci\u00f3n se materializa en la intervenci\u00f3n de su fachada y un men\u00fa exclusivo desarrollado en conjunto, donde el portafolio Lala se convierte en protagonista. \u200b<\/p>\n\n\n\n<p>\u201cTrabajar con Lala reafirma su compromiso con la evoluci\u00f3n de la gastronom\u00eda en M\u00e9xico, acerc\u00e1ndose a espacios como CATAMUNDI: un lugar de experiencias, de sorpresas estimulantes, detonador de antojos, capaz de satisfacer el esp\u00edritu que nos define a nosotros y a nuestros clientes: la curiosidad culinaria\u201d, coment\u00f3 Pablo Carrera, Chef &amp; Director General de CATAMUNDI.<\/p>\n\n\n\n<figure class=\"wp-block-gallery has-nested-images columns-default is-cropped wp-block-gallery-3 is-layout-flex wp-block-gallery-is-layout-flex\">\n<figure class=\"wp-block-image size-large\"><img decoding=\"async\" width=\"500\" height=\"282\" data-id=\"1147274\" src=\"https:\/\/dimensionturistica.com\/es\/wp-content\/uploads\/2026\/05\/4LALAS.jpg\" alt=\"\" class=\"wp-image-1147274\" srcset=\"https:\/\/dimensionturistica.com\/es\/wp-content\/uploads\/2026\/05\/4LALAS.jpg 500w, https:\/\/dimensionturistica.com\/es\/wp-content\/uploads\/2026\/05\/4LALAS-300x169.jpg 300w\" sizes=\"(max-width: 500px) 100vw, 500px\" \/><\/figure>\n<\/figure>\n\n\n\n<p>Durante FYJA, los asistentes podr\u00e1n vivir una experiencia gastron\u00f3mica \u00fanica de Lala que incluye: Platillos especiales que integran queso y crema Lala, mocktails y cocktails creados especialmente para la ocasi\u00f3n elaborados con Leche Lala, explorando ocasiones de consumo no tradicionales y una propuesta floral, donde sabores, texturas y aromas dialogan con el entorno floral del festival. \u200b<\/p>\n\n\n\n<figure class=\"wp-block-gallery has-nested-images columns-default is-cropped wp-block-gallery-4 is-layout-flex wp-block-gallery-is-layout-flex\">\n<figure class=\"wp-block-image size-large\"><img decoding=\"async\" width=\"500\" height=\"433\" data-id=\"1147275\" src=\"https:\/\/dimensionturistica.com\/es\/wp-content\/uploads\/2026\/05\/6LALAS.jpg\" alt=\"\" class=\"wp-image-1147275\" srcset=\"https:\/\/dimensionturistica.com\/es\/wp-content\/uploads\/2026\/05\/6LALAS.jpg 500w, https:\/\/dimensionturistica.com\/es\/wp-content\/uploads\/2026\/05\/6LALAS-300x260.jpg 300w\" sizes=\"(max-width: 500px) 100vw, 500px\" \/><\/figure>\n<\/figure>\n\n\n\n<p>\u201cFYJA representa una oportunidad \u00fanica para conectar con lo que nos hace orgullosamente mexicanos: nuestra cultura, creatividad y v\u00ednculo con la naturaleza. En Lala, queremos seguir siendo parte de esos momentos que evolucionan con las personas, llevando nuestros productos a nuevas experiencias que inspiran, se comparten y se recuerdan\u201d, se\u00f1al\u00f3 Andrea Zavala, Gerente Corporativa de Lala Masterbrand en Grupo Lala.<\/p>\n\n\n\n<p>Esta colaboraci\u00f3n responde a una visi\u00f3n estrat\u00e9gica de ser parte activa de los momentos culturales m\u00e1s relevantes, trascendiendo lo funcional para conectar de forma aut\u00e9ntica con el consumidor. En este marco, Lala impulsa su mensaje \u201cUn Vaso de Leche Lala al d\u00eda\u201d, llev\u00e1ndolo a espacios de interacci\u00f3n directa como su presencia en Parque Lincoln, donde contar\u00e1 con una activaci\u00f3n con barra de bebidas, din\u00e1micas, sampling de Lala Griego y Lala Yomi, y un photo opportunity dise\u00f1ado para generar experiencias memorables y reforzar la cercan\u00eda con la marca.<\/p>\n\n\n\n<p>Su participaci\u00f3n en FYJA refuerza esta evoluci\u00f3n. Al integrarse a un espacio que celebra la vida, la naturaleza y la creatividad urbana, Lala se posiciona como parte activa de la conversaci\u00f3n cultural, conectando con nuevas audiencias que buscan propuestas significativas, aspiracionales y aut\u00e9nticas, y resignificando su portafolio como parte de una experiencia contempor\u00e1nea de bienestar y disfrute.<\/p>\n\n\n\n<figure class=\"wp-block-gallery has-nested-images columns-default is-cropped wp-block-gallery-5 is-layout-flex wp-block-gallery-is-layout-flex\">\n<figure class=\"wp-block-image size-large\"><img decoding=\"async\" width=\"480\" height=\"271\" data-id=\"1147281\" src=\"https:\/\/dimensionturistica.com\/es\/wp-content\/uploads\/2026\/05\/LALITA.jpg\" alt=\"\" class=\"wp-image-1147281\" srcset=\"https:\/\/dimensionturistica.com\/es\/wp-content\/uploads\/2026\/05\/LALITA.jpg 480w, https:\/\/dimensionturistica.com\/es\/wp-content\/uploads\/2026\/05\/LALITA-300x169.jpg 300w\" sizes=\"(max-width: 480px) 100vw, 480px\" \/><\/figure>\n<\/figure>\n\n\n\n<p>El Festival Flores y Jardines es una invitaci\u00f3n abierta y gratuita para todos los asistentes, quienes podr\u00e1n recorrer Avenida Masaryk, Parque Lincoln, Parque Am\u00e9rica y Polanquito, en una experiencia donde la belleza natural y la creatividad se encuentran.<\/p>\n\n\n\n<p>En este escenario, Lala propone una nueva narrativa: los l\u00e1cteos no solo se consumen, se viven. En un entorno lleno de est\u00edmulos visuales y sensoriales, la marca invita a combinarlos, reinterpretarlos y disfrutarlos en momentos que trascienden el hogar, construyendo una categor\u00eda m\u00e1s relevante, aspiracional y profundamente conectada con la cultura y el consumidor actual.<\/p>\n","protected":false},"excerpt":{"rendered":"<p>En un espacio donde la creatividad, la naturaleza y la identidad mexicana convergen, Lala se suma a la iniciativa del Festival Flores y Jardines (FYJA) 2026, uno de los encuentros culturales m\u00e1s relevantes de la Ciudad de M\u00e9xico, que se llevar\u00e1 a cabo del 30 de abril al 3 de mayo en Polanco. \u200b Bajo [&hellip;]<\/p>\n","protected":false},"author":1,"featured_media":1147266,"comment_status":"open","ping_status":"closed","sticky":false,"template":"","format":"standard","meta":{"om_disable_all_campaigns":false,"jnews-multi-image_gallery":[],"jnews_single_post":{"format":"standard"},"jnews_primary_category":[],"jnews_social_meta":[],"footnotes":""},"categories":[43],"tags":[],"class_list":["post-1147271","post","type-post","status-publish","format-standard","has-post-thumbnail","hentry","category-gourmet"],"_links":{"self":[{"href":"https:\/\/dimensionturistica.com\/es\/wp-json\/wp\/v2\/posts\/1147271","targetHints":{"allow":["GET"]}}],"collection":[{"href":"https:\/\/dimensionturistica.com\/es\/wp-json\/wp\/v2\/posts"}],"about":[{"href":"https:\/\/dimensionturistica.com\/es\/wp-json\/wp\/v2\/types\/post"}],"author":[{"embeddable":true,"href":"https:\/\/dimensionturistica.com\/es\/wp-json\/wp\/v2\/users\/1"}],"replies":[{"embeddable":true,"href":"https:\/\/dimensionturistica.com\/es\/wp-json\/wp\/v2\/comments?post=1147271"}],"version-history":[{"count":1,"href":"https:\/\/dimensionturistica.com\/es\/wp-json\/wp\/v2\/posts\/1147271\/revisions"}],"predecessor-version":[{"id":1147282,"href":"https:\/\/dimensionturistica.com\/es\/wp-json\/wp\/v2\/posts\/1147271\/revisions\/1147282"}],"wp:featuredmedia":[{"embeddable":true,"href":"https:\/\/dimensionturistica.com\/es\/wp-json\/wp\/v2\/media\/1147266"}],"wp:attachment":[{"href":"https:\/\/dimensionturistica.com\/es\/wp-json\/wp\/v2\/media?parent=1147271"}],"wp:term":[{"taxonomy":"category","embeddable":true,"href":"https:\/\/dimensionturistica.com\/es\/wp-json\/wp\/v2\/categories?post=1147271"},{"taxonomy":"post_tag","embeddable":true,"href":"https:\/\/dimensionturistica.com\/es\/wp-json\/wp\/v2\/tags?post=1147271"}],"curies":[{"name":"wp","href":"https:\/\/api.w.org\/{rel}","templated":true}]}}