{"id":1147229,"date":"2026-05-01T14:56:58","date_gmt":"2026-05-01T14:56:58","guid":{"rendered":"https:\/\/dimensionturistica.com\/es\/?p=1147229"},"modified":"2026-05-01T14:56:58","modified_gmt":"2026-05-01T14:56:58","slug":"ecos-de-su-epoca-gloria-steinem-celebro-un-encuentro-literario-en-su-casa-historica-para-lena-dunham","status":"publish","type":"post","link":"https:\/\/dimensionturistica.com\/es\/ecos-de-su-epoca-gloria-steinem-celebro-un-encuentro-literario-en-su-casa-historica-para-lena-dunham\/","title":{"rendered":"Ecos de su \u00c9poca: Gloria Steinem Celebr\u00f3 un Encuentro Literario en Su Casa Hist\u00f3rica para Lena Dunham"},"content":{"rendered":"<h3>La Conexi\u00f3n entre Vuelo y Ra\u00edces: El Impacto de Lena Dunham en el Mundo de la Moda y la Activismo<\/h3>\n<p>En un mundo donde las fronteras entre el arte, la moda y el activismo se desdibujan, Lena Dunham se erige como un s\u00edmbolo fascinante de esta sinergia. En su reciente colaboraci\u00f3n con Warby Parker, la famosa escritora y productora trae a la vanguardia un di\u00e1logo sobre la cultura pop, la identidad y la lucha por la igualdad. <\/p>\n<p>Desde el primer momento en que Dunham aparece, su presencia irradia una mezcla de audacia y autenticidad. Con un estilo que desaf\u00eda las normas tradicionales, ha reinventado no solo su imagen, sino tambi\u00e9n la manera en que se percibe a las mujeres en el espacio p\u00fablico. Este \u00faltimo proyecto no es simplemente una colecci\u00f3n de gafas; es un homenaje a la pionera del feminismo, Gloria Steinem, quien ha desafiado convenciones durante d\u00e9cadas. La mirada a trav\u00e9s de estas lentes invita a las personas a cuestionar y redefinir sus propias identidades, tanto en el \u00e1mbito personal como en el sociopol\u00edtico.<\/p>\n<p>La elecci\u00f3n de los dise\u00f1os, que combinan tendencias modernas con un toque retro, es una declaraci\u00f3n en s\u00ed misma. Con cada par de gafas, Dunham recuerda la importancia de la autoexpresi\u00f3n en una era donde la uniformidad parece reinar. Al asociarse con Warby Parker, la colaboraci\u00f3n fusiona la alta calidad con un compromiso social. Por cada par vendido, se colabora en llevar una educaci\u00f3n visual a personas necesitadas, resaltando que la moda puede ser una fuerza para el bien.<\/p>\n<p>La influencia de Steinem en la vida de Dunham es palpable; ambas han tenido que navegar un mundo a menudo hostil para las mujeres. La audacia de Dunham para abrazar su vulnerabilidad se convierte en un llamado a la acci\u00f3n para aquellos que las siguen. Al hablar sobre la \u201cfame sickness\u201d (la enfermedad de la fama), Lena desmantela el mito de que el \u00e9xito siempre equivale a felicidad. En lugar de glorificar la fama, invita a la reflexi\u00f3n sobre la autenticidad y el valor de mantenerse fiel a uno mismo en un paisaje medi\u00e1tico tan competitivo.<\/p>\n<p>Este enfoque singular se extiende m\u00e1s all\u00e1 de la moda; promueve una conversaci\u00f3n necesaria sobre la salud mental, la representaci\u00f3n y la resiliencia. Las gafas se convierten en un s\u00edmbolo de visi\u00f3n cr\u00edtica, no solo de lo que se ve en el espejo, sino tambi\u00e9n de c\u00f3mo se perciben las luchas sociales contempor\u00e1neas. La colaboraci\u00f3n no se limita a las pasarelas, sino que se posiciona en el contexto m\u00e1s amplio de la cultura, valorizando la autenticidad sobre las apariencias.<\/p>\n<p>A medida que el mundo evoluciona y los roles de g\u00e9nero siguen desafi\u00e1ndose, Dunham y Steinem nos brindan un faro de esperanza y resistencia. Las gafas no son \u00fanicamente un accesorio; son una herramienta para ver el mundo de una manera diferente. Cada par invita a cuestionar los estereotipos y a fomentar una comunidad donde cada voz cuenta y cada historia importa.<\/p>\n<p>La intersecci\u00f3n de la moda y el activismo no es solo un fen\u00f3meno pasajero; es el nuevo est\u00e1ndar de lo que significa ser relevante en la era contempor\u00e1nea. Dunham, con su estilo distintivo y su inquebrantable compromiso con la justicia, est\u00e1 trazando un camino que invita a todos a ver m\u00e1s all\u00e1 de las superficies. En un momento donde la moda no es solo un reflejo, sino un veh\u00edculo para el cambio, la visi\u00f3n de Dunham es m\u00e1s necesaria que nunca.<\/p>\n<p><em> &#8221; Fuentes www.vogue.com &#8221; <\/em><\/p>\n","protected":false},"excerpt":{"rendered":"<p>La Conexi\u00f3n entre Vuelo y Ra\u00edces: El Impacto de Lena Dunham en el Mundo de la Moda y la Activismo En un mundo donde las fronteras entre el arte, la moda y el activismo se desdibujan, Lena Dunham se erige como un s\u00edmbolo fascinante de esta sinergia. En su reciente colaboraci\u00f3n con Warby Parker, la [&hellip;]<\/p>\n","protected":false},"author":14,"featured_media":1147232,"comment_status":"open","ping_status":"closed","sticky":false,"template":"","format":"standard","meta":{"om_disable_all_campaigns":false,"jnews-multi-image_gallery":[],"jnews_single_post":[],"jnews_primary_category":[],"jnews_social_meta":[],"footnotes":""},"categories":[144872],"tags":[247244,205322,210648,277815,277816,201080,231345,254001,203622,277817,204325],"class_list":["post-1147229","post","type-post","status-publish","format-standard","has-post-thumbnail","hentry","category-fashion","tag-book-party","tag-cultural-impact","tag-feminism","tag-gloria-steinem","tag-historic-home","tag-influential-figures","tag-lena-dunham","tag-literary-event","tag-vogue-parties","tag-voices-of-their-generation","tag-womens-rights"],"_links":{"self":[{"href":"https:\/\/dimensionturistica.com\/es\/wp-json\/wp\/v2\/posts\/1147229","targetHints":{"allow":["GET"]}}],"collection":[{"href":"https:\/\/dimensionturistica.com\/es\/wp-json\/wp\/v2\/posts"}],"about":[{"href":"https:\/\/dimensionturistica.com\/es\/wp-json\/wp\/v2\/types\/post"}],"author":[{"embeddable":true,"href":"https:\/\/dimensionturistica.com\/es\/wp-json\/wp\/v2\/users\/14"}],"replies":[{"embeddable":true,"href":"https:\/\/dimensionturistica.com\/es\/wp-json\/wp\/v2\/comments?post=1147229"}],"version-history":[{"count":1,"href":"https:\/\/dimensionturistica.com\/es\/wp-json\/wp\/v2\/posts\/1147229\/revisions"}],"predecessor-version":[{"id":1147233,"href":"https:\/\/dimensionturistica.com\/es\/wp-json\/wp\/v2\/posts\/1147229\/revisions\/1147233"}],"wp:featuredmedia":[{"embeddable":true,"href":"https:\/\/dimensionturistica.com\/es\/wp-json\/wp\/v2\/media\/1147232"}],"wp:attachment":[{"href":"https:\/\/dimensionturistica.com\/es\/wp-json\/wp\/v2\/media?parent=1147229"}],"wp:term":[{"taxonomy":"category","embeddable":true,"href":"https:\/\/dimensionturistica.com\/es\/wp-json\/wp\/v2\/categories?post=1147229"},{"taxonomy":"post_tag","embeddable":true,"href":"https:\/\/dimensionturistica.com\/es\/wp-json\/wp\/v2\/tags?post=1147229"}],"curies":[{"name":"wp","href":"https:\/\/api.w.org\/{rel}","templated":true}]}}