{"id":1147228,"date":"2026-05-01T14:56:42","date_gmt":"2026-05-01T14:56:42","guid":{"rendered":"https:\/\/dimensionturistica.com\/es\/?p=1147228"},"modified":"2026-05-01T14:56:42","modified_gmt":"2026-05-01T14:56:42","slug":"el-puerto-de-motril-da-comienzo-a-una-temporada-de-cruceros-mas-ecologica-con-dos-escalas-simultaneas","status":"publish","type":"post","link":"https:\/\/dimensionturistica.com\/es\/el-puerto-de-motril-da-comienzo-a-una-temporada-de-cruceros-mas-ecologica-con-dos-escalas-simultaneas\/","title":{"rendered":"El Puerto de Motril da comienzo a una temporada de cruceros m\u00e1s ecol\u00f3gica con dos escalas simult\u00e1neas."},"content":{"rendered":"<p><strong>El Puerto de Motril Se Prepara para una Temporada de Cruceros Sostenible<\/strong><\/p>\n<p>El sol brilla intensamente sobre la costa de Granada, donde el Puerto de Motril se ha convertido en un destacado punto de llegada para cruceros que buscan una experiencia m\u00e1s sostenible. Esta temporada, el puerto inicia un ciclo que promete no solo la llegada de turistas, sino tambi\u00e9n un compromiso firme con el medio ambiente.<\/p>\n<p>Cada vez m\u00e1s turistas optan por cruceros que priorizan la sostenibilidad, y Motril se alinea con esta tendencia, present\u00e1ndose como un destino que valora tanto el disfrute de sus visitantes como la protecci\u00f3n de sus recursos naturales. El puerto no solo representa una puerta de entrada a la rica cultura andaluza, sino que tambi\u00e9n se empe\u00f1a en minimizar el impacto ambiental de la industria mar\u00edtima.<\/p>\n<p>En esta temporada inaugural, el Puerto de Motril recibir\u00e1 varias recaladas dobles, un acontecimiento que incrementa el n\u00famero de visitantes y, con ello, la vitalidad econ\u00f3mica de la regi\u00f3n. Este formato permite a dos barcos de pasajeros llegar contempor\u00e1neamente, ofreciendo a los excursionistas la oportunidad de explorar el atractivo de la zona y disfrutar de su patrimonio cultural, incluyendo playas, monta\u00f1as y una gastronom\u00eda \u00fanica.<\/p>\n<p>Adem\u00e1s de las recaladas dobles, la apuesta por una movilidad m\u00e1s ecol\u00f3gica se refleja en la promoci\u00f3n de actividades como el senderismo y el cicloturismo, que animan a los turistas a descubrir el entorno de manera responsable. La riqueza natural de los alrededores, como el Parque Natural de Sierra Nevada, est\u00e1 a solo un paso, permitiendo que el viajero se conecte con la esencia misma de la naturaleza.<\/p>\n<p>El impacto positivo que el turismo sostenible puede tener en la econom\u00eda local es innegable. Los comerciantes y empresarios de la zona est\u00e1n m\u00e1s que listos para recibir a los visitantes; desde gu\u00edas tur\u00edsticos que ofrecen recorridos personalizados, hasta restaurantes que utilizan productos locales frescos. Este enfoque no solo enriquece la experiencia del turista, sino que tambi\u00e9n promueve un ciclo de consumo que beneficia a la comunidad.<\/p>\n<p>A medida que el horror clim\u00e1tico y los desaf\u00edos ambientales se hacen cada vez m\u00e1s evidentes, la decidida transici\u00f3n hacia el turismo sostenible es una respuesta valiosa. Motril est\u00e1 comprometido con este cambio, y la temporada de cruceros que se aproxima est\u00e1 destinada a ser un ejemplo brillante de c\u00f3mo la industria puede evolucionar hacia un futuro m\u00e1s respetuoso con el entorno.<\/p>\n<p>As\u00ed que, si est\u00e1s planificando tu pr\u00f3xima aventura, considera descubrir Motril. Sum\u00e9rgete en sus paisajes, d\u00e9jate envolver por la calidez de su gente, y contribuye a un modelo tur\u00edstico que respeta y celebra la belleza del planeta. La temporada de cruceros en el Puerto de Motril no solo promete momentos inolvidables, sino tambi\u00e9n un viaje hacia un futuro m\u00e1s sostenible. \u00a1Explora, aprende y protege!<\/p>\n<p><em> &#8221; Fuentes portalportuario.cl &#8221; <\/em><\/p>\n","protected":false},"excerpt":{"rendered":"<p>El Puerto de Motril Se Prepara para una Temporada de Cruceros Sostenible El sol brilla intensamente sobre la costa de Granada, donde el Puerto de Motril se ha convertido en un destacado punto de llegada para cruceros que buscan una experiencia m\u00e1s sostenible. Esta temporada, el puerto inicia un ciclo que promete no solo la [&hellip;]<\/p>\n","protected":false},"author":4,"featured_media":1147230,"comment_status":"open","ping_status":"closed","sticky":false,"template":"","format":"standard","meta":{"om_disable_all_campaigns":false,"jnews-multi-image_gallery":[],"jnews_single_post":[],"jnews_primary_category":[],"jnews_social_meta":[],"footnotes":""},"categories":[41],"tags":[20516,990,1653,42720,8662,81115,277814,600,24352,544],"class_list":["post-1147228","post","type-post","status-publish","format-standard","has-post-thumbnail","hentry","category-cruceros","tag-desarrollo-sostenible","tag-ecologia","tag-europa","tag-inter","tag-navegacion","tag-puerto-de-motril","tag-recaladas-dobles","tag-sostenibilidad","tag-temporada-de-cruceros","tag-turismo"],"_links":{"self":[{"href":"https:\/\/dimensionturistica.com\/es\/wp-json\/wp\/v2\/posts\/1147228","targetHints":{"allow":["GET"]}}],"collection":[{"href":"https:\/\/dimensionturistica.com\/es\/wp-json\/wp\/v2\/posts"}],"about":[{"href":"https:\/\/dimensionturistica.com\/es\/wp-json\/wp\/v2\/types\/post"}],"author":[{"embeddable":true,"href":"https:\/\/dimensionturistica.com\/es\/wp-json\/wp\/v2\/users\/4"}],"replies":[{"embeddable":true,"href":"https:\/\/dimensionturistica.com\/es\/wp-json\/wp\/v2\/comments?post=1147228"}],"version-history":[{"count":1,"href":"https:\/\/dimensionturistica.com\/es\/wp-json\/wp\/v2\/posts\/1147228\/revisions"}],"predecessor-version":[{"id":1147231,"href":"https:\/\/dimensionturistica.com\/es\/wp-json\/wp\/v2\/posts\/1147228\/revisions\/1147231"}],"wp:featuredmedia":[{"embeddable":true,"href":"https:\/\/dimensionturistica.com\/es\/wp-json\/wp\/v2\/media\/1147230"}],"wp:attachment":[{"href":"https:\/\/dimensionturistica.com\/es\/wp-json\/wp\/v2\/media?parent=1147228"}],"wp:term":[{"taxonomy":"category","embeddable":true,"href":"https:\/\/dimensionturistica.com\/es\/wp-json\/wp\/v2\/categories?post=1147228"},{"taxonomy":"post_tag","embeddable":true,"href":"https:\/\/dimensionturistica.com\/es\/wp-json\/wp\/v2\/tags?post=1147228"}],"curies":[{"name":"wp","href":"https:\/\/api.w.org\/{rel}","templated":true}]}}