{"id":1147212,"date":"2026-05-01T14:32:15","date_gmt":"2026-05-01T14:32:15","guid":{"rendered":"https:\/\/dimensionturistica.com\/es\/?p=1147212"},"modified":"2026-05-01T14:32:15","modified_gmt":"2026-05-01T14:32:15","slug":"nayarit-comparte-su-arte-milenario-en-tianguis-turistico-con-talleres-gratuitos","status":"publish","type":"post","link":"https:\/\/dimensionturistica.com\/es\/nayarit-comparte-su-arte-milenario-en-tianguis-turistico-con-talleres-gratuitos\/","title":{"rendered":"Nayarit comparte su arte milenario en Tianguis Tur\u00edstico con talleres gratuitos"},"content":{"rendered":"\n<p>Nayarit sigue brillando en la edici\u00f3n n\u00famero 50 del Tianguis Tur\u00edstico en Acapulco, al compartir con los asistentes al evento, un pedazo de su cultura milenaria a trav\u00e9s de talleres gratuitos que son impartidos por sus reconocidos maestros artesanos.<\/p>\n\n\n\n<figure class=\"wp-block-gallery has-nested-images columns-default is-cropped wp-block-gallery-1 is-layout-flex wp-block-gallery-is-layout-flex\">\n<figure class=\"wp-block-image size-large\"><img decoding=\"async\" width=\"500\" height=\"333\" data-id=\"1147213\" src=\"https:\/\/dimensionturistica.com\/es\/wp-content\/uploads\/2026\/05\/1naya.jpg\" alt=\"\" class=\"wp-image-1147213\" srcset=\"https:\/\/dimensionturistica.com\/es\/wp-content\/uploads\/2026\/05\/1naya.jpg 500w, https:\/\/dimensionturistica.com\/es\/wp-content\/uploads\/2026\/05\/1naya-300x200.jpg 300w\" sizes=\"(max-width: 500px) 100vw, 500px\" \/><\/figure>\n<\/figure>\n\n\n\n<p>En estos espacios promovidos por la Secretar\u00eda de Turismo de Nayarit en coordinaci\u00f3n con la Secretar\u00eda de Cultura de Guerrero, los visitantes pueden conocer y aprender de primera mano la elaboraci\u00f3n de piezas \u00fanicas, as\u00ed como adquirir productos patrimoniales que reflejan la riqueza cultural de este estado y el talento de sus comunidades.<\/p>\n\n\n\n<p>Algunos de los talleres con los que se promueve a conectar con la tradici\u00f3n e identidad cultural de Nayarit son la elaboraci\u00f3n de artesan\u00edas con hoja de ma\u00edz, chocolate artesanal, miel, productos a base de cal\u00e9ndula, repelentes naturales, mazap\u00e1n, as\u00ed como trabajos con chaquira e hilo, entre otros; todos impartidos por especialistas en cada \u00e1rea.<\/p>\n\n\n\n<p>Estos talleres gratuitos y abiertos a personas de todas las edades comenzaron el pasado lunes 27 de abril y estar\u00e1n abiertos hasta el jueves 30 de abril en las instalaciones del Centro Cultural Acapulco para todos los interesados que quieran ser parte de ellos.<\/p>\n\n\n\n<figure class=\"wp-block-gallery has-nested-images columns-default is-cropped wp-block-gallery-2 is-layout-flex wp-block-gallery-is-layout-flex\">\n<figure class=\"wp-block-image size-large\"><img decoding=\"async\" width=\"500\" height=\"333\" data-id=\"1147214\" src=\"https:\/\/dimensionturistica.com\/es\/wp-content\/uploads\/2026\/05\/3naya.jpg\" alt=\"\" class=\"wp-image-1147214\" srcset=\"https:\/\/dimensionturistica.com\/es\/wp-content\/uploads\/2026\/05\/3naya.jpg 500w, https:\/\/dimensionturistica.com\/es\/wp-content\/uploads\/2026\/05\/3naya-300x200.jpg 300w\" sizes=\"(max-width: 500px) 100vw, 500px\" \/><\/figure>\n<\/figure>\n\n\n\n<p>Cabe resaltar que esta actividad forma parte de la amplia oferta tur\u00edstica y cultural que la entidad nayarita ha compartido durante el evento de negocios m\u00e1s importante del sector tur\u00edstico en M\u00e9xico. En este sentido, es importante se\u00f1alar que Nayarit ofrece a sus visitantes excelentes espacios, zonas y actividades culturales y artesanales como las galer\u00edas La Roca y Mar de Ensue\u00f1o en Sayulita, el Centro Cultural Sayulita\/San Pancho o el Museo Regional estatal en Tepic,<\/p>\n\n\n\n<p>Tambi\u00e9n est\u00e1n las zonas culturales como la de San Blas, donde su historia est\u00e1 ligada a su puerto y tradiciones marineras; y los pueblos originarios como El Nayar, repletos de arte ind\u00edgena wix\u00e1rika, rituales y tradiciones ancestrales. Adicionalmente, est\u00e1n los talleres donde se ense\u00f1a bordado, cer\u00e1mica o pintura, y las escuelas de arte en Tepic y municipios aleda\u00f1os.<\/p>\n\n\n\n<figure class=\"wp-block-gallery has-nested-images columns-default is-cropped wp-block-gallery-3 is-layout-flex wp-block-gallery-is-layout-flex\">\n<figure class=\"wp-block-image size-large\"><img decoding=\"async\" width=\"500\" height=\"333\" data-id=\"1147215\" src=\"https:\/\/dimensionturistica.com\/es\/wp-content\/uploads\/2026\/05\/2naya.jpg\" alt=\"\" class=\"wp-image-1147215\" srcset=\"https:\/\/dimensionturistica.com\/es\/wp-content\/uploads\/2026\/05\/2naya.jpg 500w, https:\/\/dimensionturistica.com\/es\/wp-content\/uploads\/2026\/05\/2naya-300x200.jpg 300w\" sizes=\"(max-width: 500px) 100vw, 500px\" \/><\/figure>\n<\/figure>\n\n\n\n<p>Toda esta oferta tur\u00edstica, cultural y artesanal que ofrece Nayarit, es una oportunidad \u00fanica para que los asistentes al Tianguis Tur\u00edstico 2026 y los habitantes de Acapulco conozcan m\u00e1s a fondo las comunidades que comparten su sabidur\u00eda, conocimiento y tradiciones durante esta hist\u00f3rica edici\u00f3n.<\/p>\n\n\n\n<p>Para m\u00e1s informaci\u00f3n visita: https:\/\/visitnayarit.travel\/<\/p>\n","protected":false},"excerpt":{"rendered":"<p>Nayarit sigue brillando en la edici\u00f3n n\u00famero 50 del Tianguis Tur\u00edstico en Acapulco, al compartir con los asistentes al evento, un pedazo de su cultura milenaria a trav\u00e9s de talleres gratuitos que son impartidos por sus reconocidos maestros artesanos. En estos espacios promovidos por la Secretar\u00eda de Turismo de Nayarit en coordinaci\u00f3n con la Secretar\u00eda [&hellip;]<\/p>\n","protected":false},"author":1,"featured_media":1147216,"comment_status":"open","ping_status":"closed","sticky":false,"template":"","format":"standard","meta":{"om_disable_all_campaigns":false,"jnews-multi-image_gallery":[],"jnews_single_post":[],"jnews_primary_category":[],"jnews_social_meta":[],"footnotes":""},"categories":[39],"tags":[],"class_list":["post-1147212","post","type-post","status-publish","format-standard","has-post-thumbnail","hentry","category-viajes"],"_links":{"self":[{"href":"https:\/\/dimensionturistica.com\/es\/wp-json\/wp\/v2\/posts\/1147212","targetHints":{"allow":["GET"]}}],"collection":[{"href":"https:\/\/dimensionturistica.com\/es\/wp-json\/wp\/v2\/posts"}],"about":[{"href":"https:\/\/dimensionturistica.com\/es\/wp-json\/wp\/v2\/types\/post"}],"author":[{"embeddable":true,"href":"https:\/\/dimensionturistica.com\/es\/wp-json\/wp\/v2\/users\/1"}],"replies":[{"embeddable":true,"href":"https:\/\/dimensionturistica.com\/es\/wp-json\/wp\/v2\/comments?post=1147212"}],"version-history":[{"count":1,"href":"https:\/\/dimensionturistica.com\/es\/wp-json\/wp\/v2\/posts\/1147212\/revisions"}],"predecessor-version":[{"id":1147217,"href":"https:\/\/dimensionturistica.com\/es\/wp-json\/wp\/v2\/posts\/1147212\/revisions\/1147217"}],"wp:featuredmedia":[{"embeddable":true,"href":"https:\/\/dimensionturistica.com\/es\/wp-json\/wp\/v2\/media\/1147216"}],"wp:attachment":[{"href":"https:\/\/dimensionturistica.com\/es\/wp-json\/wp\/v2\/media?parent=1147212"}],"wp:term":[{"taxonomy":"category","embeddable":true,"href":"https:\/\/dimensionturistica.com\/es\/wp-json\/wp\/v2\/categories?post=1147212"},{"taxonomy":"post_tag","embeddable":true,"href":"https:\/\/dimensionturistica.com\/es\/wp-json\/wp\/v2\/tags?post=1147212"}],"curies":[{"name":"wp","href":"https:\/\/api.w.org\/{rel}","templated":true}]}}