{"id":1147207,"date":"2026-05-01T14:21:56","date_gmt":"2026-05-01T14:21:56","guid":{"rendered":"https:\/\/dimensionturistica.com\/es\/?p=1147207"},"modified":"2026-05-01T14:21:56","modified_gmt":"2026-05-01T14:21:56","slug":"vips-presento-un-solo-corazon-por-la-ninez-iniciativa-con-la-que-brindara-alimento-a-mas-de-3-mil-ninas-y-ninos","status":"publish","type":"post","link":"https:\/\/dimensionturistica.com\/es\/vips-presento-un-solo-corazon-por-la-ninez-iniciativa-con-la-que-brindara-alimento-a-mas-de-3-mil-ninas-y-ninos\/","title":{"rendered":"Vips present\u00f3 \u201cUn solo Coraz\u00f3n por la ni\u00f1ez\u201d iniciativa con la que brindar\u00e1 alimento a m\u00e1s de 3 mil ni\u00f1as y ni\u00f1os"},"content":{"rendered":"\n<p>Vips, el restaurante familiar m\u00e1s grande de M\u00e9xico, anunci\u00f3 el inicio de \u201cUn solo coraz\u00f3n por la ni\u00f1ez\u201d, iniciativa con el que busca brindar alimento a ni\u00f1as y ni\u00f1os en situaci\u00f3n vulnerable a nivel nacional para celebrar el D\u00eda del Ni\u00f1o.<\/p>\n\n\n\n<p>De esta manera, la marca abrir\u00e1 sus puertas para consentir a m\u00e1s de 3 mil ni\u00f1as y ni\u00f1os en situaci\u00f3n vulnerable y sus familias, beneficiarios del Movimiento Va por Mi Cuenta, en 83 restaurantes de Vips a nivel nacional.<\/p>\n\n\n\n<p>El anuncio se realiz\u00f3 en el evento de presentaci\u00f3n de la iniciativa al que tambi\u00e9n asistieron Ivonne Madrid, Directora de Fundaci\u00f3n Alsea, A.C.; Mariana Jim\u00e9nez, Directora General de la Red BAMX; Jack Sourasky Olmos, Presidente de CANIRAC Ciudad de M\u00e9xico y Amanda Ch\u00e1vez, Directora Ejecutiva de Apertura de Negocios, Desarrollo Empresarial y Servicios Inmobiliarios de la Secretar\u00eda de Desarrollo Econ\u00f3mico de la Ciudad de M\u00e9xico.<\/p>\n\n\n\n<p>Esta acci\u00f3n ha sido posible gracias al trabajo conjunto con Fundaci\u00f3n Alsea, A.C., la Red de Bancos de Alimentos de M\u00e9xico y siete organizaciones aliadas: Fundaci\u00f3n Nutriendo para el Futuro, Proyecto Roberto, Christel House M\u00e9xico, Comedor Santa Mar\u00eda, Fundaci\u00f3n para la Asistencia Educativa, Fundaci\u00f3n John Langdon Down y Huellas de Pan.<\/p>\n\n\n\n<p>Sobre ello, Ivonne Madrid, Directora de Fundaci\u00f3n Alsea, A.C. y Mariana Jim\u00e9nez, Directora General de la Red BAMX, coincidieron en que este tipo de iniciativas permiten sumar voluntades para acercar alimento a ni\u00f1as y ni\u00f1os en situaci\u00f3n vulnerable, creando un impacto positivo que va m\u00e1s all\u00e1 de un plato de comida, al ser tambi\u00e9n una forma de fortalecer su bienestar, su desarrollo y su esperanza.<\/p>\n\n\n\n<p>Durante la jornada, los peque\u00f1os beneficiarios y sus familias disfrutar\u00e1n de una comida nutritiva, a la par que comparten espacios de convivencia que fortalecen la uni\u00f3n familiar, promueven la inclusi\u00f3n y generan experiencias positivas para su bienestar.<\/p>\n\n\n\n<figure class=\"wp-block-gallery has-nested-images columns-default is-cropped wp-block-gallery-1 is-layout-flex wp-block-gallery-is-layout-flex\">\n<figure class=\"wp-block-image size-large\"><img decoding=\"async\" width=\"500\" height=\"338\" data-id=\"1147208\" src=\"https:\/\/dimensionturistica.com\/es\/wp-content\/uploads\/2026\/05\/1VIPS.jpg\" alt=\"\" class=\"wp-image-1147208\" srcset=\"https:\/\/dimensionturistica.com\/es\/wp-content\/uploads\/2026\/05\/1VIPS.jpg 500w, https:\/\/dimensionturistica.com\/es\/wp-content\/uploads\/2026\/05\/1VIPS-300x203.jpg 300w\" sizes=\"(max-width: 500px) 100vw, 500px\" \/><\/figure>\n<\/figure>\n\n\n\n<p>Respecto a esto, Jaime V\u00e1squez, Director general de Vips indic\u00f3 \u201cLa iniciativa \u2018Un solo coraz\u00f3n por la ni\u00f1ez\u2019 va m\u00e1s all\u00e1 de una acci\u00f3n puntual. Refleja el compromiso que hemos construido con M\u00e9xico a lo largo de m\u00e1s de seis d\u00e9cadas, as\u00ed como la conexi\u00f3n y el arraigo que nos han permitido ser parte de la vida de millones de familias y convertirnos en el Coraz\u00f3n de M\u00e9xico, generando un impacto positivo en las comunidades donde estamos presentes\u201d.<\/p>\n\n\n\n<p>A nivel nacional, Vips es una marca que enaltece los sabores de la cocina tradicional mexicana, con platillos y experiencias que hacen sentir a sus invitados igual que en casa, y que, con el tiempo, se han convertido en aut\u00e9nticos Cl\u00e1sicos que forman parte de los recuerdos de millones de personas en sus m\u00e1s de 230 restaurantes en 50 ciudades del pa\u00eds.<\/p>\n\n\n\n<p>En este sentido, Jack Sourasky Olmos, Presidente de CANIRAC Ciudad de M\u00e9xico, otorg\u00f3 un reconocimiento a la marca por el impacto positivo que ha generado en la industria restaurantera del pa\u00eds a lo largo de su trayectoria y el compromiso permanente que ha mostrado con la transformaci\u00f3n social y el futuro de las nuevas generaciones a trav\u00e9s de este tipo de iniciativas.<\/p>\n\n\n\n<p>Por su parte, Amanda Ch\u00e1vez, Directora Ejecutiva de Apertura de Negocios, Desarrollo Empresarial y Servicios Inmobiliarios de la Secretar\u00eda de Desarrollo Econ\u00f3mico de la Ciudad de M\u00e9xico, insisti\u00f3 en que la colaboraci\u00f3n entre sector privado, gobierno y sociedad civil es fundamental para incidir en el desarrollo econ\u00f3mico y social de comunidades y del pa\u00eds.<\/p>\n\n\n\n<p>Desde hace m\u00e1s de 13 a\u00f1os, la marca apoya a\u00f1o con a\u00f1o al Movimiento Va por Mi Cuenta, iniciativa impulsada por Fundaci\u00f3n Alsea, A.C. que busca combatir la inseguridad alimentaria que padecen comunidades vulnerables en M\u00e9xico, a trav\u00e9s de su campa\u00f1a de recaudaci\u00f3n anual y durante todo el a\u00f1o con la venta de sus productos con causa: el pan dulce de Vips.<\/p>\n\n\n\n<p>Es as\u00ed como la iniciativa \u201cUn solo coraz\u00f3n por la ni\u00f1ez\u201d refuerza el compromiso de la marca con M\u00e9xico, al generar acciones que contribuyen al bienestar de las comunidades y fortalecen su v\u00ednculo con las familias mexicanas.<\/p>\n\n\n\n<p>#NosVemosEnVips<\/p>\n","protected":false},"excerpt":{"rendered":"<p>Vips, el restaurante familiar m\u00e1s grande de M\u00e9xico, anunci\u00f3 el inicio de \u201cUn solo coraz\u00f3n por la ni\u00f1ez\u201d, iniciativa con el que busca brindar alimento a ni\u00f1as y ni\u00f1os en situaci\u00f3n vulnerable a nivel nacional para celebrar el D\u00eda del Ni\u00f1o. De esta manera, la marca abrir\u00e1 sus puertas para consentir a m\u00e1s de 3 [&hellip;]<\/p>\n","protected":false},"author":1,"featured_media":1147209,"comment_status":"open","ping_status":"closed","sticky":false,"template":"","format":"standard","meta":{"om_disable_all_campaigns":false,"jnews-multi-image_gallery":[],"jnews_single_post":[],"jnews_primary_category":[],"jnews_social_meta":[],"footnotes":""},"categories":[43],"tags":[],"class_list":["post-1147207","post","type-post","status-publish","format-standard","has-post-thumbnail","hentry","category-gourmet"],"_links":{"self":[{"href":"https:\/\/dimensionturistica.com\/es\/wp-json\/wp\/v2\/posts\/1147207","targetHints":{"allow":["GET"]}}],"collection":[{"href":"https:\/\/dimensionturistica.com\/es\/wp-json\/wp\/v2\/posts"}],"about":[{"href":"https:\/\/dimensionturistica.com\/es\/wp-json\/wp\/v2\/types\/post"}],"author":[{"embeddable":true,"href":"https:\/\/dimensionturistica.com\/es\/wp-json\/wp\/v2\/users\/1"}],"replies":[{"embeddable":true,"href":"https:\/\/dimensionturistica.com\/es\/wp-json\/wp\/v2\/comments?post=1147207"}],"version-history":[{"count":1,"href":"https:\/\/dimensionturistica.com\/es\/wp-json\/wp\/v2\/posts\/1147207\/revisions"}],"predecessor-version":[{"id":1147210,"href":"https:\/\/dimensionturistica.com\/es\/wp-json\/wp\/v2\/posts\/1147207\/revisions\/1147210"}],"wp:featuredmedia":[{"embeddable":true,"href":"https:\/\/dimensionturistica.com\/es\/wp-json\/wp\/v2\/media\/1147209"}],"wp:attachment":[{"href":"https:\/\/dimensionturistica.com\/es\/wp-json\/wp\/v2\/media?parent=1147207"}],"wp:term":[{"taxonomy":"category","embeddable":true,"href":"https:\/\/dimensionturistica.com\/es\/wp-json\/wp\/v2\/categories?post=1147207"},{"taxonomy":"post_tag","embeddable":true,"href":"https:\/\/dimensionturistica.com\/es\/wp-json\/wp\/v2\/tags?post=1147207"}],"curies":[{"name":"wp","href":"https:\/\/api.w.org\/{rel}","templated":true}]}}