{"id":1147200,"date":"2026-05-01T14:06:14","date_gmt":"2026-05-01T14:06:14","guid":{"rendered":"https:\/\/dimensionturistica.com\/es\/?p=1147200"},"modified":"2026-05-01T14:06:14","modified_gmt":"2026-05-01T14:06:14","slug":"kate-middleton-aprueba-la-combinacion-de-colores-mas-elegante-para-el-verano","status":"publish","type":"post","link":"https:\/\/dimensionturistica.com\/es\/kate-middleton-aprueba-la-combinacion-de-colores-mas-elegante-para-el-verano\/","title":{"rendered":"Kate Middleton Aprueba la Combinaci\u00f3n de Colores M\u00e1s Elegante para el Verano"},"content":{"rendered":"<h3>La Revitalizaci\u00f3n del Estilo: La Combinaci\u00f3n de Colores que Marca Tendencia Este Verano<\/h3>\n<p>El verano es la temporada perfecta para experimentar con estilos audaces y combinaciones de colores vibrantes. Este a\u00f1o, una elecci\u00f3n de tonalidades ha cobrado especial relevancia en el armario de figuras ic\u00f3nicas como Kate Middleton, quien ha demostrado que el arte de combinar colores es esencial para destacar en cualquier ocasi\u00f3n.<\/p>\n<p>Una de las paletas m\u00e1s llamativas que ha captado la atenci\u00f3n de los amantes de la moda es la fusi\u00f3n entre el azul y el blanco. Esta combinaci\u00f3n, refrescante y atemporal, ofrece un contraste elegante y vers\u00e1til que fascina en cualquier contexto, desde eventos formales hasta salidas informales.<\/p>\n<h4>La Influencia del Azul en el Verano<\/h4>\n<p>El azul, a menudo asociado con la tranquilidad del oc\u00e9ano, evoca una sensaci\u00f3n de serenidad y frescura ideal para los d\u00edas soleados. En su tonalidad m\u00e1s clara, el azul se convierte en un aliado perfecto para las temperaturas veraniegas, proporcionando un aire relajado y sofisticado. Del mismo modo, los tonos m\u00e1s oscuros pueden aportar un toque de profundidad, creando un efecto visual impresionante.<\/p>\n<h4>La Pureza del Blanco<\/h4>\n<p>El blanco, s\u00edmbolo de pureza y elegancia, complementa de manera ideal el vibrante azul. Esta combinaci\u00f3n no solo resalta la luminosidad de cada tonalidad, sino que adem\u00e1s ofrece una paleta que se adapta a todos los tipos de piel. La versatilidad del blanco permite una amplia gama de opciones, desde prendas cl\u00e1sicas hasta estilos m\u00e1s contempor\u00e1neos, garantizando que cada look sea \u00fanico.<\/p>\n<h4>Prendas y Accesorios que Potencian la Combinaci\u00f3n<\/h4>\n<p>\u00bfQuieres destacar esta temporada? Apuesta por vestidos fluidos en azul claro, combinados con elegantes accesorios en blanco. Un cintur\u00f3n, un bolso o unas sandalias en este \u00faltimo color pueden transformar un atuendo sencillo en una declaraci\u00f3n de moda impactante. Alternativamente, optar por un conjunto en tonos azules, acompa\u00f1ado de una capa blanca, amplificar\u00e1 el efecto visual, ideal para capturar miradas y generar admiraci\u00f3n.<\/p>\n<h4>La Importancia del Ajuste y los Detalles<\/h4>\n<p>No se puede sobrevalorar la importancia del ajuste y los detalles en cualquier combinaci\u00f3n de colores. El corte de una prenda puede elevarla a un nivel completamente nuevo. Busca siluetas que se adapten a tu cuerpo y considera la inclusi\u00f3n de texturas, como encajes o bordados, que puedan a\u00f1adir un toque distintivo a tu atuendo.<\/p>\n<h4>Insp\u00edrate y Experimenta<\/h4>\n<p>Quienes buscan destacar su estilo personal ser\u00e1n beneficiados por la tendencia del verano. La clave est\u00e1 en inspirarse y experimentar con diferentes matices del azul y el blanco. Con la presencia de estas tonalidades en el panorama de la moda actual, la creatividad se convierte en un componente crucial para la expresi\u00f3n individual.<\/p>\n<p>La combinaci\u00f3n de azul y blanco no solo tiene ra\u00edces hist\u00f3ricas en el mundo de la moda, sino que tambi\u00e9n se vuelve un s\u00edmbolo de frescura y simplicidad. Este verano, no dudes en incorporar estas tonalidades en tu guardarropa. La tendencia est\u00e1 aqu\u00ed para quedarse, y la posibilidad de ser parte de ella es tuya. \u00a1Atr\u00e9vete a brillar con estilo!<\/p>\n<p><em> &#8221; Fuentes www.vogue.com &#8221; <\/em><\/p>\n","protected":false},"excerpt":{"rendered":"<p>La Revitalizaci\u00f3n del Estilo: La Combinaci\u00f3n de Colores que Marca Tendencia Este Verano El verano es la temporada perfecta para experimentar con estilos audaces y combinaciones de colores vibrantes. Este a\u00f1o, una elecci\u00f3n de tonalidades ha cobrado especial relevancia en el armario de figuras ic\u00f3nicas como Kate Middleton, quien ha demostrado que el arte de [&hellip;]<\/p>\n","protected":false},"author":14,"featured_media":1147201,"comment_status":"open","ping_status":"closed","sticky":false,"template":"","format":"standard","meta":{"om_disable_all_campaigns":false,"jnews-multi-image_gallery":[],"jnews_single_post":[],"jnews_primary_category":[],"jnews_social_meta":[],"footnotes":""},"categories":[144872],"tags":[198487,220115,266900,207303,11000,186482,200418,200346],"class_list":["post-1147200","post","type-post","status-publish","format-standard","has-post-thumbnail","hentry","category-fashion","tag-celebrity-style","tag-color-combinations","tag-color-pairing","tag-fashion-news","tag-kate-middleton","tag-royals","tag-style-trends","tag-summer-fashion"],"_links":{"self":[{"href":"https:\/\/dimensionturistica.com\/es\/wp-json\/wp\/v2\/posts\/1147200","targetHints":{"allow":["GET"]}}],"collection":[{"href":"https:\/\/dimensionturistica.com\/es\/wp-json\/wp\/v2\/posts"}],"about":[{"href":"https:\/\/dimensionturistica.com\/es\/wp-json\/wp\/v2\/types\/post"}],"author":[{"embeddable":true,"href":"https:\/\/dimensionturistica.com\/es\/wp-json\/wp\/v2\/users\/14"}],"replies":[{"embeddable":true,"href":"https:\/\/dimensionturistica.com\/es\/wp-json\/wp\/v2\/comments?post=1147200"}],"version-history":[{"count":1,"href":"https:\/\/dimensionturistica.com\/es\/wp-json\/wp\/v2\/posts\/1147200\/revisions"}],"predecessor-version":[{"id":1147202,"href":"https:\/\/dimensionturistica.com\/es\/wp-json\/wp\/v2\/posts\/1147200\/revisions\/1147202"}],"wp:featuredmedia":[{"embeddable":true,"href":"https:\/\/dimensionturistica.com\/es\/wp-json\/wp\/v2\/media\/1147201"}],"wp:attachment":[{"href":"https:\/\/dimensionturistica.com\/es\/wp-json\/wp\/v2\/media?parent=1147200"}],"wp:term":[{"taxonomy":"category","embeddable":true,"href":"https:\/\/dimensionturistica.com\/es\/wp-json\/wp\/v2\/categories?post=1147200"},{"taxonomy":"post_tag","embeddable":true,"href":"https:\/\/dimensionturistica.com\/es\/wp-json\/wp\/v2\/tags?post=1147200"}],"curies":[{"name":"wp","href":"https:\/\/api.w.org\/{rel}","templated":true}]}}