{"id":1147167,"date":"2026-05-01T11:56:09","date_gmt":"2026-05-01T11:56:09","guid":{"rendered":"https:\/\/dimensionturistica.com\/es\/?p=1147167"},"modified":"2026-05-01T11:56:09","modified_gmt":"2026-05-01T11:56:09","slug":"el-cabildo-inicia-el-periodo-de-pago-para-los-viajes-culturales-destinados-a-personas-con-discapacidad","status":"publish","type":"post","link":"https:\/\/dimensionturistica.com\/es\/el-cabildo-inicia-el-periodo-de-pago-para-los-viajes-culturales-destinados-a-personas-con-discapacidad\/","title":{"rendered":"El Cabildo inicia el per\u00edodo de pago para los viajes culturales destinados a personas con discapacidad."},"content":{"rendered":"<h3>Un Viaje para Todos: Oportunidades de Turismo Inclusivo en La Gomera<\/h3>\n<p>La Gomera, una joya del archipi\u00e9lago canario, se prepara para abrir sus puertas a viajeros con discapacidad a trav\u00e9s de un programa de viajes socioculturales que busca promover la inclusi\u00f3n y la accesibilidad en el turismo. Esta iniciativa, impulsada por el Cabildo Insular, permitir\u00e1 a las personas con discapacidad disfrutar de experiencias \u00fanicas en un entorno natural extraordinario.<\/p>\n<h4>Un Paseo por la Naturaleza y la Cultura<\/h4>\n<p>La oferta de estos viajes va m\u00e1s all\u00e1 de lo recreativo. La Gomera cuenta con paisajes espectaculares, desde sus monta\u00f1as escarpadas hasta sus valles verdes y exuberantes. Los itinerarios est\u00e1n dise\u00f1ados para que todos los participantes, sin excepci\u00f3n, puedan disfrutar de las maravillas que la isla tiene para ofrecer. Esto incluye visitas a parques naturales, rutas de senderismo adaptadas y oportunidades para conocer la rica cultura local, destacando la tradici\u00f3n del silbo gomero, una forma de comunicaci\u00f3n ancestral.<\/p>\n<h4>Un Proceso de Inscripci\u00f3n Simplificado<\/h4>\n<p>El proceso de inscripci\u00f3n es accesible y sencillo. A partir de ahora, los interesados pueden gestionar su participaci\u00f3n de manera f\u00e1cil, lo que muestra un compromiso por parte del Cabildo en hacer que las experiencias tur\u00edsticas sean inclusivas. Este enfoque no solo permite que las personas con discapacidad disfruten, sino que tambi\u00e9n fomentar\u00e1 un sentido de comunidad y conexi\u00f3n entre los participantes. <\/p>\n<h4>Promoviendo el Turismo Responsable<\/h4>\n<p>Adem\u00e1s de abrir la puerta a un turismo m\u00e1s inclusivo, esta iniciativa tambi\u00e9n promueve un modelo de turismo responsable y sostenible. Fomentar la inclusi\u00f3n en los viajes ecotur\u00edsticos beneficia no s\u00f3lo a los visitantes, sino tambi\u00e9n a la comunidad local. Al involucrar a personas con discapacidad en estas actividades, se crea una mayor conciencia sobre la importancia de un turismo accesible y se impulsa la econom\u00eda local de una manera saludable y respetuosa.<\/p>\n<h4>M\u00e1s All\u00e1 de La Gomera<\/h4>\n<p>Este programa tiene el potencial de inspirar iniciativas similares en otras regiones, demostrando que el turismo inclusivo no solo es posible, sino necesario. Las barreras deben ser derribadas, y la experiencia de La Gomera puede ser un modelo a seguir para otros destinos que buscan ofrecer a todos la oportunidad de explorar, disfrutar y conectar con la naturaleza y la cultura.<\/p>\n<h3>La Puerta se Abre<\/h3>\n<p>El anuncio del Cabildo marca un hito en la caminata hacia un turismo m\u00e1s inclusivo en La Gomera. Con un paisaje inigualable y un profundo compromiso por parte de las autoridades locales, el futuro del turismo en la isla parece m\u00e1s prometedor que nunca. A medida que se desarrollan estos viajes socioculturales, no solo se est\u00e1n creando recuerdos imborrables, sino que tambi\u00e9n se est\u00e1 construyendo un camino hacia una sociedad m\u00e1s inclusiva y acogedora.<\/p>\n<p>As\u00ed que, si buscas un destino que combine belleza natural, cultura rica y un enfoque en la inclusi\u00f3n, La Gomera te espera con los brazos abiertos. \u00a1No te pierdas la oportunidad de ser parte de esta experiencia transformadora!<\/p>\n<p><em> &#8221; Fuentes gomeraverde.es &#8221; <\/em><\/p>\n","protected":false},"excerpt":{"rendered":"<p>Un Viaje para Todos: Oportunidades de Turismo Inclusivo en La Gomera La Gomera, una joya del archipi\u00e9lago canario, se prepara para abrir sus puertas a viajeros con discapacidad a trav\u00e9s de un programa de viajes socioculturales que busca promover la inclusi\u00f3n y la accesibilidad en el turismo. Esta iniciativa, impulsada por el Cabildo Insular, permitir\u00e1 [&hellip;]<\/p>\n","protected":false},"author":4,"featured_media":1147168,"comment_status":"open","ping_status":"closed","sticky":false,"template":"","format":"standard","meta":{"om_disable_all_campaigns":false,"jnews-multi-image_gallery":[],"jnews_single_post":[],"jnews_primary_category":[],"jnews_social_meta":[],"footnotes":""},"categories":[39],"tags":[11324,1483,55858,3240,708,8956,71927,55857,3359,48259,48258,12850,55856,55855,705,3012,20983,48263,277807],"class_list":["post-1147167","post","type-post","status-publish","format-standard","has-post-thumbnail","hentry","category-viajes","tag-accesibilidad","tag-canarias","tag-chacaras","tag-comunidad","tag-deportes","tag-discapacidad","tag-el-cabildo","tag-esquelas","tag-folklore","tag-gomera-verde","tag-gomeraverde","tag-inclusion","tag-lagomera","tag-necrologicas","tag-noticias","tag-pago","tag-servicio-social","tag-silbo","tag-viajes-socioculturales"],"_links":{"self":[{"href":"https:\/\/dimensionturistica.com\/es\/wp-json\/wp\/v2\/posts\/1147167","targetHints":{"allow":["GET"]}}],"collection":[{"href":"https:\/\/dimensionturistica.com\/es\/wp-json\/wp\/v2\/posts"}],"about":[{"href":"https:\/\/dimensionturistica.com\/es\/wp-json\/wp\/v2\/types\/post"}],"author":[{"embeddable":true,"href":"https:\/\/dimensionturistica.com\/es\/wp-json\/wp\/v2\/users\/4"}],"replies":[{"embeddable":true,"href":"https:\/\/dimensionturistica.com\/es\/wp-json\/wp\/v2\/comments?post=1147167"}],"version-history":[{"count":1,"href":"https:\/\/dimensionturistica.com\/es\/wp-json\/wp\/v2\/posts\/1147167\/revisions"}],"predecessor-version":[{"id":1147169,"href":"https:\/\/dimensionturistica.com\/es\/wp-json\/wp\/v2\/posts\/1147167\/revisions\/1147169"}],"wp:featuredmedia":[{"embeddable":true,"href":"https:\/\/dimensionturistica.com\/es\/wp-json\/wp\/v2\/media\/1147168"}],"wp:attachment":[{"href":"https:\/\/dimensionturistica.com\/es\/wp-json\/wp\/v2\/media?parent=1147167"}],"wp:term":[{"taxonomy":"category","embeddable":true,"href":"https:\/\/dimensionturistica.com\/es\/wp-json\/wp\/v2\/categories?post=1147167"},{"taxonomy":"post_tag","embeddable":true,"href":"https:\/\/dimensionturistica.com\/es\/wp-json\/wp\/v2\/tags?post=1147167"}],"curies":[{"name":"wp","href":"https:\/\/api.w.org\/{rel}","templated":true}]}}