{"id":1147164,"date":"2026-05-01T11:33:00","date_gmt":"2026-05-01T11:33:00","guid":{"rendered":"https:\/\/dimensionturistica.com\/es\/?p=1147164"},"modified":"2026-05-01T11:33:00","modified_gmt":"2026-05-01T11:33:00","slug":"los-9-mejores-tratamientos-de-proteina-para-fortalecer-y-dar-brillo-a-tu-cabello","status":"publish","type":"post","link":"https:\/\/dimensionturistica.com\/es\/los-9-mejores-tratamientos-de-proteina-para-fortalecer-y-dar-brillo-a-tu-cabello\/","title":{"rendered":"Los 9 Mejores Tratamientos de Prote\u00edna para Fortalecer y Dar Brillo a tu Cabello"},"content":{"rendered":"<h3>El Secreto para un Cabello Resistente: C\u00f3mo los Tratamientos de Prote\u00edna Transforman tu Melena<\/h3>\n<p>En el mundo de la belleza, el cabello es uno de los principales protagonistas, y su salud es fundamental para mantener un estilo de vida chic y moderno. La b\u00fasqueda del cabello perfecto ha llevado a la popularidad de los tratamientos de prote\u00edna, una soluci\u00f3n que promete fortalecer y revivir incluso las melenas m\u00e1s da\u00f1adas. Si te preguntas c\u00f3mo estos tratamientos pueden convertir tu rutina de cuidado capilar en un verdadero ritual de belleza, te invitamos a descubrirlo.<\/p>\n<h4>\u00bfPor qu\u00e9 las Prote\u00ednas son Clave?<\/h4>\n<p>Las prote\u00ednas son esenciales para la estructura del cabello. Act\u00faan como los bloques de construcci\u00f3n que reparan y revitalizan cada hebra. Al usarlas de manera regular, se puede mejorar la elasticidad, minimizando la posibilidad de quiebre y da\u00f1es. Sin embargo, la elecci\u00f3n del tratamiento adecuado es fundamental.<\/p>\n<h4>Los Mejores Tratamientos de Prote\u00ednas<\/h4>\n<ol>\n<li>\n<p><strong>Mascarillas Intensivas<\/strong>: Estas f\u00f3rmulas ricas en prote\u00ednas son ideales para el cabello da\u00f1ado. Nutren en profundidad, penetrando la fibra capilar y ofreciendo una reparaci\u00f3n visible tras solo unas pocas aplicaciones.<\/p>\n<\/li>\n<li>\n<p><strong>S\u00e9rums Reconstruidores<\/strong>: Los s\u00e9rums con prote\u00ednas son perfectos para integrar en la rutina diaria. Aplica unas gotas sobre el cabello h\u00famedo para proporcionar una capa de protecci\u00f3n mientras se estiliza.<\/p>\n<\/li>\n<li>\n<p><strong>Acondicionadores Fortificantes<\/strong>: Estos productos dejan el cabello suave y manejable, fortaleciendo cada hebra y, al mismo tiempo, aportando hidrataci\u00f3n esencial.<\/p>\n<\/li>\n<\/ol>\n<h4>Ingredientes Estrella a Buscar<\/h4>\n<p>Cuando elijas un tratamiento de prote\u00edna, aseg\u00farate de que contenga ingredientes estrella como:<\/p>\n<ul>\n<li><strong>Queratina<\/strong>: Un componente clave que repara el da\u00f1o y revitaliza el cabello.<\/li>\n<li><strong>Col\u00e1geno<\/strong>: Ayuda a mantener la elasticidad y fuerza en cada hebra, promoviendo un cabello brillante y sano.<\/li>\n<li><strong>Prote\u00ednas Hidrolizadas<\/strong>: M\u00e1s ligeras y f\u00e1cilmente absorbidas, refuerzan el cabello sin dejar residuo.<\/li>\n<\/ul>\n<h4>\u00bfCon qu\u00e9 Frecuencia Usar Tratamientos de Prote\u00ednas?<\/h4>\n<p>La frecuencia de uso depende del estado de tu cabello. Para melenas severamente da\u00f1adas, una aplicaci\u00f3n semanal puede ser ideal. Si tu cabello est\u00e1 en mejor estado, una vez al mes podr\u00eda ser suficiente. Escucha a tu cabello y ajusta tu rutina seg\u00fan sus necesidades.<\/p>\n<h4>Consejos para Maximizar Resultados<\/h4>\n<ul>\n<li><strong>No sobrecargar de producto<\/strong>: A veces, menos es m\u00e1s. Aplicar en exceso puede llevar a una acumulaci\u00f3n de producto que podr\u00eda resultar contraproducente.<\/li>\n<li><strong>Complementa con Hidrataci\u00f3n<\/strong>: Aseg\u00farate de equilibrar los tratamientos de prote\u00ednas con productos hidratantes. La combinaci\u00f3n es clave para mantener un equilibrio saludable.<\/li>\n<li><strong>Calor Moderado<\/strong>: Utiliza calor de manera controlada. Esto puede ayudar a abrir las cut\u00edculas del cabello y permitir que los tratamientos penetren mejor.<\/li>\n<\/ul>\n<h4>Conclusi\u00f3n<\/h4>\n<p>Invertir en tratamientos de prote\u00edna es sin duda una decisi\u00f3n inteligente para cualquier amante de la moda que desee lucir un cabello radiante y saludable. Al seleccionar los productos adecuados y utilizarlos correctamente, es posible transformar tu melena y lograr un look que no solo destaque, sino que tambi\u00e9n refleje una atenci\u00f3n especial hacia su cuidado. Con el \u00e9nfasis en la calidad y los ingredientes, los resultados que se pueden alcanzar son simplemente impresionantes. \u00a1D\u00e9jate seducir por el poder de las prote\u00ednas y desata todo el potencial de tu cabello!<\/p>\n<p><em> &#8221; Fuentes www.vogue.com &#8221; <\/em><\/p>\n","protected":false},"excerpt":{"rendered":"<p>El Secreto para un Cabello Resistente: C\u00f3mo los Tratamientos de Prote\u00edna Transforman tu Melena En el mundo de la belleza, el cabello es uno de los principales protagonistas, y su salud es fundamental para mantener un estilo de vida chic y moderno. La b\u00fasqueda del cabello perfecto ha llevado a la popularidad de los tratamientos [&hellip;]<\/p>\n","protected":false},"author":14,"featured_media":1147165,"comment_status":"open","ping_status":"closed","sticky":false,"template":"","format":"standard","meta":{"om_disable_all_campaigns":false,"jnews-multi-image_gallery":[],"jnews_single_post":[],"jnews_primary_category":[],"jnews_social_meta":[],"footnotes":""},"categories":[144872],"tags":[136391,124349,208499,240729,240728,277806,124348,240727,217989,202,205194],"class_list":["post-1147164","post","type-post","status-publish","format-standard","has-post-thumbnail","hentry","category-fashion","tag-beauty-tips","tag-hair-care","tag-hair-products","tag-hair-shine","tag-hair-strength","tag-hair-therapy","tag-healthy-hair","tag-protein-treatments","tag-shinier-hair","tag-shopping","tag-stronger-hair"],"_links":{"self":[{"href":"https:\/\/dimensionturistica.com\/es\/wp-json\/wp\/v2\/posts\/1147164","targetHints":{"allow":["GET"]}}],"collection":[{"href":"https:\/\/dimensionturistica.com\/es\/wp-json\/wp\/v2\/posts"}],"about":[{"href":"https:\/\/dimensionturistica.com\/es\/wp-json\/wp\/v2\/types\/post"}],"author":[{"embeddable":true,"href":"https:\/\/dimensionturistica.com\/es\/wp-json\/wp\/v2\/users\/14"}],"replies":[{"embeddable":true,"href":"https:\/\/dimensionturistica.com\/es\/wp-json\/wp\/v2\/comments?post=1147164"}],"version-history":[{"count":1,"href":"https:\/\/dimensionturistica.com\/es\/wp-json\/wp\/v2\/posts\/1147164\/revisions"}],"predecessor-version":[{"id":1147166,"href":"https:\/\/dimensionturistica.com\/es\/wp-json\/wp\/v2\/posts\/1147164\/revisions\/1147166"}],"wp:featuredmedia":[{"embeddable":true,"href":"https:\/\/dimensionturistica.com\/es\/wp-json\/wp\/v2\/media\/1147165"}],"wp:attachment":[{"href":"https:\/\/dimensionturistica.com\/es\/wp-json\/wp\/v2\/media?parent=1147164"}],"wp:term":[{"taxonomy":"category","embeddable":true,"href":"https:\/\/dimensionturistica.com\/es\/wp-json\/wp\/v2\/categories?post=1147164"},{"taxonomy":"post_tag","embeddable":true,"href":"https:\/\/dimensionturistica.com\/es\/wp-json\/wp\/v2\/tags?post=1147164"}],"curies":[{"name":"wp","href":"https:\/\/api.w.org\/{rel}","templated":true}]}}