{"id":1147129,"date":"2026-05-01T08:59:04","date_gmt":"2026-05-01T08:59:04","guid":{"rendered":"https:\/\/dimensionturistica.com\/es\/?p=1147129"},"modified":"2026-05-01T08:59:04","modified_gmt":"2026-05-01T08:59:04","slug":"hannah-traore-nos-lleva-a-su-dormitorio-en-brooklyn-convertido-en-armario","status":"publish","type":"post","link":"https:\/\/dimensionturistica.com\/es\/hannah-traore-nos-lleva-a-su-dormitorio-en-brooklyn-convertido-en-armario\/","title":{"rendered":"Hannah Traore Nos Lleva a Su Dormitorio en Brooklyn Convertido en Armario"},"content":{"rendered":"<h3>La Evoluci\u00f3n del Estilo: La Historia de Hannah Traore<\/h3>\n<p>En un mundo de la moda que a menudo est\u00e1 marcado por est\u00e1ndares inalcanzables, la historia de Hannah Traore se presenta como un poderoso recordatorio de la autenticidad. Esta joven dise\u00f1adora ha captado la atenci\u00f3n de la industria al celebrar su herencia y la diversidad a trav\u00e9s de su singular enfoque en el dise\u00f1o de ropa.<\/p>\n<h4>Un Viaje de Inspiraci\u00f3n<\/h4>\n<p>Hannah creci\u00f3 en el seno de una familia que valoraba la moda como un medio de expresi\u00f3n cultural. Desde su infancia en Nueva York, la influencia de su madre, quien a menudo elaboraba prendas \u00fanicas, dej\u00f3 una huella imborrable. Este ambiente art\u00edstico no solo foment\u00f3 su creatividad, sino que tambi\u00e9n le permiti\u00f3 comprender el poder de la moda como veh\u00edculo de narraci\u00f3n.<\/p>\n<h4>La Conexi\u00f3n con la Cultura<\/h4>\n<p>A trav\u00e9s de su trabajo, Hannah no se limita a la mera est\u00e9tica; su enfoque est\u00e1 profundamente arraigado en sus ra\u00edces africanas. Emplea textiles y motivos que cuentan historias de su herencia, transformando cada pieza en un homenaje a su identidad cultural. Este aspecto es fundamental en su colecci\u00f3n, que desaf\u00eda los clich\u00e9s y se presenta como un puente entre distintas tradiciones.<\/p>\n<h4>Innovaci\u00f3n y Funcionalidad<\/h4>\n<p>La dise\u00f1adora se distingue por su capacidad de fusionar la tradici\u00f3n con la modernidad. Las prendas que crea son no solo visualmente impactantes, sino tambi\u00e9n funcionales. Este enfoque pr\u00e1ctico permite que la moda sea accesible a un p\u00fablico amplio, promoviendo la idea de que cada individuo puede encontrar su estilo personal sin sacrificar la comodidad.<\/p>\n<h4>Sostenibilidad en el Dise\u00f1o<\/h4>\n<p>En una \u00e9poca en la que la sostenibilidad es una preocupaci\u00f3n predominante en el \u00e1mbito de la moda, Hannah adopta una postura proactiva. Su compromiso con pr\u00e1cticas responsables se refleja en la selecci\u00f3n de materiales y en la producci\u00f3n consciente, lo que la coloca a la vanguardia de un movimiento que aboga por un cambio necesario en la industria.<\/p>\n<h4>El Mensaje de Inclusividad<\/h4>\n<p>La propuesta de Tiaro es clara: la moda deber\u00eda ser inclusiva y celebrar la diversidad. En un momento donde la representaci\u00f3n es esencial, las colecciones de Hannah abogan por visibilizar y dar voz a distintas culturas y formas de belleza. Esto convierte a sus dise\u00f1os en un espacio seguro donde todos pueden verse reflejados y valorados.<\/p>\n<h4>Un Futuro Brillante<\/h4>\n<p>Con una visi\u00f3n que trasciende lo convencional, Hannah Traore se perfila como una de las voces m\u00e1s prometedoras de la moda actual. Su trabajo no solo inspira a trav\u00e9s de sus dise\u00f1os, sino que tambi\u00e9n invita a todos a reflexionar sobre el significado de la moda en un contexto m\u00e1s amplio. En un mundo que anhela innovaci\u00f3n y autenticidad, historias como la de Hannah son imprescindibles y tienen el poder de marcar la diferencia.<\/p>\n<p>A medida que su trayectoria contin\u00faa desarroll\u00e1ndose, es evidente que la moda, bajo la lente de Hannah Traore, se convierte en un espacio de transformaci\u00f3n y celebraci\u00f3n, donde cada prenda es un testimonio de historia, cultura y, sobre todo, identidad. Sin duda, su impacto marcar\u00e1 el camino hacia una nueva era en el dise\u00f1o de moda.<\/p>\n<p><em> &#8221; Fuentes www.vogue.com &#8221; <\/em><\/p>\n","protected":false},"excerpt":{"rendered":"<p>La Evoluci\u00f3n del Estilo: La Historia de Hannah Traore En un mundo de la moda que a menudo est\u00e1 marcado por est\u00e1ndares inalcanzables, la historia de Hannah Traore se presenta como un poderoso recordatorio de la autenticidad. Esta joven dise\u00f1adora ha captado la atenci\u00f3n de la industria al celebrar su herencia y la diversidad a [&hellip;]<\/p>\n","protected":false},"author":14,"featured_media":1147130,"comment_status":"open","ping_status":"closed","sticky":false,"template":"","format":"standard","meta":{"om_disable_all_campaigns":false,"jnews-multi-image_gallery":[],"jnews_single_post":[],"jnews_primary_category":[],"jnews_social_meta":[],"footnotes":""},"categories":[144872],"tags":[214796,27607,240378,166,239057,277796,74450,72700,71493,142911,217323,7930,373],"class_list":["post-1147129","post","type-post","status-publish","format-standard","has-post-thumbnail","hentry","category-fashion","tag-bedroom","tag-brooklyn","tag-closet","tag-fashion","tag-gallerist","tag-hannah-traore","tag-home-decor","tag-interior-design","tag-personalization","tag-splitscreenimageleftinset","tag-storytypeinterview","tag-tour","tag-web"],"_links":{"self":[{"href":"https:\/\/dimensionturistica.com\/es\/wp-json\/wp\/v2\/posts\/1147129","targetHints":{"allow":["GET"]}}],"collection":[{"href":"https:\/\/dimensionturistica.com\/es\/wp-json\/wp\/v2\/posts"}],"about":[{"href":"https:\/\/dimensionturistica.com\/es\/wp-json\/wp\/v2\/types\/post"}],"author":[{"embeddable":true,"href":"https:\/\/dimensionturistica.com\/es\/wp-json\/wp\/v2\/users\/14"}],"replies":[{"embeddable":true,"href":"https:\/\/dimensionturistica.com\/es\/wp-json\/wp\/v2\/comments?post=1147129"}],"version-history":[{"count":1,"href":"https:\/\/dimensionturistica.com\/es\/wp-json\/wp\/v2\/posts\/1147129\/revisions"}],"predecessor-version":[{"id":1147131,"href":"https:\/\/dimensionturistica.com\/es\/wp-json\/wp\/v2\/posts\/1147129\/revisions\/1147131"}],"wp:featuredmedia":[{"embeddable":true,"href":"https:\/\/dimensionturistica.com\/es\/wp-json\/wp\/v2\/media\/1147130"}],"wp:attachment":[{"href":"https:\/\/dimensionturistica.com\/es\/wp-json\/wp\/v2\/media?parent=1147129"}],"wp:term":[{"taxonomy":"category","embeddable":true,"href":"https:\/\/dimensionturistica.com\/es\/wp-json\/wp\/v2\/categories?post=1147129"},{"taxonomy":"post_tag","embeddable":true,"href":"https:\/\/dimensionturistica.com\/es\/wp-json\/wp\/v2\/tags?post=1147129"}],"curies":[{"name":"wp","href":"https:\/\/api.w.org\/{rel}","templated":true}]}}