{"id":1147093,"date":"2026-05-01T06:30:10","date_gmt":"2026-05-01T06:30:10","guid":{"rendered":"https:\/\/dimensionturistica.com\/es\/?p=1147093"},"modified":"2026-05-01T06:30:10","modified_gmt":"2026-05-01T06:30:10","slug":"rio-negro-lanzo-en-rosario-su-programa-de-invierno-2026-con-una-oferta-completa","status":"publish","type":"post","link":"https:\/\/dimensionturistica.com\/es\/rio-negro-lanzo-en-rosario-su-programa-de-invierno-2026-con-una-oferta-completa\/","title":{"rendered":"R\u00edo Negro lanz\u00f3 en Rosario su Programa de Invierno 2026 con una oferta completa."},"content":{"rendered":"<h3>Descubre las Maravillas de la Temporada Invernal en R\u00edo Negro<\/h3>\n<p>Con la llegada del invierno, la provincia de R\u00edo Negro se prepara para recibir a turistas de todo el pa\u00eds y del extranjero con una oferta inigualable que promete convertir cada visita en una experiencia inolvidable. En un emotivo evento llevado a cabo en Rosario, se presentaron las novedades y propuestas para la temporada invernal 2026, enfoc\u00e1ndose en los atractivos que hacen de esta regi\u00f3n un destino privilegiado para los amantes de la naturaleza y la aventura.<\/p>\n<h4>Un Destino Multifac\u00e9tico<\/h4>\n<p>R\u00edo Negro no solo es conocido por sus impresionantes paisajes monta\u00f1osos y lagos cristalinos, sino que tambi\u00e9n destaca por su autonom\u00eda para ofrecer actividades que van m\u00e1s all\u00e1 de lo convencional. Desde esqu\u00ed y snowboard en las monta\u00f1as de Cerro Catedral hasta tranquilos paseos en raquetas de nieve por los bosques nevados, cada visitante puede encontrar la forma perfecta de disfrutar de la temporada.<\/p>\n<h4>Propuestas Adaptadas a Todos los Gustos<\/h4>\n<p>Uno de los mayores atractivos de esta temporada invernal son las diversas propuestas que se han dise\u00f1ado para satisfacer las necesidades de cada tipo de viajero. Las familias encontrar\u00e1n un sinf\u00edn de actividades recreativas, mientras que los viajeros aventureros podr\u00e1n optar por rutas de trekking en paisajes nevados, deslizarse en trineos tirados por perros o disfrutar de paseos en moto de nieve por senderos remotos.<\/p>\n<h4>Gastronom\u00eda de Monta\u00f1a<\/h4>\n<p>Adem\u00e1s de las actividades al aire libre, R\u00edo Negro tambi\u00e9n se enriquece con su oferta gastron\u00f3mica, que invita a deleitarse con platos locales a base de ingredientes frescos y tradicionales. Los espacios de comida en la monta\u00f1a se convertir\u00e1n en un punto de encuentro donde podr\u00e1s probar exquisiteces al calor de una buena hoguera, mientras te relajas y disfrutas de la belleza natural que te rodea.<\/p>\n<h4>Un Llamado a la Comunidad<\/h4>\n<p>La presentaci\u00f3n en Rosario no solo destac\u00f3 las cualidades del destino, sino que tambi\u00e9n comprometi\u00f3 a la comunidad local con el desarrollo del turismo sostenible. Desde la promoci\u00f3n del uso responsable de los recursos naturales, hasta la colaboraci\u00f3n con empresas locales, se busca asegurar que la experiencia de los visitantes respete y valore el entorno.<\/p>\n<h4>Inversiones para un Futuro Brillante<\/h4>\n<p>Gracias a esfuerzos conjuntos entre el gobierno provincial y el sector privado, se est\u00e1n llevando a cabo inversiones significativas en infraestructura y servicios. Esta mejora no solo beneficiar\u00e1 a los turistas, sino tambi\u00e9n a la comunidad que encuentra en el turismo una valiosa fuente de ingresos y desarrollo.<\/p>\n<h3>Planifica tu Escapada Invernal<\/h3>\n<p>Si est\u00e1s pensando en un viaje para disfrutar de la nieve y el aire puro, no esperes m\u00e1s. R\u00edo Negro se presenta como el destino ideal para experimentar la magia del invierno argentino en un entorno seguro y emocionante. Aseg\u00farate de seguir de cerca las novedades y reserva con anticipaci\u00f3n. \u00a1La temporada invernal 2026 en R\u00edo Negro te espera con los brazos abiertos!<\/p>\n<p><em> &#8221; Sources infobariloche.com.ar &#8221; <\/em><\/p>\n","protected":false},"excerpt":{"rendered":"<p>Descubre las Maravillas de la Temporada Invernal en R\u00edo Negro Con la llegada del invierno, la provincia de R\u00edo Negro se prepara para recibir a turistas de todo el pa\u00eds y del extranjero con una oferta inigualable que promete convertir cada visita en una experiencia inolvidable. En un emotivo evento llevado a cabo en Rosario, [&hellip;]<\/p>\n","protected":false},"author":4,"featured_media":1147094,"comment_status":"open","ping_status":"closed","sticky":false,"template":"","format":"standard","meta":{"om_disable_all_campaigns":false,"jnews-multi-image_gallery":[],"jnews_single_post":[],"jnews_primary_category":[],"jnews_social_meta":[],"footnotes":""},"categories":[40],"tags":[195455,707,563,662,708,715,724,45591,45594,45595,2424,7284,45592,45593,773,2530,277782,1060,559,1907,277781,544],"class_list":["post-1147093","post","type-post","status-publish","format-standard","has-post-thumbnail","hentry","category-industria","tag-actividades-invernales","tag-actualidad","tag-bariloche","tag-cultura","tag-deportes","tag-economia","tag-eventos","tag-info","tag-informacion-bariloche","tag-informacion-real-y-chequeada","tag-judiciales","tag-nieve","tag-noticias-de-bariloche","tag-noticias-de-la-region","tag-opinion","tag-policiales","tag-propuesta-integral","tag-rio-negro","tag-rosario","tag-sociedad","tag-temporada-de-invierno-2026","tag-turismo"],"_links":{"self":[{"href":"https:\/\/dimensionturistica.com\/es\/wp-json\/wp\/v2\/posts\/1147093","targetHints":{"allow":["GET"]}}],"collection":[{"href":"https:\/\/dimensionturistica.com\/es\/wp-json\/wp\/v2\/posts"}],"about":[{"href":"https:\/\/dimensionturistica.com\/es\/wp-json\/wp\/v2\/types\/post"}],"author":[{"embeddable":true,"href":"https:\/\/dimensionturistica.com\/es\/wp-json\/wp\/v2\/users\/4"}],"replies":[{"embeddable":true,"href":"https:\/\/dimensionturistica.com\/es\/wp-json\/wp\/v2\/comments?post=1147093"}],"version-history":[{"count":1,"href":"https:\/\/dimensionturistica.com\/es\/wp-json\/wp\/v2\/posts\/1147093\/revisions"}],"predecessor-version":[{"id":1147095,"href":"https:\/\/dimensionturistica.com\/es\/wp-json\/wp\/v2\/posts\/1147093\/revisions\/1147095"}],"wp:featuredmedia":[{"embeddable":true,"href":"https:\/\/dimensionturistica.com\/es\/wp-json\/wp\/v2\/media\/1147094"}],"wp:attachment":[{"href":"https:\/\/dimensionturistica.com\/es\/wp-json\/wp\/v2\/media?parent=1147093"}],"wp:term":[{"taxonomy":"category","embeddable":true,"href":"https:\/\/dimensionturistica.com\/es\/wp-json\/wp\/v2\/categories?post=1147093"},{"taxonomy":"post_tag","embeddable":true,"href":"https:\/\/dimensionturistica.com\/es\/wp-json\/wp\/v2\/tags?post=1147093"}],"curies":[{"name":"wp","href":"https:\/\/api.w.org\/{rel}","templated":true}]}}