{"id":1147090,"date":"2026-05-01T06:24:42","date_gmt":"2026-05-01T06:24:42","guid":{"rendered":"https:\/\/dimensionturistica.com\/es\/?p=1147090"},"modified":"2026-05-01T06:24:42","modified_gmt":"2026-05-01T06:24:42","slug":"explora-las-piezas-de-vestuario-mas-exclusivas-y-apreciadas-de-la-reina-isabel-ii","status":"publish","type":"post","link":"https:\/\/dimensionturistica.com\/es\/explora-las-piezas-de-vestuario-mas-exclusivas-y-apreciadas-de-la-reina-isabel-ii\/","title":{"rendered":"Explora las Piezas de Vestuario M\u00e1s Exclusivas y Apreciadas de la Reina Isabel II"},"content":{"rendered":"<p><strong>Un Legado de Estilo: La Evoluci\u00f3n de la Moda en la Monarqu\u00eda Brit\u00e1nica<\/strong><\/p>\n<p>La moda siempre ha sido un reflejo de la \u00e9poca, y en ning\u00fan lugar es m\u00e1s evidente que en el guardarropa de la Reina Isabel II. Desde sus inicios en la d\u00e9cada de 1940 hasta su legado perdurable, el vestuario de la monarca se ha convertido en un verdadero objeto de admiraci\u00f3n en el panorama de la moda. En una reciente exhibici\u00f3n, se ha puesto de manifiesto c\u00f3mo su estilo ha resonado a lo largo de los a\u00f1os, destacando la intersecci\u00f3n entre la elegancia y la historia.<\/p>\n<p>Entre las piezas m\u00e1s emblem\u00e1ticas de su armario se encuentran sus famosos abrigos de colores brillantes. Estos trajes no solo fueron dise\u00f1ados para impresionar, sino que tambi\u00e9n sirvieron como una herramienta de comunicaci\u00f3n, permitiendo a la Reina ser vista en multitudes durante eventos oficiales. La elecci\u00f3n de estos colores vibrantes no es casual; ha sido una forma de proyectar su personalidad y su autoridad.<\/p>\n<p>Adem\u00e1s de su vestuario, los accesorios han sido aspectos cruciales en la confecci\u00f3n de su identidad visual. Desde los ic\u00f3nicos sombreros hasta las joyas familiares, cada objeto cuenta una historia. El uso del broche como elemento distintivo en los eventos significativos ha a\u00f1adido una capa de simbolismo a su vestimenta. Estos toques de distinci\u00f3n no solo realzan su imagen, sino que tambi\u00e9n establecen una conexi\u00f3n emocional con su p\u00fablico.<\/p>\n<p>La influencia de la Reina en el mundo de la moda es innegable. Dise\u00f1adores de renombre han creado piezas que combinan tradici\u00f3n y modernidad, reflejando no solo el estatus de la monarqu\u00eda, sino tambi\u00e9n sus propias visiones est\u00e9ticas. La exhibici\u00f3n destaca traumas y celebraciones sociales a trav\u00e9s de la lente de la moda, mostrando c\u00f3mo un peque\u00f1o cambio en el estilo puede marcar grandes diferencias en la narrativa nacional.<\/p>\n<p>Uno de los aspectos m\u00e1s intrigantes de la moda de la Reina es su capacidad para adaptarse a las tendencias, al mismo tiempo que se mantiene fiel a su estilo personal. Esta dualidad ha permitido a Isabel II transcender el tiempo y permanecer relevante en un mundo que cambia constantemente. Cada dise\u00f1o no solo representa un momento en la moda, sino tambi\u00e9n un documento hist\u00f3rico de las transformaciones sociales a lo largo de las d\u00e9cadas.<\/p>\n<p>Los art\u00edculos que se presentan en esta exhibici\u00f3n son m\u00e1s que simples prendas; son testigos de un legado que contin\u00faa inspirando a generaciones. La conexi\u00f3n entre el arte, la cultura y la moda se hace evidente, a\u00f1adiendo un valor significativo al guardarropa de la Reina. Cada pieza invita a la reflexi\u00f3n sobre el papel de la moda en la identidad nacional y su capacidad para unir a las personas.<\/p>\n<p>La exhibici\u00f3n es una celebraci\u00f3n inigualable de la vida a trav\u00e9s de la moda, record\u00e1ndonos que, detr\u00e1s de cada elecci\u00f3n de vestuario, existe una historia profunda y un contexto cultural. As\u00ed, la elegancia de Isabel II no solo se mide por su atuendo, sino por la forma en que ha logrado entrelazar el estilo con la narrativa nacional. La moda, en este contexto, se convierte en un poderoso veh\u00edculo para el entendimiento y la conexi\u00f3n entre generaciones. <\/p>\n<p>En suma, el estilo de la Reina Isabel II contin\u00faa fascinando y servir\u00e1 como fuente de inspiraci\u00f3n para futuros dise\u00f1adores y amantes de la moda. La combinaci\u00f3n de tradici\u00f3n, innovaci\u00f3n y significado la convierte en una figura perdurable en el mundo del estilo, sellando su lugar en la historia de la moda brit\u00e1nica y m\u00e1s all\u00e1. As\u00ed, cada prenda que ha usado se transforma en un legado que invita a la admiraci\u00f3n y el estudio, una clara demostraci\u00f3n de que la moda es, en efecto, una forma de arte viva.<\/p>\n<p><em> &#8221; Fuentes www.vogue.com &#8221; <\/em><\/p>\n","protected":false},"excerpt":{"rendered":"<p>Un Legado de Estilo: La Evoluci\u00f3n de la Moda en la Monarqu\u00eda Brit\u00e1nica La moda siempre ha sido un reflejo de la \u00e9poca, y en ning\u00fan lugar es m\u00e1s evidente que en el guardarropa de la Reina Isabel II. Desde sus inicios en la d\u00e9cada de 1940 hasta su legado perdurable, el vestuario de la [&hellip;]<\/p>\n","protected":false},"author":14,"featured_media":1147091,"comment_status":"open","ping_status":"closed","sticky":false,"template":"","format":"standard","meta":{"om_disable_all_campaigns":false,"jnews-multi-image_gallery":[],"jnews_single_post":[],"jnews_primary_category":[],"jnews_social_meta":[],"footnotes":""},"categories":[144872],"tags":[213563,199076,166,198553,277780,244504,335,201298,277779,205093,217117,198500,227433,373],"class_list":["post-1147090","post","type-post","status-publish","format-standard","has-post-thumbnail","hentry","category-fashion","tag-british-monarchy","tag-couture","tag-fashion","tag-fashion-history","tag-historical-garments","tag-iconic-outfits","tag-living","tag-luxury-fashion","tag-queen-elizabeth-ii","tag-royal-style","tag-storytypenews-trending","tag-textabovecenterfullbleed","tag-timeless-elegance","tag-web"],"_links":{"self":[{"href":"https:\/\/dimensionturistica.com\/es\/wp-json\/wp\/v2\/posts\/1147090","targetHints":{"allow":["GET"]}}],"collection":[{"href":"https:\/\/dimensionturistica.com\/es\/wp-json\/wp\/v2\/posts"}],"about":[{"href":"https:\/\/dimensionturistica.com\/es\/wp-json\/wp\/v2\/types\/post"}],"author":[{"embeddable":true,"href":"https:\/\/dimensionturistica.com\/es\/wp-json\/wp\/v2\/users\/14"}],"replies":[{"embeddable":true,"href":"https:\/\/dimensionturistica.com\/es\/wp-json\/wp\/v2\/comments?post=1147090"}],"version-history":[{"count":1,"href":"https:\/\/dimensionturistica.com\/es\/wp-json\/wp\/v2\/posts\/1147090\/revisions"}],"predecessor-version":[{"id":1147092,"href":"https:\/\/dimensionturistica.com\/es\/wp-json\/wp\/v2\/posts\/1147090\/revisions\/1147092"}],"wp:featuredmedia":[{"embeddable":true,"href":"https:\/\/dimensionturistica.com\/es\/wp-json\/wp\/v2\/media\/1147091"}],"wp:attachment":[{"href":"https:\/\/dimensionturistica.com\/es\/wp-json\/wp\/v2\/media?parent=1147090"}],"wp:term":[{"taxonomy":"category","embeddable":true,"href":"https:\/\/dimensionturistica.com\/es\/wp-json\/wp\/v2\/categories?post=1147090"},{"taxonomy":"post_tag","embeddable":true,"href":"https:\/\/dimensionturistica.com\/es\/wp-json\/wp\/v2\/tags?post=1147090"}],"curies":[{"name":"wp","href":"https:\/\/api.w.org\/{rel}","templated":true}]}}