{"id":1147081,"date":"2026-05-01T05:39:27","date_gmt":"2026-05-01T05:39:27","guid":{"rendered":"https:\/\/dimensionturistica.com\/es\/?p=1147081"},"modified":"2026-05-01T05:39:27","modified_gmt":"2026-05-01T05:39:27","slug":"profesionales-del-alojamiento-y-del-turismo-unen-fuerzas","status":"publish","type":"post","link":"https:\/\/dimensionturistica.com\/es\/profesionales-del-alojamiento-y-del-turismo-unen-fuerzas\/","title":{"rendered":"\u00a1PROFESIONALES DEL ALOJAMIENTO Y DEL TURISMO UNEN FUERZAS!"},"content":{"rendered":"<h3>La Alianza Estrat\u00e9gica que Revitaliza el Turismo en M\u00e9xico<\/h3>\n<p>En el vibrante universo del turismo, donde cada detalle cuenta, surge una colaboraci\u00f3n que promete cambiar el panorama para siempre. Hoteleros y agencias de viajes de M\u00e9xico han decidido unir fuerzas, creando una sinergia que no solo beneficiar\u00e1 a los actores involucrados, sino que tambi\u00e9n enriquecer\u00e1 la experiencia de los viajeros. Este acuerdo busca revitalizar el sector tur\u00edstico en un momento en que la reactivaci\u00f3n es m\u00e1s crucial que nunca.<\/p>\n<p>Este nuevo enfoque colaborativo es un reflejo de la resiliencia del sector, que ha enfrentado desaf\u00edos sin precedentes en los \u00faltimos a\u00f1os. Las dificultades provocadas por la pandemia han dejado una huella indeleble, y ahora es el momento de reconstruir y fortalecer la confianza de los turistas. Con un panorama m\u00e1s optimista que nunca, la uni\u00f3n entre las partes es un paso audaz hacia un futuro lleno de posibilidades.<\/p>\n<h3>Beneficios para el Viajero<\/h3>\n<p>El principal objetivo de este acuerdo es maximizar las experiencias de quienes deciden explorar los m\u00e1gicos destinos de M\u00e9xico. Al trabajar juntos, hoteleros y agencias de viajes podr\u00e1n ofrecer paquetes m\u00e1s atractivos y econ\u00f3micos, as\u00ed como ofertar una atenci\u00f3n m\u00e1s personalizada, adapt\u00e1ndose a las necesidades y deseos de los turistas. Desde descuentos exclusivos hasta promociones especiales, la idea es hacer que viajar sea no solo una necesidad, sino tambi\u00e9n un placer accesible.<\/p>\n<h3>Innovaci\u00f3n y Sostenibilidad<\/h3>\n<p>Pero la colaboraci\u00f3n no se detiene en la oferta de precios. Este acuerdo tambi\u00e9n abre la puerta a un enfoque m\u00e1s innovador y sostenible en el sector. Las iniciativas verdes est\u00e1n tomando protagonismo, y es esencial que tanto hoteles como agencias trabajen en conjunto para promover pr\u00e1cticas que respeten el medio ambiente. Ya sea a trav\u00e9s de la promoci\u00f3n de alojamientos eco-friendly o la implementaci\u00f3n de transporte sostenible, cada acci\u00f3n cuenta en la construcci\u00f3n de un turismo responsable.<\/p>\n<h3>Un Futuro Brillante<\/h3>\n<p>La visi\u00f3n compartida entre hoteleros y agencias de viajes es clara: reactivar el turismo en M\u00e9xico de manera efectiva. El compromiso de trabajar juntos no solo fortalecer\u00e1 la econom\u00eda local, sino que tambi\u00e9n crear\u00e1 una comunidad m\u00e1s unida y resiliente. A trav\u00e9s de este esfuerzo, los l\u00edderes del sector est\u00e1n sentando las bases para un futuro donde todos los elementos de la industria tur\u00edstica coexistan arm\u00f3nicamente.<\/p>\n<h3>Conclusi\u00f3n<\/h3>\n<p>La uni\u00f3n de hoteleros y agencias de viajes representa m\u00e1s que una simple alianza; es una manifestaci\u00f3n palpable de esperanza y un testimonio del poder de la colaboraci\u00f3n en tiempos desafiantes. Para todos aquellos que sue\u00f1an con recorrer los paisajes deslumbrantes de M\u00e9xico, esta sinergia promete una experiencia enriquecedora y memorable. El futuro del turismo en el pa\u00eds es brillante, y la aventura apenas comienza. \u00bfTe atrever\u00e1s a ser parte de ella?<\/p>\n<p><em> &#8221; Fuentes www.notiver.com &#8221; <\/em><\/p>\n","protected":false},"excerpt":{"rendered":"<p>La Alianza Estrat\u00e9gica que Revitaliza el Turismo en M\u00e9xico En el vibrante universo del turismo, donde cada detalle cuenta, surge una colaboraci\u00f3n que promete cambiar el panorama para siempre. Hoteleros y agencias de viajes de M\u00e9xico han decidido unir fuerzas, creando una sinergia que no solo beneficiar\u00e1 a los actores involucrados, sino que tambi\u00e9n enriquecer\u00e1 [&hellip;]<\/p>\n","protected":false},"author":4,"featured_media":1147082,"comment_status":"open","ping_status":"closed","sticky":false,"template":"","format":"standard","meta":{"om_disable_all_campaigns":false,"jnews-multi-image_gallery":[],"jnews_single_post":[],"jnews_primary_category":[],"jnews_social_meta":[],"footnotes":""},"categories":[39],"tags":[569,4569,26494,724,1821,26749,330,1935,27188,544],"class_list":["post-1147081","post","type-post","status-publish","format-standard","has-post-thumbnail","hentry","category-viajes","tag-agencias-de-viajes","tag-colaboracion","tag-cooperacion","tag-eventos","tag-hotel","tag-industria-hotelera","tag-marketing","tag-negocios","tag-servicios-turisticos","tag-turismo"],"_links":{"self":[{"href":"https:\/\/dimensionturistica.com\/es\/wp-json\/wp\/v2\/posts\/1147081","targetHints":{"allow":["GET"]}}],"collection":[{"href":"https:\/\/dimensionturistica.com\/es\/wp-json\/wp\/v2\/posts"}],"about":[{"href":"https:\/\/dimensionturistica.com\/es\/wp-json\/wp\/v2\/types\/post"}],"author":[{"embeddable":true,"href":"https:\/\/dimensionturistica.com\/es\/wp-json\/wp\/v2\/users\/4"}],"replies":[{"embeddable":true,"href":"https:\/\/dimensionturistica.com\/es\/wp-json\/wp\/v2\/comments?post=1147081"}],"version-history":[{"count":1,"href":"https:\/\/dimensionturistica.com\/es\/wp-json\/wp\/v2\/posts\/1147081\/revisions"}],"predecessor-version":[{"id":1147083,"href":"https:\/\/dimensionturistica.com\/es\/wp-json\/wp\/v2\/posts\/1147081\/revisions\/1147083"}],"wp:featuredmedia":[{"embeddable":true,"href":"https:\/\/dimensionturistica.com\/es\/wp-json\/wp\/v2\/media\/1147082"}],"wp:attachment":[{"href":"https:\/\/dimensionturistica.com\/es\/wp-json\/wp\/v2\/media?parent=1147081"}],"wp:term":[{"taxonomy":"category","embeddable":true,"href":"https:\/\/dimensionturistica.com\/es\/wp-json\/wp\/v2\/categories?post=1147081"},{"taxonomy":"post_tag","embeddable":true,"href":"https:\/\/dimensionturistica.com\/es\/wp-json\/wp\/v2\/tags?post=1147081"}],"curies":[{"name":"wp","href":"https:\/\/api.w.org\/{rel}","templated":true}]}}