{"id":1147078,"date":"2026-05-01T05:34:10","date_gmt":"2026-05-01T05:34:10","guid":{"rendered":"https:\/\/dimensionturistica.com\/es\/?p=1147078"},"modified":"2026-05-01T05:34:10","modified_gmt":"2026-05-01T05:34:10","slug":"la-nueva-era-de-las-bases-de-maquillaje","status":"publish","type":"post","link":"https:\/\/dimensionturistica.com\/es\/la-nueva-era-de-las-bases-de-maquillaje\/","title":{"rendered":"La Nueva Era de las Bases de Maquillaje"},"content":{"rendered":"<h2>La Evoluci\u00f3n del Maquillaje: Redefiniendo el Rostro Perfecto<\/h2>\n<p>En el vertiginoso mundo de la moda y la belleza, un cambio significativo est\u00e1 transformando la manera en que las personas perciben el maquillaje. Atr\u00e1s quedaron los d\u00edas en que una base perfecta significaba solo elegir el tono adecuado. Hoy en d\u00eda, la tendencia se dirige hacia una representaci\u00f3n m\u00e1s aut\u00e9ntica y personal del rostro humano.<\/p>\n<h3>La Inclusividad como Est\u00e1ndar<\/h3>\n<p>La industria del maquillaje ha comenzado a abrazar la diversidad en todas sus formas. Las marcas est\u00e1n ampliando sus gamas de productos a fin de incluir una paleta de tonos que refleje la realidad de la piel de las personas: desde los matices m\u00e1s claros hasta los m\u00e1s oscuros. Esta inclusi\u00f3n no es solo un cambio est\u00e9tico, sino que tambi\u00e9n representa un movimiento social hacia la aceptaci\u00f3n y la celebraci\u00f3n de la diversidad. Cada vez m\u00e1s consumidores demandan productos que se alineen con su identidad, y las marcas han respondido adaptando sus ofertas.<\/p>\n<h3>Texturas y Acabados Innovadores<\/h3>\n<p>Adem\u00e1s de los tonos, la textura de las bases de maquillaje est\u00e1 evolucionando. Los productos ahora se centran en ofrecer acabados que imiten la piel natural, fusion\u00e1ndose a la perfecci\u00f3n con el cutis. Bases ligeras, fluidas y de acabado satinado est\u00e1n ganando popularidad, permitiendo que la piel respire y que los rasgos faciales permanezcan visibles. Esta tendencia refleja un deseo creciente de mostrar la belleza natural en lugar de cubrirla.<\/p>\n<h3>La Personalizaci\u00f3n como Clave del \u00c9xito<\/h3>\n<p>El auge de la personalizaci\u00f3n en la industria del maquillaje ha llevado a muchas marcas a innovar en sus productos. Herramientas digitales, aplicaciones y servicios de consultor\u00eda buscan ayudar a los consumidores a encontrar su combinaci\u00f3n perfecta, adaptando no solo el tono, sino tambi\u00e9n la cobertura y la formulaci\u00f3n. Este enfoque no solo mejora la experiencia del usuario, sino que tambi\u00e9n fomenta un v\u00ednculo m\u00e1s profundo entre la marca y el consumidor.<\/p>\n<h3>Compromiso con la Sostenibilidad<\/h3>\n<p>La consciencia sobre la sostenibilidad tambi\u00e9n est\u00e1 marcando la pauta en el desarrollo de nuevas bases de maquillaje. Las marcas se est\u00e1n esforzando por utilizar ingredientes \u00e9ticos y empaques reciclables. Este movimiento hacia la sostenibilidad no solo responde a la demanda del consumidor, sino que tambi\u00e9n representa un paso hacia un futuro m\u00e1s responsable en la industria de la belleza.<\/p>\n<h3>La Influencia de las Redes Sociales<\/h3>\n<p>Las plataformas digitales han cambiado radicalmente la forma en que se consumen y promocionan los productos de belleza. Influencers y creadores de contenido son ahora voces clave en la validaci\u00f3n de tendencias. A trav\u00e9s de tutoriales, rese\u00f1as y consejos, estos nuevos prescriptores est\u00e1n moldeando las expectativas del consumidor y generando un di\u00e1logo sobre lo que significa una &#8220;base perfecta&#8221;.<\/p>\n<h3>La B\u00fasqueda de la Autenticidad<\/h3>\n<p>En este contexto, los consumidores est\u00e1n priorizando la autenticidad sobre la perfecci\u00f3n. Cada vez m\u00e1s personas prefieren resaltar sus imperfecciones en lugar de esconderlas. Este movimiento hacia la autoaceptaci\u00f3n ha llevado a un cambio en la narrativa del maquillaje: de un enfoque en la correcci\u00f3n a uno que destaca la singularidad de cada individuo.<\/p>\n<h3>La Nueva Frontera del Maquillaje<\/h3>\n<p>El futuro del maquillaje est\u00e1 marcado por una visi\u00f3n inclusiva y sostenible, donde cada persona puede encontrar productos que resalten su propia belleza. La b\u00fasqueda de la autenticidad y la personalizaci\u00f3n ser\u00e1n claves en esta evoluci\u00f3n, transformando no solo el mercado, sino tambi\u00e9n la relaci\u00f3n de los consumidores con sus propios rostros.<\/p>\n<p>Con cada nuevo lanzamiento y cada nueva tendencia, la industria del maquillaje sigue avanzando hacia un horizonte que promete ser m\u00e1s diverso, aut\u00e9ntico y responsable. La revoluci\u00f3n del maquillaje est\u00e1 aqu\u00ed, y su impacto ser\u00e1 sentido en cada rostro que lo use.<\/p>\n<p><em> &#8221; Fuentes www.vogue.com &#8221; <\/em><\/p>\n","protected":false},"excerpt":{"rendered":"<p>La Evoluci\u00f3n del Maquillaje: Redefiniendo el Rostro Perfecto En el vertiginoso mundo de la moda y la belleza, un cambio significativo est\u00e1 transformando la manera en que las personas perciben el maquillaje. Atr\u00e1s quedaron los d\u00edas en que una base perfecta significaba solo elegir el tono adecuado. Hoy en d\u00eda, la tendencia se dirige hacia [&hellip;]<\/p>\n","protected":false},"author":14,"featured_media":1147079,"comment_status":"open","ping_status":"closed","sticky":false,"template":"","format":"standard","meta":{"om_disable_all_campaigns":false,"jnews-multi-image_gallery":[],"jnews_single_post":[],"jnews_primary_category":[],"jnews_social_meta":[],"footnotes":""},"categories":[144872],"tags":[264006,72867,136391,4664,22719,190460,206604,137295,83179,69354,198593,130264,120189,6194],"class_list":["post-1147078","post","type-post","status-publish","format-standard","has-post-thumbnail","hentry","category-fashion","tag-armani-beauty","tag-beauty","tag-beauty-tips","tag-chanel","tag-christian-dior","tag-cosmetics","tag-estee-lauder","tag-foundation","tag-innovations","tag-latest","tag-makeup","tag-product-review","tag-skincare","tag-trends"],"_links":{"self":[{"href":"https:\/\/dimensionturistica.com\/es\/wp-json\/wp\/v2\/posts\/1147078","targetHints":{"allow":["GET"]}}],"collection":[{"href":"https:\/\/dimensionturistica.com\/es\/wp-json\/wp\/v2\/posts"}],"about":[{"href":"https:\/\/dimensionturistica.com\/es\/wp-json\/wp\/v2\/types\/post"}],"author":[{"embeddable":true,"href":"https:\/\/dimensionturistica.com\/es\/wp-json\/wp\/v2\/users\/14"}],"replies":[{"embeddable":true,"href":"https:\/\/dimensionturistica.com\/es\/wp-json\/wp\/v2\/comments?post=1147078"}],"version-history":[{"count":1,"href":"https:\/\/dimensionturistica.com\/es\/wp-json\/wp\/v2\/posts\/1147078\/revisions"}],"predecessor-version":[{"id":1147080,"href":"https:\/\/dimensionturistica.com\/es\/wp-json\/wp\/v2\/posts\/1147078\/revisions\/1147080"}],"wp:featuredmedia":[{"embeddable":true,"href":"https:\/\/dimensionturistica.com\/es\/wp-json\/wp\/v2\/media\/1147079"}],"wp:attachment":[{"href":"https:\/\/dimensionturistica.com\/es\/wp-json\/wp\/v2\/media?parent=1147078"}],"wp:term":[{"taxonomy":"category","embeddable":true,"href":"https:\/\/dimensionturistica.com\/es\/wp-json\/wp\/v2\/categories?post=1147078"},{"taxonomy":"post_tag","embeddable":true,"href":"https:\/\/dimensionturistica.com\/es\/wp-json\/wp\/v2\/tags?post=1147078"}],"curies":[{"name":"wp","href":"https:\/\/api.w.org\/{rel}","templated":true}]}}