{"id":1147060,"date":"2026-05-01T04:23:07","date_gmt":"2026-05-01T04:23:07","guid":{"rendered":"https:\/\/dimensionturistica.com\/es\/?p=1147060"},"modified":"2026-05-01T04:23:07","modified_gmt":"2026-05-01T04:23:07","slug":"mendoza-acoge-un-congreso-que-impulsa-el-desarrollo-turistico","status":"publish","type":"post","link":"https:\/\/dimensionturistica.com\/es\/mendoza-acoge-un-congreso-que-impulsa-el-desarrollo-turistico\/","title":{"rendered":"Mendoza: Acoge un Congreso que impulsa el desarrollo tur\u00edstico"},"content":{"rendered":"<h3>Mendoza se Convierte en el Epicentro del Turismo<\/h3>\n<p>La ciudad de Mendoza, conocida por su asombroso paisaje monta\u00f1oso y sus vi\u00f1edos de renombre mundial, ha cobrado un protagonismo especial al ser sede del reciente congreso que busca potenciar el turismo en Argentina. Este evento se celebr\u00f3 en un entorno privilegiado, donde la belleza natural y la calidez de su gente se conjugan para ofrecer una experiencia \u00fanica.<\/p>\n<p>El congreso reuni\u00f3 a destacados profesionales del sector, quienes compartieron sus conocimientos y experiencias sobre c\u00f3mo revitalizar y reimaginar el turismo en un contexto post-pandemia. La tem\u00e1tica abord\u00f3 no solo la reactivaci\u00f3n del turismo local, sino tambi\u00e9n la creaci\u00f3n de estrategias que aseguren el crecimiento sostenible en el futuro.<\/p>\n<p>Una de las claves del evento fue la importancia de la colaboraci\u00f3n entre diferentes actores del sector tur\u00edstico. Desde organismos gubernamentales hasta empresas privadas, todos entendieron que el trabajo conjunto es fundamental para construir un destino atractivo y competitivo. Mendoza se posiciona, as\u00ed, como un modelo a seguir en la integraci\u00f3n de esfuerzos que benefician a la comunidad y al viajero.<\/p>\n<p>Uno de los aspectos m\u00e1s destacados fue el \u00e9nfasis en la oferta tur\u00edstica sostenible. Los participantes coincidieron en que promover el turismo responsable es esencial para la conservaci\u00f3n de los recursos naturales y el bienestar de las comunidades. En Mendoza, donde la naturaleza juega un papel protag\u00f3nico, esta filosof\u00eda adquiere un significado especial. Las iniciativas para proteger el medio ambiente y fomentar el desarrollo local est\u00e1n ganando terreno, haciendo del turismo una herramienta de cambio positivo.<\/p>\n<p>Adem\u00e1s de la sostenibilidad, la gastronom\u00eda local se rob\u00f3 el show. Eno-gastronom\u00eda, la combinaci\u00f3n de la buena comida y una selecta oferta de vinos, fue tema recurrente en las charlas. Los asistentes pudieron disfrutar de muestras culinarias que reflejan la rica cultura de Mendoza, donde cada bocado cuenta una historia.<\/p>\n<p>La ciudad tambi\u00e9n ha reforzado su imagen como un destino de aventura. Desde el esqu\u00ed en la Cordillera de los Andes hasta el senderismo por sus espectaculares rutas, Mendoza ofrece una variedad de actividades que atraen tanto a los amantes de la naturaleza como a quienes buscan un escape lleno de adrenalina.<\/p>\n<p>La atm\u00f3sfera positiva del congreso se palp\u00f3 en el inter\u00e9s mostrado por los asistentes, lo que indica que el futuro del turismo en Mendoza es brillante. Con un enfoque renovado en estrategias de innovaci\u00f3n, sostenibilidad y colaboraci\u00f3n, esta regi\u00f3n est\u00e1 lista para atraer a turistas de todo el mundo, dispuestos a descubrir sus encantos.<\/p>\n<p>En conclusi\u00f3n, Mendoza no solo se presenta como un destino tur\u00edstico de alto potencial, sino que se erige como un ejemplo de c\u00f3mo enfrentar desaf\u00edos con creatividad y uni\u00f3n. El congreso no solo impuls\u00f3 la charla sobre el futuro del turismo, sino que tambi\u00e9n reafirm\u00f3 el compromiso de la ciudad con el desarrollo responsable y la promoci\u00f3n de una cultura que celebre la riqueza de su entorno. Sin duda, Mendoza est\u00e1 en la senda correcta para convertirse en un referente en la industria tur\u00edstica global.<\/p>\n<p><em> &#8221; Sources latitud2000.com &#8221; <\/em><\/p>\n","protected":false},"excerpt":{"rendered":"<p>Mendoza se Convierte en el Epicentro del Turismo La ciudad de Mendoza, conocida por su asombroso paisaje monta\u00f1oso y sus vi\u00f1edos de renombre mundial, ha cobrado un protagonismo especial al ser sede del reciente congreso que busca potenciar el turismo en Argentina. Este evento se celebr\u00f3 en un entorno privilegiado, donde la belleza natural y [&hellip;]<\/p>\n","protected":false},"author":4,"featured_media":1147061,"comment_status":"open","ping_status":"closed","sticky":false,"template":"","format":"standard","meta":{"om_disable_all_campaigns":false,"jnews-multi-image_gallery":[],"jnews_single_post":[],"jnews_primary_category":[],"jnews_social_meta":[],"footnotes":""},"categories":[40],"tags":[14332,1895,768,923,225902,173426,140517,724,3474,780,277772,9207,544,1075],"class_list":["post-1147060","post","type-post","status-publish","format-standard","has-post-thumbnail","hentry","category-industria","tag-actividades-turisticas","tag-agentes-de-viajes","tag-argentina","tag-congreso","tag-congreso-de-agentes-de-viajes-faevyt","tag-desarrollo-local","tag-emetur","tag-eventos","tag-faevyt","tag-mendoza","tag-mendoza-turismo","tag-potencia","tag-turismo","tag-turismo-sostenible"],"_links":{"self":[{"href":"https:\/\/dimensionturistica.com\/es\/wp-json\/wp\/v2\/posts\/1147060","targetHints":{"allow":["GET"]}}],"collection":[{"href":"https:\/\/dimensionturistica.com\/es\/wp-json\/wp\/v2\/posts"}],"about":[{"href":"https:\/\/dimensionturistica.com\/es\/wp-json\/wp\/v2\/types\/post"}],"author":[{"embeddable":true,"href":"https:\/\/dimensionturistica.com\/es\/wp-json\/wp\/v2\/users\/4"}],"replies":[{"embeddable":true,"href":"https:\/\/dimensionturistica.com\/es\/wp-json\/wp\/v2\/comments?post=1147060"}],"version-history":[{"count":1,"href":"https:\/\/dimensionturistica.com\/es\/wp-json\/wp\/v2\/posts\/1147060\/revisions"}],"predecessor-version":[{"id":1147062,"href":"https:\/\/dimensionturistica.com\/es\/wp-json\/wp\/v2\/posts\/1147060\/revisions\/1147062"}],"wp:featuredmedia":[{"embeddable":true,"href":"https:\/\/dimensionturistica.com\/es\/wp-json\/wp\/v2\/media\/1147061"}],"wp:attachment":[{"href":"https:\/\/dimensionturistica.com\/es\/wp-json\/wp\/v2\/media?parent=1147060"}],"wp:term":[{"taxonomy":"category","embeddable":true,"href":"https:\/\/dimensionturistica.com\/es\/wp-json\/wp\/v2\/categories?post=1147060"},{"taxonomy":"post_tag","embeddable":true,"href":"https:\/\/dimensionturistica.com\/es\/wp-json\/wp\/v2\/tags?post=1147060"}],"curies":[{"name":"wp","href":"https:\/\/api.w.org\/{rel}","templated":true}]}}