{"id":1147051,"date":"2026-05-01T03:50:14","date_gmt":"2026-05-01T03:50:14","guid":{"rendered":"https:\/\/dimensionturistica.com\/es\/?p=1147051"},"modified":"2026-05-01T03:50:14","modified_gmt":"2026-05-01T03:50:14","slug":"anne-hathaway-finaliza-su-participacion-en-el-diablo-viste-a-la-moda-2-con-un-abrigo-reconocible","status":"publish","type":"post","link":"https:\/\/dimensionturistica.com\/es\/anne-hathaway-finaliza-su-participacion-en-el-diablo-viste-a-la-moda-2-con-un-abrigo-reconocible\/","title":{"rendered":"Anne Hathaway Finaliza Su Participaci\u00f3n en &#8216;El Diablo Viste a la Moda 2&#8217; con un Abrigo Reconocible"},"content":{"rendered":"<h3>La Moda que Transciende el Tiempo: El Regreso del Abrigo Ic\u00f3nico<\/h3>\n<p>En el mundo de la moda, hay piezas que se convierten en leyendas. Un abrigo, en particular, ha vuelto a captar la atenci\u00f3n de los amantes de la moda y los cin\u00e9filos por igual: el emblem\u00e1tico abrigo gris de la pel\u00edcula <em>El Diablo Viste a la Moda<\/em>. Este ic\u00f3nico atuendo, que ha sido parte de la cultura pop desde su estreno, ha saltado de la pantalla a la vida real de manera espectacular, gracias a la actriz Anne Hathaway.<\/p>\n<p>La \u00faltima aparici\u00f3n de Hathaway en un evento ha sido el catalizador de esta conversaci\u00f3n renovada sobre la moda cinematogr\u00e1fica. En una exitosa combinaci\u00f3n de nostalgia y estilo contempor\u00e1neo, la actriz opt\u00f3 por reusar este abrigo, recordando a todos la influencia perdurable que la moda de la pantalla grande puede tener en el vestuario diario. Con la prenda en el centro de atenci\u00f3n, Hathaway no solo rinde homenaje a un cl\u00e1sico, sino que tambi\u00e9n subraya la importancia de la sostenibilidad en la moda actual.<\/p>\n<p>La elecci\u00f3n de Hathaway de reusar este abrigo resuena profundamente en una industria que, en los \u00faltimos a\u00f1os, ha comenzado a prestar m\u00e1s atenci\u00f3n a pr\u00e1cticas sostenibles. Al reincorporar piezas ic\u00f3nicas en su guardarropa, Hathaway env\u00eda un mensaje claro sobre el valor de la reutilizaci\u00f3n y la conciencia ambiental, abriendo el camino para que m\u00e1s personas consideren la moda circular.<\/p>\n<p>Adem\u00e1s, el abrigo se ha convertido en un s\u00edmbolo de empoderamiento femenino, un recordatorio visual de la trayectoria de su personaje en la pel\u00edcula. La transformaci\u00f3n de Andrea Sachs, interpretada por Hathaway, de una joven insegura a una mujer segura que asume su propio estilo es un viaje que contin\u00faa resonando con muchas. Este abrigo, por lo tanto, no es solo un art\u00edculo de vestir, sino un emblema de crecimiento personal y estilo.<\/p>\n<p>Los usuarios de redes sociales no tardaron en reaccionar ante esta impactante elecci\u00f3n de vestuario. Las im\u00e1genes de Hathaway con el abrigo han comenzado a circular r\u00e1pidamente, y los comentarios elogiosos no han dejado de fluir. La combinaci\u00f3n de nostalgia con la moda actual ha creado un fen\u00f3meno viral que ilustra perfectamente el poder de la elegancia y la relevancia de las piezas con historia.<\/p>\n<p>Este giro en la narrativa de la moda tambi\u00e9n abre la puerta a un debate m\u00e1s amplio: el papel que juegan las celebridades en la promoci\u00f3n de pr\u00e1cticas de consumo responsable. Hathaway no es solo una actriz; su influencia podr\u00eda incentivar a otros a reimaginar su propio vestuario. La idea de que un abrigo, usado y amado, puede volver a ser relevante, desaf\u00eda las normas del consumo r\u00e1pido y promueve un enfoque m\u00e1s consciente hacia la moda.<\/p>\n<p>En resumen, el regreso del abrigo de <em>El Diablo Viste a la Moda<\/em> no es solo un momento de nostalgia, sino un hito en la evoluci\u00f3n de c\u00f3mo vemos la moda. Con su poderosa combinaci\u00f3n de estilo, sostenibilidad y significado, este ic\u00f3nico abrigo nos recuerda que algunas piezas nunca pasan de moda; m\u00e1s bien, su historia contin\u00faa, inspirando a las futuras generaciones y reafirmando la conexi\u00f3n entre la moda y la autolibertad.<\/p>\n<p><em> &#8221; Fuentes www.vogue.com &#8221; <\/em><\/p>\n","protected":false},"excerpt":{"rendered":"<p>La Moda que Transciende el Tiempo: El Regreso del Abrigo Ic\u00f3nico En el mundo de la moda, hay piezas que se convierten en leyendas. Un abrigo, en particular, ha vuelto a captar la atenci\u00f3n de los amantes de la moda y los cin\u00e9filos por igual: el emblem\u00e1tico abrigo gris de la pel\u00edcula El Diablo Viste [&hellip;]<\/p>\n","protected":false},"author":14,"featured_media":1147052,"comment_status":"open","ping_status":"closed","sticky":false,"template":"","format":"standard","meta":{"om_disable_all_campaigns":false,"jnews-multi-image_gallery":[],"jnews_single_post":[],"jnews_primary_category":[],"jnews_social_meta":[],"footnotes":""},"categories":[144872],"tags":[198603,56,208916,225833,225,166,16295,277768,372,198615],"class_list":["post-1147051","post","type-post","status-publish","format-standard","has-post-thumbnail","hentry","category-fashion","tag-anne-hathaway","tag-celebrity-news","tag-coat","tag-devil-wears-prada","tag-entertainment","tag-fashion","tag-hollywood","tag-movie-sequel","tag-style","tag-wardrobe"],"_links":{"self":[{"href":"https:\/\/dimensionturistica.com\/es\/wp-json\/wp\/v2\/posts\/1147051","targetHints":{"allow":["GET"]}}],"collection":[{"href":"https:\/\/dimensionturistica.com\/es\/wp-json\/wp\/v2\/posts"}],"about":[{"href":"https:\/\/dimensionturistica.com\/es\/wp-json\/wp\/v2\/types\/post"}],"author":[{"embeddable":true,"href":"https:\/\/dimensionturistica.com\/es\/wp-json\/wp\/v2\/users\/14"}],"replies":[{"embeddable":true,"href":"https:\/\/dimensionturistica.com\/es\/wp-json\/wp\/v2\/comments?post=1147051"}],"version-history":[{"count":1,"href":"https:\/\/dimensionturistica.com\/es\/wp-json\/wp\/v2\/posts\/1147051\/revisions"}],"predecessor-version":[{"id":1147053,"href":"https:\/\/dimensionturistica.com\/es\/wp-json\/wp\/v2\/posts\/1147051\/revisions\/1147053"}],"wp:featuredmedia":[{"embeddable":true,"href":"https:\/\/dimensionturistica.com\/es\/wp-json\/wp\/v2\/media\/1147052"}],"wp:attachment":[{"href":"https:\/\/dimensionturistica.com\/es\/wp-json\/wp\/v2\/media?parent=1147051"}],"wp:term":[{"taxonomy":"category","embeddable":true,"href":"https:\/\/dimensionturistica.com\/es\/wp-json\/wp\/v2\/categories?post=1147051"},{"taxonomy":"post_tag","embeddable":true,"href":"https:\/\/dimensionturistica.com\/es\/wp-json\/wp\/v2\/tags?post=1147051"}],"curies":[{"name":"wp","href":"https:\/\/api.w.org\/{rel}","templated":true}]}}