{"id":1146998,"date":"2026-05-01T00:21:06","date_gmt":"2026-05-01T00:21:06","guid":{"rendered":"https:\/\/dimensionturistica.com\/es\/?p=1146998"},"modified":"2026-05-01T00:21:06","modified_gmt":"2026-05-01T00:21:06","slug":"informe-escenografico-estilo-de-los-expertos-en-diseno-en-salone-del-mobile","status":"publish","type":"post","link":"https:\/\/dimensionturistica.com\/es\/informe-escenografico-estilo-de-los-expertos-en-diseno-en-salone-del-mobile\/","title":{"rendered":"Informe Escenogr\u00e1fico: Estilo de los Expertos en Dise\u00f1o en Salone del Mobile"},"content":{"rendered":"<h3>El Estilo Urbano que Domina el Salone del Mobile<\/h3>\n<p>El Salone del Mobile, uno de los eventos m\u00e1s esperados en el mundo del dise\u00f1o y la decoraci\u00f3n, no solo destaca por sus innovadoras exhibiciones de mobiliario, sino tambi\u00e9n por su impresionante despliegue de estilo en las calles. A medida que los dise\u00f1adores, arquitectos y amantes del arte se re\u00fanen en Mil\u00e1n, la moda se convierte en una declaraci\u00f3n art\u00edstica en s\u00ed misma, transformando las aceras en pasarelas.<\/p>\n<h4>Color y Creatividad en la V\u00eda P\u00fablica<\/h4>\n<p>Este a\u00f1o, las calles de Mil\u00e1n se visten de colores vibrantes y patrones audaces. Los asistentes no temen experimentar; pantalones de corte oversize, chaquetas estructuradas y accesorios llamativos dominan el panorama. Cada atuendo cuenta una historia, reflejando tanto el car\u00e1cter personal como el esp\u00edritu del evento. El uso atrevido de texturas y combinaciones inesperadas invita a la reflexi\u00f3n sobre la relaci\u00f3n entre el dise\u00f1o de interiores y la vestimenta.<\/p>\n<h4>La Influencia del Dise\u00f1o en la Moda<\/h4>\n<p>Un aspecto destacado es c\u00f3mo la est\u00e9tica del dise\u00f1o de muebles ha influido en las elecciones de moda. Los tonos tierra y las formas org\u00e1nicas, que predominan en las exposiciones, se reflejan en las prendas y complementos de los asistentes. El eclecticismo se manifiesta a trav\u00e9s de la mezcla de estilos, donde lo vintage se combina con lo contempor\u00e1neo, creando un aire de frescura y originalidad.<\/p>\n<h4>Accesorios como Protagonistas<\/h4>\n<p>Los accesorios cobran una importancia particular durante este evento. Sombreros, bolsos y calzado se convierten en el centro de atenci\u00f3n, elevando los looks a nuevas alturas. A menudo, estos elementos no solo complementan el atuendo, sino que act\u00faan como piezas de conversaci\u00f3n, cada uno aportando su propio matiz al conjunto.<\/p>\n<h4>La Sostenibilidad en el Vestir<\/h4>\n<p>Cada vez m\u00e1s, la moda sostenible tiene un lugar destacado en este escenario. Los asistentes optan por marcas que priorizan la \u00e9tica en sus producciones, convirtiendo cada pieza no solo en una elecci\u00f3n estil\u00edstica, sino en un statement social. Esta tendencia hacia la sostenibilidad impulsa una cultura del consumo consciente, haciendo que cada dise\u00f1o cuente una historia m\u00e1s all\u00e1 de la superficie.<\/p>\n<h4>El Impacto de las Redes Sociales<\/h4>\n<p>Las plataformas digitales juegan un rol crucial en la difusi\u00f3n de este estilo urbano. Los hashtags como #SaloneDelMobile y #MilanFashion destacan en las redes, generando un flujo constante de im\u00e1genes e inspiraciones. Esto no solo amplifica la visibilidad del evento, sino que tambi\u00e9n invita a quienes no pueden asistir a experimentar la creatividad colectiva de manera virtual.<\/p>\n<h3>La Pasarela de la Ciudad<\/h3>\n<p>El Salone del Mobile es m\u00e1s que una simple exposici\u00f3n; es una celebraci\u00f3n del dise\u00f1o en todas sus formas. Las calles de Mil\u00e1n, inundadas de creatividad y estilo, ofrecen un espect\u00e1culo visual que trasciende la moda y el dise\u00f1o. La intersecci\u00f3n de estas disciplinas convierte a cada asistente en un embajador del arte contempor\u00e1neo, estableciendo un di\u00e1logo visual que resuena m\u00e1s all\u00e1 de la pasarela. <\/p>\n<p>En este encuentro de ideas y est\u00e9ticas, Mil\u00e1n reafirma su posici\u00f3n como epicentro de la innovaci\u00f3n y el estilo, donde cada rinc\u00f3n de la ciudad se convierte en una invitaci\u00f3n a explorar la convergencia entre dise\u00f1o y moda. La temporada del Salone del Mobile demuestra que el estilo no se limita a lo que se lleva puesto; es una experiencia total que recuerda la esencia misma de la creatividad.<\/p>\n<p><em> &#8221; Fuentes www.vogue.com &#8221; <\/em><\/p>\n","protected":false},"excerpt":{"rendered":"<p>El Estilo Urbano que Domina el Salone del Mobile El Salone del Mobile, uno de los eventos m\u00e1s esperados en el mundo del dise\u00f1o y la decoraci\u00f3n, no solo destaca por sus innovadoras exhibiciones de mobiliario, sino tambi\u00e9n por su impresionante despliegue de estilo en las calles. A medida que los dise\u00f1adores, arquitectos y amantes [&hellip;]<\/p>\n","protected":false},"author":14,"featured_media":1147001,"comment_status":"open","ping_status":"closed","sticky":false,"template":"","format":"standard","meta":{"om_disable_all_campaigns":false,"jnews-multi-image_gallery":[],"jnews_single_post":[],"jnews_primary_category":[],"jnews_social_meta":[],"footnotes":""},"categories":[144872],"tags":[198537,198594,198536,198535,29821,201213,166,72700,198499,276264,277758,202,217122,372,198500,6194,373],"class_list":["post-1146998","post","type-post","status-publish","format-standard","has-post-thumbnail","hentry","category-fashion","tag-_commerce","tag-_sensitivecontent","tag-_seo","tag-_syndication_noshow","tag-design","tag-event-coverage","tag-fashion","tag-interior-design","tag-onecolumn","tag-salone-del-mobile","tag-scene-report","tag-shopping","tag-storytypecategory-guide-comparison","tag-style","tag-textabovecenterfullbleed","tag-trends","tag-web"],"_links":{"self":[{"href":"https:\/\/dimensionturistica.com\/es\/wp-json\/wp\/v2\/posts\/1146998","targetHints":{"allow":["GET"]}}],"collection":[{"href":"https:\/\/dimensionturistica.com\/es\/wp-json\/wp\/v2\/posts"}],"about":[{"href":"https:\/\/dimensionturistica.com\/es\/wp-json\/wp\/v2\/types\/post"}],"author":[{"embeddable":true,"href":"https:\/\/dimensionturistica.com\/es\/wp-json\/wp\/v2\/users\/14"}],"replies":[{"embeddable":true,"href":"https:\/\/dimensionturistica.com\/es\/wp-json\/wp\/v2\/comments?post=1146998"}],"version-history":[{"count":1,"href":"https:\/\/dimensionturistica.com\/es\/wp-json\/wp\/v2\/posts\/1146998\/revisions"}],"predecessor-version":[{"id":1147002,"href":"https:\/\/dimensionturistica.com\/es\/wp-json\/wp\/v2\/posts\/1146998\/revisions\/1147002"}],"wp:featuredmedia":[{"embeddable":true,"href":"https:\/\/dimensionturistica.com\/es\/wp-json\/wp\/v2\/media\/1147001"}],"wp:attachment":[{"href":"https:\/\/dimensionturistica.com\/es\/wp-json\/wp\/v2\/media?parent=1146998"}],"wp:term":[{"taxonomy":"category","embeddable":true,"href":"https:\/\/dimensionturistica.com\/es\/wp-json\/wp\/v2\/categories?post=1146998"},{"taxonomy":"post_tag","embeddable":true,"href":"https:\/\/dimensionturistica.com\/es\/wp-json\/wp\/v2\/tags?post=1146998"}],"curies":[{"name":"wp","href":"https:\/\/api.w.org\/{rel}","templated":true}]}}