{"id":1146962,"date":"2026-04-30T21:46:17","date_gmt":"2026-04-30T21:46:17","guid":{"rendered":"https:\/\/dimensionturistica.com\/es\/?p=1146962"},"modified":"2026-04-30T21:46:17","modified_gmt":"2026-04-30T21:46:17","slug":"desayuno-de-fundadores-de-la-fundacion-tory-burch-rinde-homenaje-a-anna-wintour","status":"publish","type":"post","link":"https:\/\/dimensionturistica.com\/es\/desayuno-de-fundadores-de-la-fundacion-tory-burch-rinde-homenaje-a-anna-wintour\/","title":{"rendered":"Desayuno de Fundadores de la Fundaci\u00f3n Tory Burch Rinde Homenaje a Anna Wintour"},"content":{"rendered":"<p><strong>Desayuno de Innovaci\u00f3n: El Encuentro de L\u00edderes en la Moda y el Emprendimiento<\/strong><\/p>\n<p>La sinergia entre la moda y el emprendimiento cobra vida en un evento exclusivo que reuni\u00f3 a destacados l\u00edderes de la industria. En un entorno sofisticado y vibrante, el desayuno organizado por la fundaci\u00f3n de una reconocida marca de moda se convirti\u00f3 en un punto de encuentro para aut\u00e9nticos titanes de la creatividad y el liderazgo.<\/p>\n<p><strong>Un Espacio para la Inspiraci\u00f3n<\/strong><\/p>\n<p>Al entrar en la sala, se respiraba una mezcla de sofisticaci\u00f3n y entusiasmo. Las paredes adornadas con arte contempor\u00e1neo y el dise\u00f1o de interiores cuidadosamente seleccionado creaban una atm\u00f3sfera estimulante, perfecta para el intercambio de ideas innovadoras. Entre los asistentes se encontraban figuras emblem\u00e1ticas del mundo de la moda y el emprendimiento, listas para compartir sus experiencias y visiones sobre el futuro.<\/p>\n<p><strong>La Fuerza del Networking<\/strong><\/p>\n<p>Uno de los momentos m\u00e1s destacados del desayuno fue la oportunidad de networking. Las conversaciones flu\u00edan como un desfile en pasarela, con ideas luminosas y estrategias audaces en el centro de cada di\u00e1logo. Este ambiente propicio no solo facilit\u00f3 la creaci\u00f3n de nuevas conexiones, sino que tambi\u00e9n prometi\u00f3 futuras colaboraciones que podr\u00edan dar lugar a proyectos revolucionarios en el mundo de la moda.<\/p>\n<p><strong>Ponencias que Marcan Tendencia<\/strong><\/p>\n<p>Las intervenciones de l\u00edderes en la industria abordaron temas cruciales, como la sostenibilidad en la moda, el empoderamiento femenino y las \u00faltimas tendencias de mercado. Estas charlas no solo informaron, sino tambi\u00e9n inspiraron a los asistentes a pensar m\u00e1s all\u00e1 de lo convencional. Las palabras de expertos resonaron, generando un llamado a la acci\u00f3n para fomentar una moda m\u00e1s consciente y responsable.<\/p>\n<p><strong>Estilo y Compromiso Social<\/strong><\/p>\n<p>El evento no solo destac\u00f3 la creatividad y las oportunidades; tambi\u00e9n se enfoc\u00f3 en el compromiso social de los asistentes. La fundaci\u00f3n organizadora est\u00e1 dedicada a apoyar a emprendedores en su camino hacia el \u00e9xito, y esta visi\u00f3n fue un tema recurrente a lo largo del encuentro. Los asistentes compartieron sus historias personales de superaci\u00f3n y los desaf\u00edos enfrentados en su camino hacia el \u00e9xito, alentando a otros a seguir sus pasos.<\/p>\n<p><strong>Un Futuro Brillante para la Moda<\/strong><\/p>\n<p>Con una combinaci\u00f3n de talento, creatividad y un enfoque en la responsabilidad social, este desayuno se convierte en una plataforma de lanzamiento hacia un futuro m\u00e1s brillante en la moda. La interacci\u00f3n entre los asistentes no solo dej\u00f3 una huella en el presente, sino que sembr\u00f3 las semillas para inspirar a la pr\u00f3xima generaci\u00f3n de l\u00edderes creativos.<\/p>\n<p>En un mundo en constante evoluci\u00f3n, eventos como este destacan la importancia de unir fuerzas y colaborar. La moda, m\u00e1s que una mera tendencia, se presenta como un veh\u00edculo potente para el cambio, donde cada asistente tiene el potencial de dejar una marca imborrable en la industria. <\/p>\n<p><strong>Una Nueva Era de Oportunidades<\/strong><\/p>\n<p>Con una programaci\u00f3n que promete transformar la industria, el evento subraya que la moda no es solo cuesti\u00f3n de est\u00e9tica, sino una herramienta poderosa para impulsar el cambio social y econ\u00f3mico. Mientras los l\u00edderes de la industria contin\u00faan discutiendo sobre el futuro, una cosa es cierta: se est\u00e1n abriendo nuevas puertas para el emprendimiento en el \u00e1mbito de la moda, y la comunidad est\u00e1 ansiosa por explorar lo que est\u00e1 por venir. <\/p>\n<p>La uni\u00f3n entre creatividad y acci\u00f3n ha comenzado, y este es solo el principio del viaje hacia una moda m\u00e1s significativa e influyente.<\/p>\n<p><em> &#8221; Fuentes www.vogue.com &#8221; <\/em><\/p>\n","protected":false},"excerpt":{"rendered":"<p>Desayuno de Innovaci\u00f3n: El Encuentro de L\u00edderes en la Moda y el Emprendimiento La sinergia entre la moda y el emprendimiento cobra vida en un evento exclusivo que reuni\u00f3 a destacados l\u00edderes de la industria. En un entorno sofisticado y vibrante, el desayuno organizado por la fundaci\u00f3n de una reconocida marca de moda se convirti\u00f3 [&hellip;]<\/p>\n","protected":false},"author":14,"featured_media":1146963,"comment_status":"open","ping_status":"closed","sticky":false,"template":"","format":"standard","meta":{"om_disable_all_campaigns":false,"jnews-multi-image_gallery":[],"jnews_single_post":[],"jnews_primary_category":[],"jnews_social_meta":[],"footnotes":""},"categories":[144872],"tags":[167748,70213,166,137295,221673,102000,82288,110912,42198,203622,115283],"class_list":["post-1146962","post","type-post","status-publish","format-standard","has-post-thumbnail","hentry","category-fashion","tag-anna-wintour","tag-event","tag-fashion","tag-foundation","tag-founders-breakfast","tag-industry-leaders","tag-networking","tag-philanthropy","tag-tory-burch","tag-vogue-parties","tag-women-empowerment"],"_links":{"self":[{"href":"https:\/\/dimensionturistica.com\/es\/wp-json\/wp\/v2\/posts\/1146962","targetHints":{"allow":["GET"]}}],"collection":[{"href":"https:\/\/dimensionturistica.com\/es\/wp-json\/wp\/v2\/posts"}],"about":[{"href":"https:\/\/dimensionturistica.com\/es\/wp-json\/wp\/v2\/types\/post"}],"author":[{"embeddable":true,"href":"https:\/\/dimensionturistica.com\/es\/wp-json\/wp\/v2\/users\/14"}],"replies":[{"embeddable":true,"href":"https:\/\/dimensionturistica.com\/es\/wp-json\/wp\/v2\/comments?post=1146962"}],"version-history":[{"count":1,"href":"https:\/\/dimensionturistica.com\/es\/wp-json\/wp\/v2\/posts\/1146962\/revisions"}],"predecessor-version":[{"id":1146964,"href":"https:\/\/dimensionturistica.com\/es\/wp-json\/wp\/v2\/posts\/1146962\/revisions\/1146964"}],"wp:featuredmedia":[{"embeddable":true,"href":"https:\/\/dimensionturistica.com\/es\/wp-json\/wp\/v2\/media\/1146963"}],"wp:attachment":[{"href":"https:\/\/dimensionturistica.com\/es\/wp-json\/wp\/v2\/media?parent=1146962"}],"wp:term":[{"taxonomy":"category","embeddable":true,"href":"https:\/\/dimensionturistica.com\/es\/wp-json\/wp\/v2\/categories?post=1146962"},{"taxonomy":"post_tag","embeddable":true,"href":"https:\/\/dimensionturistica.com\/es\/wp-json\/wp\/v2\/tags?post=1146962"}],"curies":[{"name":"wp","href":"https:\/\/api.w.org\/{rel}","templated":true}]}}