{"id":1146941,"date":"2026-04-30T21:28:19","date_gmt":"2026-04-30T21:28:19","guid":{"rendered":"https:\/\/dimensionturistica.com\/es\/?p=1146941"},"modified":"2026-04-30T21:28:19","modified_gmt":"2026-04-30T21:28:19","slug":"jbl-celebra-su-legado-y-el-futuro-del-audio-con-the-crib-4-0-una-experiencia-inmersiva-que-une-tecnologia-musica-y-pasion-por-el-deporte","status":"publish","type":"post","link":"https:\/\/dimensionturistica.com\/es\/jbl-celebra-su-legado-y-el-futuro-del-audio-con-the-crib-4-0-una-experiencia-inmersiva-que-une-tecnologia-musica-y-pasion-por-el-deporte\/","title":{"rendered":"JBL celebra su legado y el futuro del audio con \u201cThe Crib 4.0\u201d, una experiencia inmersiva que une tecnolog\u00eda, m\u00fasica y pasi\u00f3n por el deporte"},"content":{"rendered":"\n<p>JBL, l\u00edder global en innovaci\u00f3n de audio, llev\u00f3 a cabo la cuarta edici\u00f3n de su evento insignia, JBL The Crib 4.0, una experiencia inmersiva que, del 22 al 24 de abril, transform\u00f3 una mansi\u00f3n en Anzures en un espacio donde la m\u00fasica, el entretenimiento, el deporte y la tecnolog\u00eda convergieron.<\/p>\n\n\n\n<figure class=\"wp-block-gallery has-nested-images columns-default is-cropped wp-block-gallery-1 is-layout-flex wp-block-gallery-is-layout-flex\">\n<figure class=\"wp-block-image size-large\"><img decoding=\"async\" width=\"480\" height=\"320\" data-id=\"1146945\" src=\"https:\/\/dimensionturistica.com\/es\/wp-content\/uploads\/2026\/04\/2HARMAN.jpg\" alt=\"\" class=\"wp-image-1146945\" srcset=\"https:\/\/dimensionturistica.com\/es\/wp-content\/uploads\/2026\/04\/2HARMAN.jpg 480w, https:\/\/dimensionturistica.com\/es\/wp-content\/uploads\/2026\/04\/2HARMAN-300x200.jpg 300w\" sizes=\"(max-width: 480px) 100vw, 480px\" \/><\/figure>\n<\/figure>\n\n\n\n<p>Durante tres d\u00edas, The Crib 4.0 abri\u00f3 sus puertas para ofrecer a medios, creadores y aliados estrat\u00e9gicos un recorrido por el ecosistema de la marca a trav\u00e9s de espacios tem\u00e1ticos dise\u00f1ados para vivir la experiencia sonora en todas sus formas, consolidando su lugar como un referente cultural que va m\u00e1s all\u00e1 del sonido. Cada experiencia fue dise\u00f1ada para conectar con distintos estilos de vida y formas de integrar el audio a su estilo de vida.<\/p>\n\n\n\n<p>Para los que buscan lo mejor en audio \u200b<\/p>\n\n\n\n<figure class=\"wp-block-gallery has-nested-images columns-default is-cropped wp-block-gallery-2 is-layout-flex wp-block-gallery-is-layout-flex\">\n<figure class=\"wp-block-image size-large\"><img decoding=\"async\" width=\"480\" height=\"320\" data-id=\"1146946\" src=\"https:\/\/dimensionturistica.com\/es\/wp-content\/uploads\/2026\/04\/3HARMAN.jpg\" alt=\"\" class=\"wp-image-1146946\" srcset=\"https:\/\/dimensionturistica.com\/es\/wp-content\/uploads\/2026\/04\/3HARMAN.jpg 480w, https:\/\/dimensionturistica.com\/es\/wp-content\/uploads\/2026\/04\/3HARMAN-300x200.jpg 300w\" sizes=\"(max-width: 480px) 100vw, 480px\" \/><\/figure>\n<\/figure>\n\n\n\n<p>Uno de los espacios m\u00e1s destacados fue la sala dedicada a la l\u00ednea premium JBL Tour, donde productos como Tour One M3 y Tour Pro 3 compartieron escenario dentro de la categor\u00eda de audio de lujo, posicion\u00e1ndose como referentes en innovaci\u00f3n, dise\u00f1o y calidad sonora. Por su parte, la l\u00ednea JBL Live cobr\u00f3 vida en la \u201cLive-brary\u201d, un concepto creativo que present\u00f3 los nuevos modelos Live 780NC y Live 680NC, en un entorno que conect\u00f3 el audio con el d\u00eda a d\u00eda de los usuarios.<\/p>\n\n\n\n<p>Para quienes quisieron vivir la acci\u00f3n desde adentro<\/p>\n\n\n\n<figure class=\"wp-block-gallery has-nested-images columns-default is-cropped wp-block-gallery-3 is-layout-flex wp-block-gallery-is-layout-flex\">\n<figure class=\"wp-block-image size-large\"><img decoding=\"async\" width=\"500\" height=\"333\" data-id=\"1146947\" src=\"https:\/\/dimensionturistica.com\/es\/wp-content\/uploads\/2026\/04\/4HARMAN.jpg\" alt=\"\" class=\"wp-image-1146947\" srcset=\"https:\/\/dimensionturistica.com\/es\/wp-content\/uploads\/2026\/04\/4HARMAN.jpg 500w, https:\/\/dimensionturistica.com\/es\/wp-content\/uploads\/2026\/04\/4HARMAN-300x200.jpg 300w\" sizes=\"(max-width: 500px) 100vw, 500px\" \/><\/figure>\n<\/figure>\n\n\n\n<p>A esto se sum\u00f3 la potencia de las barras de sonido JBL Bar Pro MK2 \u2014incluyendo Bar 500, Bar 800, Bar 1000 y Bar 1300\u2014 que contaron con espacios dedicados para demostraciones inmersivas. Esta l\u00ednea permiti\u00f3 recrear c\u00f3mo se puede tener un cine en casa, con una habitaci\u00f3n adaptada para disfrutar la experiencia en colaboraci\u00f3n con Mercado Play, la plataforma de streaming gratuita de Mercado Libre. \u200b \u200b<\/p>\n\n\n\n<figure class=\"wp-block-gallery has-nested-images columns-default is-cropped wp-block-gallery-4 is-layout-flex wp-block-gallery-is-layout-flex\">\n<figure class=\"wp-block-image size-large\"><img decoding=\"async\" width=\"480\" height=\"320\" data-id=\"1146948\" src=\"https:\/\/dimensionturistica.com\/es\/wp-content\/uploads\/2026\/04\/5HARMAN.jpg\" alt=\"\" class=\"wp-image-1146948\" srcset=\"https:\/\/dimensionturistica.com\/es\/wp-content\/uploads\/2026\/04\/5HARMAN.jpg 480w, https:\/\/dimensionturistica.com\/es\/wp-content\/uploads\/2026\/04\/5HARMAN-300x200.jpg 300w\" sizes=\"(max-width: 480px) 100vw, 480px\" \/><\/figure>\n<\/figure>\n\n\n\n<p>Como parte de su alianza como Audio Oficial de la Selecci\u00f3n Nacional de M\u00e9xico y para reforzar su compromiso con el equipo, la marca integr\u00f3 experiencias como un meet &amp; greet con Oribe Peralta, din\u00e1micas con los invitados y la presencia de \u201cKin\u201d, la mascota del equipo, conectando el audio con la emoci\u00f3n del juego.<\/p>\n\n\n\n<figure class=\"wp-block-gallery has-nested-images columns-default is-cropped wp-block-gallery-5 is-layout-flex wp-block-gallery-is-layout-flex\">\n<figure class=\"wp-block-image size-large\"><img decoding=\"async\" width=\"480\" height=\"320\" data-id=\"1146949\" src=\"https:\/\/dimensionturistica.com\/es\/wp-content\/uploads\/2026\/04\/6HARMAN.jpg\" alt=\"\" class=\"wp-image-1146949\" srcset=\"https:\/\/dimensionturistica.com\/es\/wp-content\/uploads\/2026\/04\/6HARMAN.jpg 480w, https:\/\/dimensionturistica.com\/es\/wp-content\/uploads\/2026\/04\/6HARMAN-300x200.jpg 300w\" sizes=\"(max-width: 480px) 100vw, 480px\" \/><\/figure>\n<\/figure>\n\n\n\n<p>Siguiendo con la conexi\u00f3n entre audio y deporte, JBL lanz\u00f3 la promoci\u00f3n \u201cEl Sonido de la Copa JBL\u201d, que estar\u00e1 activa hasta el 18 de mayo, en la que los usuarios podr\u00e1n ganar grandes premios al comprar $4,999 MXN o m\u00e1s en productos JBL en www.jbl.com.mx y retailers participantes, registrar su ticket de compra en www.elsonidodelacopajbl.com o al WhatsApp +52 1 55 4377 5110, contestar una trivia de 6 preguntas y se podr\u00e1n ganar: 1) Viajes y experiencias todo incluido; 2) Kits especiales JBL; y 3) Productos de la marca JBL.<\/p>\n\n\n\n<p>\u201cJBL The Crib 4.0 represent\u00f3 la evoluci\u00f3n de c\u00f3mo conectamos con nuestras audiencias: no solo mostramos productos, creamos experiencias que reflejan c\u00f3mo el audio vive en cada momento de sus vidas. Esta edici\u00f3n fue especialmente significativa al enmarcarse en el 80 aniversario de JBL y en nuestra alianza con la Selecci\u00f3n Nacional de M\u00e9xico\u201d, se\u00f1al\u00f3 Diego Ocaranza, Regional Marketing Manager de JBL.<\/p>\n\n\n\n<figure class=\"wp-block-gallery has-nested-images columns-default is-cropped wp-block-gallery-6 is-layout-flex wp-block-gallery-is-layout-flex\">\n<figure class=\"wp-block-image size-large\"><img decoding=\"async\" width=\"480\" height=\"320\" data-id=\"1146950\" src=\"https:\/\/dimensionturistica.com\/es\/wp-content\/uploads\/2026\/04\/7HARMAN.jpg\" alt=\"\" class=\"wp-image-1146950\" srcset=\"https:\/\/dimensionturistica.com\/es\/wp-content\/uploads\/2026\/04\/7HARMAN.jpg 480w, https:\/\/dimensionturistica.com\/es\/wp-content\/uploads\/2026\/04\/7HARMAN-300x200.jpg 300w\" sizes=\"(max-width: 480px) 100vw, 480px\" \/><\/figure>\n<\/figure>\n\n\n\n<p>Para quienes comenzaron el d\u00eda en movimiento<\/p>\n\n\n\n<p>Las ma\u00f1anas de The Crib 4.0 arrancaron con experiencias enfocadas en el bienestar, como clases de dance y sesiones de yoga en colaboraci\u00f3n con Sport City. En estos espacios, los asistentes no solo activaron su energ\u00eda, sino que tambi\u00e9n pudieron interactuar con la nueva l\u00ednea de auriculares \u201cOpen Ear\u201d de JBL. Para complementar estas actividades, Tupperware tuvo una participaci\u00f3n especial con una clase de cocina impartida por un chef de la marca, sumando un componente pr\u00e1ctico y nutritivo a la experiencia matutina. \u200b<\/p>\n\n\n\n<figure class=\"wp-block-gallery has-nested-images columns-default is-cropped wp-block-gallery-7 is-layout-flex wp-block-gallery-is-layout-flex\">\n<figure class=\"wp-block-image size-large\"><img decoding=\"async\" width=\"480\" height=\"320\" data-id=\"1146951\" src=\"https:\/\/dimensionturistica.com\/es\/wp-content\/uploads\/2026\/04\/8HARMAN.jpg\" alt=\"\" class=\"wp-image-1146951\" srcset=\"https:\/\/dimensionturistica.com\/es\/wp-content\/uploads\/2026\/04\/8HARMAN.jpg 480w, https:\/\/dimensionturistica.com\/es\/wp-content\/uploads\/2026\/04\/8HARMAN-300x200.jpg 300w\" sizes=\"(max-width: 480px) 100vw, 480px\" \/><\/figure>\n<\/figure>\n\n\n\n<p>La nueva categor\u00eda \u201cOpen Ear\u201d de JBL est\u00e1 dise\u00f1ada para disfrutar la m\u00fasica en cualquier lugar sin perder conexi\u00f3n con el entorno. Su dise\u00f1o abierto evita introducirse en el o\u00eddo o bloquear el canal auditivo, permitiendo una experiencia m\u00e1s c\u00f3moda. Adem\u00e1s, incorpora la tecnolog\u00eda JBL OpenSound con conducci\u00f3n de aire, que ofrece un sonido detallado con graves intensos. Su dise\u00f1o con gancho para la oreja garantiza comodidad y el \u00e1ngulo de escucha ideal. Esta l\u00ednea est\u00e1 compuesta por los modelos JBL Sense Lite, JBL Sense Pro, JBL Endurance Zone y JBL Soundgear Clips.<\/p>\n\n\n\n<p>Para quienes viven la m\u00fasica al m\u00e1ximo \u200b<\/p>\n\n\n\n<figure class=\"wp-block-gallery has-nested-images columns-default is-cropped wp-block-gallery-8 is-layout-flex wp-block-gallery-is-layout-flex\">\n<figure class=\"wp-block-image size-large\"><img decoding=\"async\" width=\"480\" height=\"320\" data-id=\"1146952\" src=\"https:\/\/dimensionturistica.com\/es\/wp-content\/uploads\/2026\/04\/9HARMAN.jpg\" alt=\"\" class=\"wp-image-1146952\" srcset=\"https:\/\/dimensionturistica.com\/es\/wp-content\/uploads\/2026\/04\/9HARMAN.jpg 480w, https:\/\/dimensionturistica.com\/es\/wp-content\/uploads\/2026\/04\/9HARMAN-300x200.jpg 300w\" sizes=\"(max-width: 480px) 100vw, 480px\" \/><\/figure>\n<\/figure>\n\n\n\n<p>La experiencia musical tom\u00f3 protagonismo con colaboraciones como la de Fender, que present\u00f3 un showcase junto al m\u00e1s reciente lanzamiento de JBL: BandBox, un amplificador con inteligencia artificial. La puesta en escena fusion\u00f3 tecnolog\u00eda, innovaci\u00f3n y creatividad, reflejando la evoluci\u00f3n constante de la marca a lo largo de sus 80 a\u00f1os, adapt\u00e1ndose a nuevas formas de crear y vivir la m\u00fasica.<\/p>\n\n\n\n<figure class=\"wp-block-gallery has-nested-images columns-default is-cropped wp-block-gallery-9 is-layout-flex wp-block-gallery-is-layout-flex\">\n<figure class=\"wp-block-image size-large\"><img decoding=\"async\" width=\"480\" height=\"320\" data-id=\"1146953\" src=\"https:\/\/dimensionturistica.com\/es\/wp-content\/uploads\/2026\/04\/11HARMAN.jpg\" alt=\"\" class=\"wp-image-1146953\" srcset=\"https:\/\/dimensionturistica.com\/es\/wp-content\/uploads\/2026\/04\/11HARMAN.jpg 480w, https:\/\/dimensionturistica.com\/es\/wp-content\/uploads\/2026\/04\/11HARMAN-300x200.jpg 300w\" sizes=\"(max-width: 480px) 100vw, 480px\" \/><\/figure>\n<\/figure>\n\n\n\n<p>En ese mismo esp\u00edritu, The Crib 4.0 fue el escenario de una celebraci\u00f3n especial por el 80 aniversario de JBL, reafirmando su legado como referente global en la industria del audio. M\u00e1s que una conmemoraci\u00f3n, el evento mostr\u00f3 su transformaci\u00f3n: de sus or\u00edgenes en el sonido profesional a una marca que hoy conecta con nuevas generaciones a trav\u00e9s de la cultura, la tecnolog\u00eda y el entretenimiento.<\/p>\n\n\n\n<figure class=\"wp-block-gallery has-nested-images columns-default is-cropped wp-block-gallery-10 is-layout-flex wp-block-gallery-is-layout-flex\">\n<figure class=\"wp-block-image size-large\"><img decoding=\"async\" width=\"480\" height=\"320\" data-id=\"1146954\" src=\"https:\/\/dimensionturistica.com\/es\/wp-content\/uploads\/2026\/04\/33HARMAN.jpg\" alt=\"\" class=\"wp-image-1146954\" srcset=\"https:\/\/dimensionturistica.com\/es\/wp-content\/uploads\/2026\/04\/33HARMAN.jpg 480w, https:\/\/dimensionturistica.com\/es\/wp-content\/uploads\/2026\/04\/33HARMAN-300x200.jpg 300w\" sizes=\"(max-width: 480px) 100vw, 480px\" \/><\/figure>\n<\/figure>\n\n\n\n<p>La velada alcanz\u00f3 su punto culminante con la presentaci\u00f3n de Jass Reyes, cuya energ\u00eda dio vida a la celebraci\u00f3n, acompa\u00f1ada por una barra de drinks a cargo de Mezcal Verde Amar\u00e1s. As\u00ed, JBL no solo celebr\u00f3 ocho d\u00e9cadas de historia, sino que reafirm\u00f3 su relevancia cultural y su visi\u00f3n hacia el futuro.<\/p>\n\n\n\n<figure class=\"wp-block-gallery has-nested-images columns-default is-cropped wp-block-gallery-11 is-layout-flex wp-block-gallery-is-layout-flex\">\n<figure class=\"wp-block-image size-large\"><img decoding=\"async\" width=\"480\" height=\"320\" data-id=\"1146955\" src=\"https:\/\/dimensionturistica.com\/es\/wp-content\/uploads\/2026\/04\/44HARMAN.jpg\" alt=\"\" class=\"wp-image-1146955\" srcset=\"https:\/\/dimensionturistica.com\/es\/wp-content\/uploads\/2026\/04\/44HARMAN.jpg 480w, https:\/\/dimensionturistica.com\/es\/wp-content\/uploads\/2026\/04\/44HARMAN-300x200.jpg 300w\" sizes=\"(max-width: 480px) 100vw, 480px\" \/><\/figure>\n<\/figure>\n\n\n\n<p>El cierre lleg\u00f3 con una pool party en el \u00faltimo d\u00eda de The Crib 4.0, con la participaci\u00f3n de Wild Fork y talento como Anreis, Mario Santander, Iza TKM y El Bogueto, en un ambiente que celebr\u00f3 la m\u00fasica y la comunidad. Con esta edici\u00f3n, JBL consolida su posici\u00f3n como una plataforma donde el audio no solo se escucha, sino se vive.<\/p>\n","protected":false},"excerpt":{"rendered":"<p>JBL, l\u00edder global en innovaci\u00f3n de audio, llev\u00f3 a cabo la cuarta edici\u00f3n de su evento insignia, JBL The Crib 4.0, una experiencia inmersiva que, del 22 al 24 de abril, transform\u00f3 una mansi\u00f3n en Anzures en un espacio donde la m\u00fasica, el entretenimiento, el deporte y la tecnolog\u00eda convergieron. Durante tres d\u00edas, The Crib [&hellip;]<\/p>\n","protected":false},"author":1,"featured_media":1146956,"comment_status":"open","ping_status":"closed","sticky":false,"template":"","format":"standard","meta":{"om_disable_all_campaigns":false,"jnews-multi-image_gallery":[],"jnews_single_post":[],"jnews_primary_category":[],"jnews_social_meta":[],"footnotes":""},"categories":[40],"tags":[],"class_list":["post-1146941","post","type-post","status-publish","format-standard","has-post-thumbnail","hentry","category-industria"],"_links":{"self":[{"href":"https:\/\/dimensionturistica.com\/es\/wp-json\/wp\/v2\/posts\/1146941","targetHints":{"allow":["GET"]}}],"collection":[{"href":"https:\/\/dimensionturistica.com\/es\/wp-json\/wp\/v2\/posts"}],"about":[{"href":"https:\/\/dimensionturistica.com\/es\/wp-json\/wp\/v2\/types\/post"}],"author":[{"embeddable":true,"href":"https:\/\/dimensionturistica.com\/es\/wp-json\/wp\/v2\/users\/1"}],"replies":[{"embeddable":true,"href":"https:\/\/dimensionturistica.com\/es\/wp-json\/wp\/v2\/comments?post=1146941"}],"version-history":[{"count":1,"href":"https:\/\/dimensionturistica.com\/es\/wp-json\/wp\/v2\/posts\/1146941\/revisions"}],"predecessor-version":[{"id":1146957,"href":"https:\/\/dimensionturistica.com\/es\/wp-json\/wp\/v2\/posts\/1146941\/revisions\/1146957"}],"wp:featuredmedia":[{"embeddable":true,"href":"https:\/\/dimensionturistica.com\/es\/wp-json\/wp\/v2\/media\/1146956"}],"wp:attachment":[{"href":"https:\/\/dimensionturistica.com\/es\/wp-json\/wp\/v2\/media?parent=1146941"}],"wp:term":[{"taxonomy":"category","embeddable":true,"href":"https:\/\/dimensionturistica.com\/es\/wp-json\/wp\/v2\/categories?post=1146941"},{"taxonomy":"post_tag","embeddable":true,"href":"https:\/\/dimensionturistica.com\/es\/wp-json\/wp\/v2\/tags?post=1146941"}],"curies":[{"name":"wp","href":"https:\/\/api.w.org\/{rel}","templated":true}]}}