{"id":1146932,"date":"2026-04-30T20:55:02","date_gmt":"2026-04-30T20:55:02","guid":{"rendered":"https:\/\/dimensionturistica.com\/es\/?p=1146932"},"modified":"2026-04-30T20:55:02","modified_gmt":"2026-04-30T20:55:02","slug":"dos-decadas-despues-el-maquillaje-de-aquella-pelicula-sigue-estando-a-la-altura","status":"publish","type":"post","link":"https:\/\/dimensionturistica.com\/es\/dos-decadas-despues-el-maquillaje-de-aquella-pelicula-sigue-estando-a-la-altura\/","title":{"rendered":"Dos D\u00e9cadas Despu\u00e9s: El Maquillaje de Aquella Pel\u00edcula Sigue Estando a la Altura"},"content":{"rendered":"<h3>El Impacto del Maquillaje en la Moda: Un Estilo Ic\u00f3nico que Trasciende<\/h3>\n<p>La moda y el maquillaje son dos mundos intr\u00ednsecamente interconectados que han definido y redefinido tendencias a lo largo de las d\u00e9cadas. La forma en que se elige presentar una imagen puede ser tan poderosa como la ropa que se lleva puesta. En este contexto, la influencia del maquillaje en la moda se ha manifestado de maneras sorprendentes, llevando a la creaci\u00f3n de looks inolvidables que marcan \u00e9pocas.<\/p>\n<h4>La Era del \u201cDramatismo Sutil\u201d<\/h4>\n<p>En un contexto donde la excentricidad es la norma, hay un lugar especial para el \u201cdramatismo sutil\u201d. Este estilo se apoya en t\u00e9cnicas que resaltan la belleza natural sin caer en lo vulgar. Colores que evocan elegancia y sofisticaci\u00f3n, combinados con una piel perfectamente cuidada y luminosa, representan un enfoque que ha resonado en las pasarelas y en la vida cotidiana de muchas personas.<\/p>\n<p>El acabado mate en los labios y la piel luminosa, que se convirtieron en el sello distintivo de un look bien logrado, invitan a reflexionar sobre c\u00f3mo el maquillaje puede ser una extensi\u00f3n del estilo personal. Las tendencias actuales nos muestran que menos es m\u00e1s, y que un toque de color en las mejillas puede transformar completamente un look.<\/p>\n<h4>Inspiraci\u00f3n en el Cine<\/h4>\n<p>El cine no ha sido ajeno a la influencia del maquillaje en la construcci\u00f3n de personajes inolvidables. Personajes ic\u00f3nicos, que se vuelven s\u00edmbolo de una est\u00e9tica particular, demuestran c\u00f3mo el maquillaje puede contar historias. Los looks elaborados y cuidadosamente dise\u00f1ados para films emblem\u00e1ticos han dejado huella, inspirando a artistas del maquillaje a crear obras maestras que trascienden la pantalla.<\/p>\n<p>La narrativa visual que se crea a trav\u00e9s del maquillaje puede ser tan clara como el mensaje que se desea comunicar con la moda. Cada trazo de l\u00e1piz labial o aplicaci\u00f3n de sombra de ojos aporta a la historia que se cuenta, tanto en las pasarelas como en la vida real.<\/p>\n<h4>Colores que Hablan<\/h4>\n<p>Los colores utilizados en el maquillaje no solo son una elecci\u00f3n est\u00e9tica; comunican emociones y estados de \u00e1nimo. Desde los tonos neutros y terrosos que evocan calidez y cercan\u00eda, hasta los tonos vibrantes que inspiran energ\u00eda y audacia, cada look es un reflejo del estado interno del individuo.<\/p>\n<p>Esta paleta de posibilidades permite al consumidor y al dise\u00f1ador experimentar, redefiniendo constantemente lo que se considera \u201cmoda\u201d. La creatividad en la combinaci\u00f3n de colores puede transformar completamente una prenda sencilla en algo espectacular, elevando el look a nuevas alturas.<\/p>\n<h4>Conclusiones de Estilo<\/h4>\n<p>La intersecci\u00f3n entre moda y maquillaje es, sin duda, un campo f\u00e9rtil para la innovaci\u00f3n. No solo es un reflejo del tiempo que vivimos, sino tambi\u00e9n un veh\u00edculo para la autoexpresi\u00f3n. A medida que las tendencias evolucionan, el maquillaje sigue desempe\u00f1ando un papel fundamental en la forma en que se interpreta y se presenta la moda. Los dise\u00f1adores y los maquilladores colaboran para forjar im\u00e1genes que capturan la esencia misma de la modernidad.<\/p>\n<p>Cada a\u00f1o, las pasarelas y el cine nos regalan looks que se convierten en referencia para futuras generaciones. As\u00ed, el di\u00e1logo entre la moda y el maquillaje contin\u00faa, inspirando y desafiando las normas establecidas. La moda se viste de belleza, y la belleza se reinventa a trav\u00e9s de la moda, creando un ciclo interminable que fascina y cautiva.<\/p>\n<p><em> &#8221; Fuentes www.vogue.com &#8221; <\/em><\/p>\n","protected":false},"excerpt":{"rendered":"<p>El Impacto del Maquillaje en la Moda: Un Estilo Ic\u00f3nico que Trasciende La moda y el maquillaje son dos mundos intr\u00ednsecamente interconectados que han definido y redefinido tendencias a lo largo de las d\u00e9cadas. La forma en que se elige presentar una imagen puede ser tan poderosa como la ropa que se lleva puesta. En [&hellip;]<\/p>\n","protected":false},"author":14,"featured_media":1146933,"comment_status":"open","ping_status":"closed","sticky":false,"template":"","format":"standard","meta":{"om_disable_all_campaigns":false,"jnews-multi-image_gallery":[],"jnews_single_post":[],"jnews_primary_category":[],"jnews_social_meta":[],"footnotes":""},"categories":[144872],"tags":[201094,200440,297,166,277741,198886,198593,130377,205385,204816],"class_list":["post-1146932","post","type-post","status-publish","format-standard","has-post-thumbnail","hentry","category-fashion","tag-2000s","tag-beauty-trends","tag-cinema","tag-fashion","tag-film-makeup","tag-iconic-looks","tag-makeup","tag-pop-culture","tag-the-devil-wears-prada","tag-timeless-style"],"_links":{"self":[{"href":"https:\/\/dimensionturistica.com\/es\/wp-json\/wp\/v2\/posts\/1146932","targetHints":{"allow":["GET"]}}],"collection":[{"href":"https:\/\/dimensionturistica.com\/es\/wp-json\/wp\/v2\/posts"}],"about":[{"href":"https:\/\/dimensionturistica.com\/es\/wp-json\/wp\/v2\/types\/post"}],"author":[{"embeddable":true,"href":"https:\/\/dimensionturistica.com\/es\/wp-json\/wp\/v2\/users\/14"}],"replies":[{"embeddable":true,"href":"https:\/\/dimensionturistica.com\/es\/wp-json\/wp\/v2\/comments?post=1146932"}],"version-history":[{"count":1,"href":"https:\/\/dimensionturistica.com\/es\/wp-json\/wp\/v2\/posts\/1146932\/revisions"}],"predecessor-version":[{"id":1146934,"href":"https:\/\/dimensionturistica.com\/es\/wp-json\/wp\/v2\/posts\/1146932\/revisions\/1146934"}],"wp:featuredmedia":[{"embeddable":true,"href":"https:\/\/dimensionturistica.com\/es\/wp-json\/wp\/v2\/media\/1146933"}],"wp:attachment":[{"href":"https:\/\/dimensionturistica.com\/es\/wp-json\/wp\/v2\/media?parent=1146932"}],"wp:term":[{"taxonomy":"category","embeddable":true,"href":"https:\/\/dimensionturistica.com\/es\/wp-json\/wp\/v2\/categories?post=1146932"},{"taxonomy":"post_tag","embeddable":true,"href":"https:\/\/dimensionturistica.com\/es\/wp-json\/wp\/v2\/tags?post=1146932"}],"curies":[{"name":"wp","href":"https:\/\/api.w.org\/{rel}","templated":true}]}}