{"id":1146922,"date":"2026-04-30T20:53:04","date_gmt":"2026-04-30T20:53:04","guid":{"rendered":"https:\/\/dimensionturistica.com\/es\/?p=1146922"},"modified":"2026-04-30T20:53:04","modified_gmt":"2026-04-30T20:53:04","slug":"buenacopa-llevara-decalogo-de-consumo-responsable-a-bares-y-restaurantes-de-cdmx-rumbo-al-mundial-2026","status":"publish","type":"post","link":"https:\/\/dimensionturistica.com\/es\/buenacopa-llevara-decalogo-de-consumo-responsable-a-bares-y-restaurantes-de-cdmx-rumbo-al-mundial-2026\/","title":{"rendered":"#BuenaCopa llevar\u00e1 dec\u00e1logo de consumo responsable a bares y restaurantes de CDMX rumbo al Mundial 2026"},"content":{"rendered":"\n<p>De cara al Mundial 2026, la Ciudad de M\u00e9xico llevar\u00e1 a bares, restaurantes y hoteles un Dec\u00e1logo de Buenas Pr\u00e1cticas visible para el p\u00fablico \u2014en materiales impresos y digitales\u2014 como parte de un protocolo de consumo responsable que incluye acciones como ofrecer agua gratuita con cada bebida alcoh\u00f3lica, impulsado por el movimiento #BuenaCopa.<\/p>\n\n\n\n<figure class=\"wp-block-gallery has-nested-images columns-default is-cropped wp-block-gallery-1 is-layout-flex wp-block-gallery-is-layout-flex\">\n<figure class=\"wp-block-image size-large\"><img decoding=\"async\" width=\"500\" height=\"333\" data-id=\"1146923\" src=\"https:\/\/dimensionturistica.com\/es\/wp-content\/uploads\/2026\/04\/1CDMX.jpg\" alt=\"\" class=\"wp-image-1146923\" srcset=\"https:\/\/dimensionturistica.com\/es\/wp-content\/uploads\/2026\/04\/1CDMX.jpg 500w, https:\/\/dimensionturistica.com\/es\/wp-content\/uploads\/2026\/04\/1CDMX-300x200.jpg 300w\" sizes=\"(max-width: 500px) 100vw, 500px\" \/><\/figure>\n<\/figure>\n\n\n\n<p>En un esfuerzo sin precedentes por elevar los est\u00e1ndares de hospitalidad y responsabilidad ante los ojos del mundo, la Comisi\u00f3n para la Industria de Vinos y Licores (CIVyL) fortaleci\u00f3 hoy su movimiento #BuenaCopa mediante una alianza estrat\u00e9gica con el Fondo de Promoci\u00f3n Tur\u00edstica de la CDMX, la CANIRAC y CANACO.<\/p>\n\n\n\n<p>En el marco del Tianguis Tur\u00edstico 2026, los titulares de estas instituciones formalizaron una carta de intenci\u00f3n que consolida una agenda conjunta de consumo responsable, dise\u00f1ada para recibir a la afici\u00f3n global que se dar\u00e1 cita en el pa\u00eds rumbo al Mundial 2026.<\/p>\n\n\n\n<figure class=\"wp-block-gallery has-nested-images columns-default is-cropped wp-block-gallery-2 is-layout-flex wp-block-gallery-is-layout-flex\">\n<figure class=\"wp-block-image size-large\"><img decoding=\"async\" width=\"500\" height=\"333\" data-id=\"1146924\" src=\"https:\/\/dimensionturistica.com\/es\/wp-content\/uploads\/2026\/04\/3CDMX.jpg\" alt=\"\" class=\"wp-image-1146924\" srcset=\"https:\/\/dimensionturistica.com\/es\/wp-content\/uploads\/2026\/04\/3CDMX.jpg 500w, https:\/\/dimensionturistica.com\/es\/wp-content\/uploads\/2026\/04\/3CDMX-300x200.jpg 300w\" sizes=\"(max-width: 500px) 100vw, 500px\" \/><\/figure>\n<\/figure>\n\n\n\n<p>La implementaci\u00f3n de este modelo contempla la participaci\u00f3n de cientos de establecimientos en zonas de alta afluencia tur\u00edstica, con un alcance estimado de 5 millones durante el Mundial 2026. Con ello, la Ciudad de M\u00e9xico podr\u00eda convertirse en la primera sede mundialista en establecer un esquema visible y coordinado de consumo responsable, marcando un precedente para otras ciudades anfitrionas.<\/p>\n\n\n\n<p>M\u00e1s que una campa\u00f1a, #BuenaCopa evoluciona hacia un movimiento cultural que busca redefinir la forma de celebrar en M\u00e9xico. Esta alianza estrat\u00e9gica con el sector p\u00fablico y empresarial permitir\u00e1 la implementaci\u00f3n de un Dec\u00e1logo de Buenas Pr\u00e1cticas. Como parte de los compromisos inmediatos, destacan:<\/p>\n\n\n\n<p>\u25cf&nbsp;&nbsp;&nbsp;&nbsp;&nbsp; Protocolo de hidrataci\u00f3n: Ofrecer un vaso de agua natural sin costo por cada bebida servida, como norma de servicio.<\/p>\n\n\n\n<figure class=\"wp-block-gallery has-nested-images columns-default is-cropped wp-block-gallery-3 is-layout-flex wp-block-gallery-is-layout-flex\">\n<figure class=\"wp-block-image size-large\"><img decoding=\"async\" width=\"500\" height=\"333\" data-id=\"1146925\" src=\"https:\/\/dimensionturistica.com\/es\/wp-content\/uploads\/2026\/04\/4CDMX.jpg\" alt=\"\" class=\"wp-image-1146925\" srcset=\"https:\/\/dimensionturistica.com\/es\/wp-content\/uploads\/2026\/04\/4CDMX.jpg 500w, https:\/\/dimensionturistica.com\/es\/wp-content\/uploads\/2026\/04\/4CDMX-300x200.jpg 300w\" sizes=\"(max-width: 500px) 100vw, 500px\" \/><\/figure>\n<\/figure>\n\n\n\n<p>\u25cf&nbsp;&nbsp;&nbsp;&nbsp;&nbsp; Educaci\u00f3n sobre el Trago Est\u00e1ndar: Saber que la cantidad de alcohol es la misma sin importar la bebida.<\/p>\n\n\n\n<p>\u25cf&nbsp;&nbsp;&nbsp;&nbsp;&nbsp; Est\u00e1ndares de seguridad y atenci\u00f3n: Despliegue de herramientas gr\u00e1ficas y protocolos operativos para garantizar entornos de convivencia seguros.<\/p>\n\n\n\n<p>\u25cf&nbsp;&nbsp;&nbsp;&nbsp;&nbsp; Impacto y conciencia social: Una estrategia de difusi\u00f3n omnicanal para integrar la filosof\u00eda #BuenaCopa en la conversaci\u00f3n p\u00fablica y el h\u00e1bito cotidiano de los visitantes.<\/p>\n\n\n\n<figure class=\"wp-block-gallery has-nested-images columns-default is-cropped wp-block-gallery-4 is-layout-flex wp-block-gallery-is-layout-flex\">\n<figure class=\"wp-block-image size-large\"><img decoding=\"async\" width=\"500\" height=\"261\" data-id=\"1146927\" src=\"https:\/\/dimensionturistica.com\/es\/wp-content\/uploads\/2026\/04\/7CDMX.jpg\" alt=\"\" class=\"wp-image-1146927\" srcset=\"https:\/\/dimensionturistica.com\/es\/wp-content\/uploads\/2026\/04\/7CDMX.jpg 500w, https:\/\/dimensionturistica.com\/es\/wp-content\/uploads\/2026\/04\/7CDMX-300x157.jpg 300w\" sizes=\"(max-width: 500px) 100vw, 500px\" \/><\/figure>\n<\/figure>\n\n\n\n<p>\u201cLa evoluci\u00f3n de #BuenaCopa no es una iniciativa aislada de la industria. Es una suma de voluntades entre el sector p\u00fablico y las c\u00e1maras m\u00e1s importantes del pa\u00eds (CANIRAC, CANACO) para proteger la experiencia de todos. Parte de este esfuerzo es hacer consciencia de que el contenido de alcohol es el mismo sin importar la bebida, para que las personas puedan tomar decisiones m\u00e1s responsables. La moderaci\u00f3n es, sobre todo, una decisi\u00f3n personal.\u201d, se\u00f1al\u00f3 Montserrat Alonso, Coordinadora de Asuntos P\u00fablicos de CIVyL.<\/p>\n\n\n\n<p>Por su parte, Carlos Mart\u00ednez, Titular del Fondo Mixto de Promoci\u00f3n Tur\u00edstica de la Ciudad de M\u00e9xico concluy\u00f3: \u201cLa CDMX no solo es el coraz\u00f3n del turismo en el pa\u00eds, es una vitrina ante el mundo. Al sumar esfuerzos con la industria formal a trav\u00e9s de #BuenaCopa, reafirmamos que somos un destino de vanguardia que sabe celebrar con responsabilidad. Queremos que cada visitante se lleve la mejor experiencia de nuestra hospitalidad y que la CDMX sea recordada como una sede mundialista ejemplar, segura y consciente\u201d.|<\/p>\n","protected":false},"excerpt":{"rendered":"<p>De cara al Mundial 2026, la Ciudad de M\u00e9xico llevar\u00e1 a bares, restaurantes y hoteles un Dec\u00e1logo de Buenas Pr\u00e1cticas visible para el p\u00fablico \u2014en materiales impresos y digitales\u2014 como parte de un protocolo de consumo responsable que incluye acciones como ofrecer agua gratuita con cada bebida alcoh\u00f3lica, impulsado por el movimiento #BuenaCopa. En un [&hellip;]<\/p>\n","protected":false},"author":1,"featured_media":1146929,"comment_status":"open","ping_status":"closed","sticky":false,"template":"","format":"standard","meta":{"om_disable_all_campaigns":false,"jnews-multi-image_gallery":[],"jnews_single_post":[],"jnews_primary_category":[],"jnews_social_meta":[],"footnotes":""},"categories":[39],"tags":[],"class_list":["post-1146922","post","type-post","status-publish","format-standard","has-post-thumbnail","hentry","category-viajes"],"_links":{"self":[{"href":"https:\/\/dimensionturistica.com\/es\/wp-json\/wp\/v2\/posts\/1146922","targetHints":{"allow":["GET"]}}],"collection":[{"href":"https:\/\/dimensionturistica.com\/es\/wp-json\/wp\/v2\/posts"}],"about":[{"href":"https:\/\/dimensionturistica.com\/es\/wp-json\/wp\/v2\/types\/post"}],"author":[{"embeddable":true,"href":"https:\/\/dimensionturistica.com\/es\/wp-json\/wp\/v2\/users\/1"}],"replies":[{"embeddable":true,"href":"https:\/\/dimensionturistica.com\/es\/wp-json\/wp\/v2\/comments?post=1146922"}],"version-history":[{"count":1,"href":"https:\/\/dimensionturistica.com\/es\/wp-json\/wp\/v2\/posts\/1146922\/revisions"}],"predecessor-version":[{"id":1146931,"href":"https:\/\/dimensionturistica.com\/es\/wp-json\/wp\/v2\/posts\/1146922\/revisions\/1146931"}],"wp:featuredmedia":[{"embeddable":true,"href":"https:\/\/dimensionturistica.com\/es\/wp-json\/wp\/v2\/media\/1146929"}],"wp:attachment":[{"href":"https:\/\/dimensionturistica.com\/es\/wp-json\/wp\/v2\/media?parent=1146922"}],"wp:term":[{"taxonomy":"category","embeddable":true,"href":"https:\/\/dimensionturistica.com\/es\/wp-json\/wp\/v2\/categories?post=1146922"},{"taxonomy":"post_tag","embeddable":true,"href":"https:\/\/dimensionturistica.com\/es\/wp-json\/wp\/v2\/tags?post=1146922"}],"curies":[{"name":"wp","href":"https:\/\/api.w.org\/{rel}","templated":true}]}}