{"id":1146915,"date":"2026-04-30T20:39:40","date_gmt":"2026-04-30T20:39:40","guid":{"rendered":"https:\/\/dimensionturistica.com\/es\/?p=1146915"},"modified":"2026-04-30T20:39:40","modified_gmt":"2026-04-30T20:39:40","slug":"juan-el-viaje-final","status":"publish","type":"post","link":"https:\/\/dimensionturistica.com\/es\/juan-el-viaje-final\/","title":{"rendered":"Juan, el viaje final"},"content":{"rendered":"<h3>Un Viaje Inolvidable: La Magia de las \u00daltimas Experiencias<\/h3>\n<p>En el vasto mundo del turismo, cada viaje tiene su propia historia, pero ninguno es tan conmovedor como aquel que nos sumerge en la esencia de la vida y la despedida. Imaginen un escenario donde los recuerdos se entrelazan con la naturaleza y los lazos familiares. Este es el relato de un \u00faltimo viaje, una traves\u00eda cargada de emociones, reflexiones y, sobre todo, del poder de las experiencias compartidas.<\/p>\n<p>La traves\u00eda comienza en un lugar id\u00edlico, un destino que no solo atrae por su belleza sino tambi\u00e9n por la conexi\u00f3n profunda que uno puede sentir con cada rinc\u00f3n. Desde el momento en que los viajeros se adentran en este enclave, son recibidos por paisajes que parecen sacados de un sue\u00f1o: monta\u00f1as majestuosas, r\u00edos cantarinos y una fauna que despierta admiraci\u00f3n. Pero m\u00e1s all\u00e1 del entorno, es el esp\u00edritu de quienes nos rodean lo que realmente marca la diferencia.<\/p>\n<p>Uno de los aspectos m\u00e1s impactantes de este viaje es el reencuentro con seres queridos. Viajar es una oportunidad para fortalecer los lazos familiares, donde las risas y an\u00e9cdotas se convierten en el motor de la experiencia. En este contexto, cada encuentro se convierte en un ritual, un homenaje a la vida misma que nos recuerda la importancia de disfrutar el aqu\u00ed y el ahora.<\/p>\n<p>Sin embargo, no todo fue fest\u00edn de risas; tambi\u00e9n emergieron momentos de introspecci\u00f3n. La fragilidad de la vida se hizo palpable en conversaciones sinceras, reflejando la necesidad de vivir con intensidad. Esta dualidad entre la alegr\u00eda de compartir y la tristeza de lo ef\u00edmero cre\u00f3 un ambiente \u00fanico, donde el amor y la nostalgia cohabitan con fuerza.<\/p>\n<p>Este viaje, por tanto, nos deja una ense\u00f1anza invaluable: la esencia de los viajes no radica \u00fanicamente en los lugares visitados, sino en las conexiones humanas y las emociones experimentadas. Las aventuras se acumulan en la memoria de los viajeros, pero son las historias compartidas y los momentos genuinos los que perduran.<\/p>\n<p>Las diversas actividades, desde caminatas por senderos que desaf\u00edan al alma hasta cenas en lugares donde la gastronom\u00eda transciende lo culinario, permiten explorar no solo el destino, sino tambi\u00e9n la profundidad del propio ser. Hay algo terap\u00e9utico en explorar nuevos horizontes, pero hay una magia especial en hacerlo junto a quienes m\u00e1s amamos.<\/p>\n<p>Finalmente, al regresar a casa, los viajeros llevan consigo recuerdos impregnados de amor, de risas compartidas y de una perspectiva renovada sobre la vida. Cada viaje queda grabado en el coraz\u00f3n, y este \u00faltimo no fue la excepci\u00f3n. Reflexionar sobre lo vivido nos motiva a seguir buscando nuevas aventuras, mientras honramos las que ya han sido.<\/p>\n<p>As\u00ed, el eco de este \u00faltimo viaje resuena con fuerza, record\u00e1ndonos que cada experiencia es una oportunidad para aprender y crecer. Viajar no es solo desplazarse de un lugar a otro; es un acto de amor, un tributo a la vida y un homenaje a las relaciones que forjan nuestra historia. En cada paso, llevamos la esencia de quienes somos, y en cada destino, descubrimos el poder del encuentro.<\/p>\n<p><em> &#8221; Fuentes www.quadratin.com.mx &#8221; <\/em><\/p>\n","protected":false},"excerpt":{"rendered":"<p>Un Viaje Inolvidable: La Magia de las \u00daltimas Experiencias En el vasto mundo del turismo, cada viaje tiene su propia historia, pero ninguno es tan conmovedor como aquel que nos sumerge en la esencia de la vida y la despedida. Imaginen un escenario donde los recuerdos se entrelazan con la naturaleza y los lazos familiares. [&hellip;]<\/p>\n","protected":false},"author":4,"featured_media":1146916,"comment_status":"open","ping_status":"closed","sticky":false,"template":"","format":"standard","meta":{"om_disable_all_campaigns":false,"jnews-multi-image_gallery":[],"jnews_single_post":[],"jnews_primary_category":[],"jnews_social_meta":[],"footnotes":""},"categories":[39],"tags":[13687,662,23724,6643,18881,6037,26664,681,1359],"class_list":["post-1146915","post","type-post","status-publish","format-standard","has-post-thumbnail","hentry","category-viajes","tag-aventura","tag-cultura","tag-descubrimiento","tag-historia","tag-juventud","tag-michoacan","tag-reflexion","tag-viaje","tag-vida"],"_links":{"self":[{"href":"https:\/\/dimensionturistica.com\/es\/wp-json\/wp\/v2\/posts\/1146915","targetHints":{"allow":["GET"]}}],"collection":[{"href":"https:\/\/dimensionturistica.com\/es\/wp-json\/wp\/v2\/posts"}],"about":[{"href":"https:\/\/dimensionturistica.com\/es\/wp-json\/wp\/v2\/types\/post"}],"author":[{"embeddable":true,"href":"https:\/\/dimensionturistica.com\/es\/wp-json\/wp\/v2\/users\/4"}],"replies":[{"embeddable":true,"href":"https:\/\/dimensionturistica.com\/es\/wp-json\/wp\/v2\/comments?post=1146915"}],"version-history":[{"count":1,"href":"https:\/\/dimensionturistica.com\/es\/wp-json\/wp\/v2\/posts\/1146915\/revisions"}],"predecessor-version":[{"id":1146917,"href":"https:\/\/dimensionturistica.com\/es\/wp-json\/wp\/v2\/posts\/1146915\/revisions\/1146917"}],"wp:featuredmedia":[{"embeddable":true,"href":"https:\/\/dimensionturistica.com\/es\/wp-json\/wp\/v2\/media\/1146916"}],"wp:attachment":[{"href":"https:\/\/dimensionturistica.com\/es\/wp-json\/wp\/v2\/media?parent=1146915"}],"wp:term":[{"taxonomy":"category","embeddable":true,"href":"https:\/\/dimensionturistica.com\/es\/wp-json\/wp\/v2\/categories?post=1146915"},{"taxonomy":"post_tag","embeddable":true,"href":"https:\/\/dimensionturistica.com\/es\/wp-json\/wp\/v2\/tags?post=1146915"}],"curies":[{"name":"wp","href":"https:\/\/api.w.org\/{rel}","templated":true}]}}