{"id":1146875,"date":"2026-04-30T19:41:50","date_gmt":"2026-04-30T19:41:50","guid":{"rendered":"https:\/\/dimensionturistica.com\/es\/?p=1146875"},"modified":"2026-04-30T19:41:50","modified_gmt":"2026-04-30T19:41:50","slug":"signify-ilumina-300-anos-de-historia-en-los-arcos-de-queretaro-con-tecnologia-que-preserva-el-patrimonio","status":"publish","type":"post","link":"https:\/\/dimensionturistica.com\/es\/signify-ilumina-300-anos-de-historia-en-los-arcos-de-queretaro-con-tecnologia-que-preserva-el-patrimonio\/","title":{"rendered":"Signify ilumina 300 a\u00f1os de historia en los Arcos de Quer\u00e9taro con tecnolog\u00eda que preserva el patrimonio"},"content":{"rendered":"\n<p>En el marco del 300 aniversario del Acueducto de Quer\u00e9taro, uno de los s\u00edmbolos arquitect\u00f3nicos m\u00e1s emblem\u00e1ticos del pa\u00eds y Patrimonio Mundial de la UNESCO,<\/p>\n\n\n\n<p>Signify , destaca el papel de la tecnolog\u00eda como aliada en la conservaci\u00f3n y evoluci\u00f3n del patrimonio<\/p>\n\n\n\n<p>hist\u00f3rico.<\/p>\n\n\n\n<figure class=\"wp-block-gallery has-nested-images columns-default is-cropped wp-block-gallery-1 is-layout-flex wp-block-gallery-is-layout-flex\">\n<figure class=\"wp-block-image size-large\"><img decoding=\"async\" width=\"1024\" height=\"576\" data-id=\"1146876\" src=\"https:\/\/dimensionturistica.com\/es\/wp-content\/uploads\/2026\/04\/4-1024x576.jpeg\" alt=\"\" class=\"wp-image-1146876\" srcset=\"https:\/\/dimensionturistica.com\/es\/wp-content\/uploads\/2026\/04\/4-1024x576.jpeg 1024w, https:\/\/dimensionturistica.com\/es\/wp-content\/uploads\/2026\/04\/4-300x169.jpeg 300w, https:\/\/dimensionturistica.com\/es\/wp-content\/uploads\/2026\/04\/4-768x432.jpeg 768w, https:\/\/dimensionturistica.com\/es\/wp-content\/uploads\/2026\/04\/4-1536x864.jpeg 1536w, https:\/\/dimensionturistica.com\/es\/wp-content\/uploads\/2026\/04\/4-750x422.jpeg 750w, https:\/\/dimensionturistica.com\/es\/wp-content\/uploads\/2026\/04\/4-1140x641.jpeg 1140w, https:\/\/dimensionturistica.com\/es\/wp-content\/uploads\/2026\/04\/4.jpeg 1600w\" sizes=\"(max-width: 1024px) 100vw, 1024px\" \/><\/figure>\n<\/figure>\n\n\n\n<p>A tres siglos de su construcci\u00f3n, el acueducto \u2014con sus 74 arcos y m\u00e1s de 1.2 kil\u00f3metros de extensi\u00f3n\u2014 no s\u00f3lo transform\u00f3 el desarrollo urbano de Quer\u00e9taro, sino que hoy contin\u00faa siendo uno de los s\u00edmbolos m\u00e1s representativos de la ciudad y un punto de referencia en su identidad colectiva.<\/p>\n\n\n\n<p>En el marco de su tricentenario, este \u00edcono hist\u00f3rico reafirma su vigencia a trav\u00e9s de una infraestructura lum\u00ednica de vanguardia. Tras un a\u00f1o de operaci\u00f3n, la tecnolog\u00eda de Signify se ha consolidado como un pilar fundamental para su preservaci\u00f3n, transformando de manera permanente la experiencia nocturna de la comunidad y garantizando su esplendor para las futuras generaciones.<\/p>\n\n\n\n<p>Bajo la visi\u00f3n estrat\u00e9gica del Ayuntamiento de Quer\u00e9taro, y en una colaboraci\u00f3n t\u00e9cnica sin precedentes entre LED Proyecta, SCOSI y Signify, el Acueducto cuenta hoy con una infraestructura de iluminaci\u00f3n conectada de \u00faltima generaci\u00f3n. Basada en tecnolog\u00eda Color Kinetics, esta intervenci\u00f3n ha transformado al monumento en un icono vivo que trasciende su est\u00e9tica para convertirse en un espacio activo que late al ritmo de las celebraciones y momentos clave de la ciudad.<\/p>\n\n\n\n<figure class=\"wp-block-gallery has-nested-images columns-default is-cropped wp-block-gallery-2 is-layout-flex wp-block-gallery-is-layout-flex\">\n<figure class=\"wp-block-image size-large\"><img decoding=\"async\" width=\"768\" height=\"1024\" data-id=\"1146877\" src=\"https:\/\/dimensionturistica.com\/es\/wp-content\/uploads\/2026\/04\/5-768x1024.jpeg\" alt=\"\" class=\"wp-image-1146877\" srcset=\"https:\/\/dimensionturistica.com\/es\/wp-content\/uploads\/2026\/04\/5-768x1024.jpeg 768w, https:\/\/dimensionturistica.com\/es\/wp-content\/uploads\/2026\/04\/5-225x300.jpeg 225w, https:\/\/dimensionturistica.com\/es\/wp-content\/uploads\/2026\/04\/5-1152x1536.jpeg 1152w, https:\/\/dimensionturistica.com\/es\/wp-content\/uploads\/2026\/04\/5-750x1000.jpeg 750w, https:\/\/dimensionturistica.com\/es\/wp-content\/uploads\/2026\/04\/5-1140x1520.jpeg 1140w, https:\/\/dimensionturistica.com\/es\/wp-content\/uploads\/2026\/04\/5.jpeg 1200w\" sizes=\"(max-width: 768px) 100vw, 768px\" \/><\/figure>\n<\/figure>\n\n\n\n<p>M\u00e1s all\u00e1 del impacto visual, esta soluci\u00f3n destaca por su dise\u00f1o no invasivo y su respeto t\u00e9cnico al<\/p>\n\n\n\n<p>material original. El proyecto integra una combinaci\u00f3n estrat\u00e9gica de 146 luminarias Graze IntelliHue y 240 ReachElite de Color Kinetics, seleccionadas por su \u00f3ptica de precisi\u00f3n que permite ba\u00f1ar la piedra caliza con una uniformidad perfecta, eliminando el deslumbramiento y minimizando la&nbsp; dispersi\u00f3n lum\u00ednica hacia el cielo.<\/p>\n\n\n\n<p>Gracias a la tecnolog\u00eda IntelliHue de Color Kinetics, el sistema logra una mezcla de colores de alta<\/p>\n\n\n\n<p>calidad y tonos blancos precisos que resaltan la textura natural de la cantera rosa sin distorsionarla.<\/p>\n\n\n\n<p>Todo el ecosistema es orquestado por un controlador iPlayer 4, que convierte al acueducto en un lienzo din\u00e1mico capaz de ejecutar narrativas lum\u00ednicas complejas, garantizando una operaci\u00f3n remota simplificada y un mantenimiento m\u00ednimo que protege el monumento de intervenciones f\u00edsicas recurrentes.<\/p>\n\n\n\n<figure class=\"wp-block-gallery has-nested-images columns-default is-cropped wp-block-gallery-3 is-layout-flex wp-block-gallery-is-layout-flex\">\n<figure class=\"wp-block-image size-large\"><img decoding=\"async\" width=\"500\" height=\"666\" data-id=\"1146878\" src=\"https:\/\/dimensionturistica.com\/es\/wp-content\/uploads\/2026\/04\/9SIG.jpg\" alt=\"\" class=\"wp-image-1146878\" srcset=\"https:\/\/dimensionturistica.com\/es\/wp-content\/uploads\/2026\/04\/9SIG.jpg 500w, https:\/\/dimensionturistica.com\/es\/wp-content\/uploads\/2026\/04\/9SIG-225x300.jpg 225w\" sizes=\"(max-width: 500px) 100vw, 500px\" \/><\/figure>\n<\/figure>\n\n\n\n<p>Este enfoque se alinea con modelos de sostenibilidad y econom\u00eda circular de Signify y el programa global Brighter Lives, Better World 2030, que buscan optimizar el uso de recursos, extender la vida<\/p>\n\n\n\n<p>\u00fatil de la infraestructura y reducir emisiones, integrando la conservaci\u00f3n del patrimonio dentro de<\/p>\n\n\n\n<p>una visi\u00f3n m\u00e1s amplia de desarrollo urbano responsable.<\/p>\n\n\n\n<p>La implementaci\u00f3n de sistemas de gesti\u00f3n remota permite, adem\u00e1s, monitorear y ajustar en tiempo<\/p>\n\n\n\n<p>real la operaci\u00f3n de la iluminaci\u00f3n, optimizando su desempe\u00f1o y reduciendo la necesidad de intervenciones f\u00edsicas sobre el monumento. De esta forma, el acueducto se integra de manera activa<\/p>\n\n\n\n<p>al ecosistema de ciudad inteligente de Quer\u00e9taro.<\/p>\n\n\n\n<p>El impacto de esta transformaci\u00f3n tambi\u00e9n se refleja en la din\u00e1mica urbana. Quer\u00e9taro se ha consolidado como uno de los destinos culturales m\u00e1s relevantes del pa\u00eds, y la iluminaci\u00f3n del acueducto ha contribuido a extender la actividad tur\u00edstica hacia horarios nocturnos, fortalecer la percepci\u00f3n de seguridad y dinamizar la econom\u00eda local.<\/p>\n\n\n\n<p>\u201cEn Signify entendemos la luz como una herramienta para preservar y proyectar el patrimonio. El Acueducto de Quer\u00e9taro demuestra que la tecnolog\u00eda puede integrarse de forma respetuosa para dar nueva vida a los monumentos, hacerlos m\u00e1s sostenibles y fortalecer la conexi\u00f3n de las personas con su ciudad.\u201d, se\u00f1al\u00f3 Carolina Oxt\u00e9, L\u00edder de Estrategia de Ventas B2B y Sistemas Conectados en<\/p>\n\n\n\n<figure class=\"wp-block-gallery has-nested-images columns-default is-cropped wp-block-gallery-4 is-layout-flex wp-block-gallery-is-layout-flex\">\n<figure class=\"wp-block-image size-large\"><img decoding=\"async\" width=\"500\" height=\"666\" data-id=\"1146879\" src=\"https:\/\/dimensionturistica.com\/es\/wp-content\/uploads\/2026\/04\/7SIG.jpg\" alt=\"\" class=\"wp-image-1146879\" srcset=\"https:\/\/dimensionturistica.com\/es\/wp-content\/uploads\/2026\/04\/7SIG.jpg 500w, https:\/\/dimensionturistica.com\/es\/wp-content\/uploads\/2026\/04\/7SIG-225x300.jpg 225w\" sizes=\"(max-width: 500px) 100vw, 500px\" \/><\/figure>\n<\/figure>\n\n\n\n<p>Signify.<\/p>\n\n\n\n<p>En este contexto, la iluminaci\u00f3n deja de ser \u00fanicamente un elemento funcional para convertirse en una herramienta estrat\u00e9gica en la activaci\u00f3n del espacio p\u00fablico y la preservaci\u00f3n del patrimonio.<\/p>\n\n\n\n<p>El aniversario de los Arcos representa as\u00ed una oportunidad para demostrar c\u00f3mo la tecnolog\u00eda puede integrarse de forma respetuosa en entornos hist\u00f3ricos, asegurando su vigencia hacia el f<\/p>\n","protected":false},"excerpt":{"rendered":"<p>En el marco del 300 aniversario del Acueducto de Quer\u00e9taro, uno de los s\u00edmbolos arquitect\u00f3nicos m\u00e1s emblem\u00e1ticos del pa\u00eds y Patrimonio Mundial de la UNESCO, Signify , destaca el papel de la tecnolog\u00eda como aliada en la conservaci\u00f3n y evoluci\u00f3n del patrimonio hist\u00f3rico. A tres siglos de su construcci\u00f3n, el acueducto \u2014con sus 74 arcos [&hellip;]<\/p>\n","protected":false},"author":1,"featured_media":1146880,"comment_status":"open","ping_status":"closed","sticky":false,"template":"","format":"standard","meta":{"om_disable_all_campaigns":false,"jnews-multi-image_gallery":[],"jnews_single_post":{"format":"standard"},"jnews_primary_category":[],"jnews_social_meta":[],"footnotes":""},"categories":[39],"tags":[],"class_list":["post-1146875","post","type-post","status-publish","format-standard","has-post-thumbnail","hentry","category-viajes"],"_links":{"self":[{"href":"https:\/\/dimensionturistica.com\/es\/wp-json\/wp\/v2\/posts\/1146875","targetHints":{"allow":["GET"]}}],"collection":[{"href":"https:\/\/dimensionturistica.com\/es\/wp-json\/wp\/v2\/posts"}],"about":[{"href":"https:\/\/dimensionturistica.com\/es\/wp-json\/wp\/v2\/types\/post"}],"author":[{"embeddable":true,"href":"https:\/\/dimensionturistica.com\/es\/wp-json\/wp\/v2\/users\/1"}],"replies":[{"embeddable":true,"href":"https:\/\/dimensionturistica.com\/es\/wp-json\/wp\/v2\/comments?post=1146875"}],"version-history":[{"count":1,"href":"https:\/\/dimensionturistica.com\/es\/wp-json\/wp\/v2\/posts\/1146875\/revisions"}],"predecessor-version":[{"id":1146881,"href":"https:\/\/dimensionturistica.com\/es\/wp-json\/wp\/v2\/posts\/1146875\/revisions\/1146881"}],"wp:featuredmedia":[{"embeddable":true,"href":"https:\/\/dimensionturistica.com\/es\/wp-json\/wp\/v2\/media\/1146880"}],"wp:attachment":[{"href":"https:\/\/dimensionturistica.com\/es\/wp-json\/wp\/v2\/media?parent=1146875"}],"wp:term":[{"taxonomy":"category","embeddable":true,"href":"https:\/\/dimensionturistica.com\/es\/wp-json\/wp\/v2\/categories?post=1146875"},{"taxonomy":"post_tag","embeddable":true,"href":"https:\/\/dimensionturistica.com\/es\/wp-json\/wp\/v2\/tags?post=1146875"}],"curies":[{"name":"wp","href":"https:\/\/api.w.org\/{rel}","templated":true}]}}