{"id":1146866,"date":"2026-04-30T19:27:38","date_gmt":"2026-04-30T19:27:38","guid":{"rendered":"https:\/\/dimensionturistica.com\/es\/?p=1146866"},"modified":"2026-04-30T19:27:38","modified_gmt":"2026-04-30T19:27:38","slug":"anuncian-aumento-a-dos-frecuencias-semanales-del-vuelo-queretaro-madrid","status":"publish","type":"post","link":"https:\/\/dimensionturistica.com\/es\/anuncian-aumento-a-dos-frecuencias-semanales-del-vuelo-queretaro-madrid\/","title":{"rendered":"Anuncian aumento a dos frecuencias semanales del vuelo Quer\u00e9taro\u2013Madrid"},"content":{"rendered":"\n<p>En el marco del Tianguis Tur\u00edstico de M\u00e9xico, que se realiza en Acapulco, Guerrero, la secretaria de Turismo del estado de Quer\u00e9taro, Adriana Vega V\u00e1zquez Mellado, acompa\u00f1ada por la secretaria de Turismo Federal, Josefina Rodr\u00edguez Zamora; anunci\u00f3 el incremento a dos frecuencias semanales del vuelo Quer\u00e9taro\u2013Madrid, operado por Iberojet, el cual inici\u00f3 operaciones en diciembre de 2025 y, de enero a marzo de 2026, transport\u00f3 a 8 mil 600 pasajeros con un promedio de ocupaci\u00f3n del 82.8 por ciento.<\/p>\n\n\n\n<figure class=\"wp-block-gallery has-nested-images columns-default is-cropped wp-block-gallery-1 is-layout-flex wp-block-gallery-is-layout-flex\">\n<figure class=\"wp-block-image size-large\"><img decoding=\"async\" width=\"500\" height=\"280\" data-id=\"1146867\" src=\"https:\/\/dimensionturistica.com\/es\/wp-content\/uploads\/2026\/04\/2QUER-1.jpg\" alt=\"\" class=\"wp-image-1146867\" srcset=\"https:\/\/dimensionturistica.com\/es\/wp-content\/uploads\/2026\/04\/2QUER-1.jpg 500w, https:\/\/dimensionturistica.com\/es\/wp-content\/uploads\/2026\/04\/2QUER-1-300x168.jpg 300w\" sizes=\"(max-width: 500px) 100vw, 500px\" \/><\/figure>\n<\/figure>\n\n\n\n<p>Durante el anuncio, inform\u00f3 que a partir de mayo la ruta contar\u00e1 con una segunda frecuencia semanal, pasando de una a dos salidas, programadas los d\u00edas mi\u00e9rcoles y s\u00e1bados desde el Aeropuerto Intercontinental de Quer\u00e9taro, lo que ampliar\u00e1 la conectividad directa entre el estado y Europa.<\/p>\n\n\n\n<p>La funcionaria se\u00f1al\u00f3 que este incremento responde a la demanda registrada en los primeros meses de operaci\u00f3n, as\u00ed como al inter\u00e9s del mercado europeo por conectar con Quer\u00e9taro, consolidando esta ruta como un enlace internacional estrat\u00e9gico.<\/p>\n\n\n\n<figure class=\"wp-block-gallery has-nested-images columns-default is-cropped wp-block-gallery-2 is-layout-flex wp-block-gallery-is-layout-flex\">\n<figure class=\"wp-block-image size-large\"><img decoding=\"async\" width=\"500\" height=\"560\" data-id=\"1146868\" src=\"https:\/\/dimensionturistica.com\/es\/wp-content\/uploads\/2026\/04\/3DECA-1.jpg\" alt=\"\" class=\"wp-image-1146868\" srcset=\"https:\/\/dimensionturistica.com\/es\/wp-content\/uploads\/2026\/04\/3DECA-1.jpg 500w, https:\/\/dimensionturistica.com\/es\/wp-content\/uploads\/2026\/04\/3DECA-1-268x300.jpg 268w\" sizes=\"(max-width: 500px) 100vw, 500px\" \/><\/figure>\n<\/figure>\n\n\n\n<p>\u201cLa conectividad a\u00e9rea es un factor clave para el desarrollo tur\u00edstico y econ\u00f3mico. Este crecimiento en la ruta Quer\u00e9taro\u2013Madrid confirma que el estado avanza en su proceso de internacionalizaci\u00f3n y en su vinculaci\u00f3n con mercados globales\u201d, se\u00f1al\u00f3 Adriana Vega V\u00e1zquez Mellado.<\/p>\n\n\n\n<p>Adicionalmente, Adriana Vega particip\u00f3 en el anuncio de la apertura de 11 nuevas rutas a\u00e9reas de Volaris desde Quer\u00e9taro, las cuales iniciar\u00e1n operaciones a partir del 1 de junio de 2026 y conectar\u00e1n al estado con destinos en M\u00e9xico y Estados Unidos, fortaleciendo la conectividad del Baj\u00edo con mercados estrat\u00e9gicos.<\/p>\n\n\n\n<figure class=\"wp-block-gallery has-nested-images columns-default is-cropped wp-block-gallery-3 is-layout-flex wp-block-gallery-is-layout-flex\"><\/figure>\n\n\n\n<figure class=\"wp-block-gallery has-nested-images columns-default is-cropped wp-block-gallery-4 is-layout-flex wp-block-gallery-is-layout-flex\">\n<figure class=\"wp-block-image size-large\"><img decoding=\"async\" width=\"500\" height=\"280\" data-id=\"1146869\" src=\"https:\/\/dimensionturistica.com\/es\/wp-content\/uploads\/2026\/04\/3QUER-2.jpg\" alt=\"\" class=\"wp-image-1146869\" srcset=\"https:\/\/dimensionturistica.com\/es\/wp-content\/uploads\/2026\/04\/3QUER-2.jpg 500w, https:\/\/dimensionturistica.com\/es\/wp-content\/uploads\/2026\/04\/3QUER-2-300x168.jpg 300w\" sizes=\"(max-width: 500px) 100vw, 500px\" \/><\/figure>\n<\/figure>\n\n\n\n<p>Durante el anuncio, se inform\u00f3 que las nuevas rutas contemplan vuelos hacia Acapulco, Durango, Mazatl\u00e1n, Oaxaca, Guadalajara y Veracruz, as\u00ed como hacia Dallas, Denver, San Antonio, Orlando y Houston, ampliando las opciones de movilidad para viajeros de negocios y de placer. La ampliaci\u00f3n de rutas responde al papel estrat\u00e9gico de Quer\u00e9taro dentro de la red de conectividad a\u00e9rea, consolid\u00e1ndose como un nodo que enlaza al Baj\u00edo con destinos nacionales e internacionale<\/p>\n","protected":false},"excerpt":{"rendered":"<p>En el marco del Tianguis Tur\u00edstico de M\u00e9xico, que se realiza en Acapulco, Guerrero, la secretaria de Turismo del estado de Quer\u00e9taro, Adriana Vega V\u00e1zquez Mellado, acompa\u00f1ada por la secretaria de Turismo Federal, Josefina Rodr\u00edguez Zamora; anunci\u00f3 el incremento a dos frecuencias semanales del vuelo Quer\u00e9taro\u2013Madrid, operado por Iberojet, el cual inici\u00f3 operaciones en diciembre [&hellip;]<\/p>\n","protected":false},"author":1,"featured_media":1146870,"comment_status":"open","ping_status":"closed","sticky":false,"template":"","format":"standard","meta":{"om_disable_all_campaigns":false,"jnews-multi-image_gallery":[],"jnews_single_post":[],"jnews_primary_category":[],"jnews_social_meta":[],"footnotes":""},"categories":[39],"tags":[],"class_list":["post-1146866","post","type-post","status-publish","format-standard","has-post-thumbnail","hentry","category-viajes"],"_links":{"self":[{"href":"https:\/\/dimensionturistica.com\/es\/wp-json\/wp\/v2\/posts\/1146866","targetHints":{"allow":["GET"]}}],"collection":[{"href":"https:\/\/dimensionturistica.com\/es\/wp-json\/wp\/v2\/posts"}],"about":[{"href":"https:\/\/dimensionturistica.com\/es\/wp-json\/wp\/v2\/types\/post"}],"author":[{"embeddable":true,"href":"https:\/\/dimensionturistica.com\/es\/wp-json\/wp\/v2\/users\/1"}],"replies":[{"embeddable":true,"href":"https:\/\/dimensionturistica.com\/es\/wp-json\/wp\/v2\/comments?post=1146866"}],"version-history":[{"count":1,"href":"https:\/\/dimensionturistica.com\/es\/wp-json\/wp\/v2\/posts\/1146866\/revisions"}],"predecessor-version":[{"id":1146871,"href":"https:\/\/dimensionturistica.com\/es\/wp-json\/wp\/v2\/posts\/1146866\/revisions\/1146871"}],"wp:featuredmedia":[{"embeddable":true,"href":"https:\/\/dimensionturistica.com\/es\/wp-json\/wp\/v2\/media\/1146870"}],"wp:attachment":[{"href":"https:\/\/dimensionturistica.com\/es\/wp-json\/wp\/v2\/media?parent=1146866"}],"wp:term":[{"taxonomy":"category","embeddable":true,"href":"https:\/\/dimensionturistica.com\/es\/wp-json\/wp\/v2\/categories?post=1146866"},{"taxonomy":"post_tag","embeddable":true,"href":"https:\/\/dimensionturistica.com\/es\/wp-json\/wp\/v2\/tags?post=1146866"}],"curies":[{"name":"wp","href":"https:\/\/api.w.org\/{rel}","templated":true}]}}