{"id":1146861,"date":"2026-04-30T19:16:10","date_gmt":"2026-04-30T19:16:10","guid":{"rendered":"https:\/\/dimensionturistica.com\/es\/?p=1146861"},"modified":"2026-04-30T19:16:10","modified_gmt":"2026-04-30T19:16:10","slug":"nueva-ruta-aerea-hacia-manzanillo-descubre-como-disfrutar-de-mas-escapadas","status":"publish","type":"post","link":"https:\/\/dimensionturistica.com\/es\/nueva-ruta-aerea-hacia-manzanillo-descubre-como-disfrutar-de-mas-escapadas\/","title":{"rendered":"Nueva ruta a\u00e9rea hacia Manzanillo: Descubre c\u00f3mo disfrutar de m\u00e1s escapadas"},"content":{"rendered":"<h3>Descubre el Nuevo Destino: Conexiones A\u00e9reas para los Amantes del Sol y la Playa<\/h3>\n<p>La escena tur\u00edstica en M\u00e9xico est\u00e1 a punto de transformarse gracias a la reciente inauguraci\u00f3n de una nueva ruta de vuelos que conecta el Aeropuerto Internacional Felipe \u00c1ngeles (AIFA) con el paradisiaco puerto de Manzanillo. Este destino, con su mezcla perfecta de cultura, naturaleza y relajaci\u00f3n, se perfila como una opci\u00f3n ideal para los viajeros que buscan escaparse de la rutina diaria.<\/p>\n<p>Manzanillo, conocido por sus impresionantes playas y su vibrante vida marina, ha sido un enclave tur\u00edstico muy apreciado, pero con esta nueva conexi\u00f3n a\u00e9rea, se abre una ventana de oportunidades para quienes desean explorar sus encantos sin complicaciones. La disponibilidad de vuelos directos no solo promete reducir el tiempo de viaje, sino que tambi\u00e9n facilitar\u00e1 el acceso a los ricos atractivos de la regi\u00f3n, permitiendo a los turistas disfrutar de todo lo que Manzanillo tiene para ofrecer.<\/p>\n<h3>Aumentando la Conectividad<\/h3>\n<p>Con la nueva ruta, se espera un incremento en el flujo de turistas hacia la Costa del Pac\u00edfico, un \u00e1rea repleta de maravillas naturales y actividades recreativas. Las rutas a\u00e9reas pensadas para esta conexi\u00f3n ser\u00e1n una gran ventaja para aquellos que buscan disfrutar de escapadas cortas o largas vacaciones en la playa. Imagina aterrizar en un lugar donde el sol brilla casi todo el a\u00f1o, rodeado de monta\u00f1as y un oc\u00e9ano de tonalidades azules.<\/p>\n<h3>Atracciones Imperdibles<\/h3>\n<p>Una vez que llegues a Manzanillo, la oferta tur\u00edstica es inagotable. Desde practicar deportes acu\u00e1ticos como el paddleboarding y el buceo, hasta explorar la exuberante vegetaci\u00f3n de la Sierra de Manzanillo, hay algo para todos los gustos. No olvides visitar su famoso malec\u00f3n, donde la gastronom\u00eda local y los atardeceres cautivadores te dejar\u00e1n sin aliento.<\/p>\n<p>Adem\u00e1s, la ciudad es el hogar de las mejores playas de la regi\u00f3n, como Playa La Audiencia y Playa Miramar, perfectas para relajarse o disfrutar de un c\u00f3ctel en la arena. Si tu esp\u00edritu aventurero lo requiere, las excursiones a las cercanas lagunas de Garc\u00eda y la exploraci\u00f3n de los pintorescos pueblos cercanos son opciones que no puedes dejar pasar.<\/p>\n<h3>Un Futuro Brillante<\/h3>\n<p>La sinergia de AIFA con Manzanillo promete no solo revitalizar el turismo en la zona, sino tambi\u00e9n fomentar el desarrollo econ\u00f3mico local. Con un panorama tan esperanzador, los empresarios est\u00e1n listos para recibir a un flujo renovado de visitantes ansiosos por descubrir los tesoros ocultos de esta vibrante regi\u00f3n.<\/p>\n<p>As\u00ed que, si est\u00e1s buscando tu pr\u00f3xima escapada, considera Manzanillo. Su accesibilidad, combinada con la calidez de su gente y la belleza de su entorno, lo convertir\u00e1n en una experiencia inolvidable. Alista tus maletas y prep\u00e1rate para explorar este destino que, gracias a su nueva conexi\u00f3n a\u00e9rea, est\u00e1 a solo un vuelo de distancia. \u00a1Es hora de disfrutar del sol y la playa en un rinc\u00f3n espectacular de M\u00e9xico!<\/p>\n<p><em> &#8221; Fuentes www.escapadah.com &#8221; <\/em><\/p>\n","protected":false},"excerpt":{"rendered":"<p>Descubre el Nuevo Destino: Conexiones A\u00e9reas para los Amantes del Sol y la Playa La escena tur\u00edstica en M\u00e9xico est\u00e1 a punto de transformarse gracias a la reciente inauguraci\u00f3n de una nueva ruta de vuelos que conecta el Aeropuerto Internacional Felipe \u00c1ngeles (AIFA) con el paradisiaco puerto de Manzanillo. Este destino, con su mezcla perfecta [&hellip;]<\/p>\n","protected":false},"author":4,"featured_media":1146862,"comment_status":"open","ping_status":"closed","sticky":false,"template":"","format":"standard","meta":{"om_disable_all_campaigns":false,"jnews-multi-image_gallery":[],"jnews_single_post":[],"jnews_primary_category":[],"jnews_social_meta":[],"footnotes":""},"categories":[39],"tags":[34557,75356,8106,2467,769,24876,6735,653,544,545,17461,740],"class_list":["post-1146861","post","type-post","status-publish","format-standard","has-post-thumbnail","hentry","category-viajes","tag-aifa","tag-aviation","tag-conectividad","tag-manzanillo","tag-mexico","tag-nueva-ruta","tag-playa","tag-transporte","tag-turismo","tag-viajes","tag-viajes-en-avion","tag-vuelos"],"_links":{"self":[{"href":"https:\/\/dimensionturistica.com\/es\/wp-json\/wp\/v2\/posts\/1146861","targetHints":{"allow":["GET"]}}],"collection":[{"href":"https:\/\/dimensionturistica.com\/es\/wp-json\/wp\/v2\/posts"}],"about":[{"href":"https:\/\/dimensionturistica.com\/es\/wp-json\/wp\/v2\/types\/post"}],"author":[{"embeddable":true,"href":"https:\/\/dimensionturistica.com\/es\/wp-json\/wp\/v2\/users\/4"}],"replies":[{"embeddable":true,"href":"https:\/\/dimensionturistica.com\/es\/wp-json\/wp\/v2\/comments?post=1146861"}],"version-history":[{"count":1,"href":"https:\/\/dimensionturistica.com\/es\/wp-json\/wp\/v2\/posts\/1146861\/revisions"}],"predecessor-version":[{"id":1146863,"href":"https:\/\/dimensionturistica.com\/es\/wp-json\/wp\/v2\/posts\/1146861\/revisions\/1146863"}],"wp:featuredmedia":[{"embeddable":true,"href":"https:\/\/dimensionturistica.com\/es\/wp-json\/wp\/v2\/media\/1146862"}],"wp:attachment":[{"href":"https:\/\/dimensionturistica.com\/es\/wp-json\/wp\/v2\/media?parent=1146861"}],"wp:term":[{"taxonomy":"category","embeddable":true,"href":"https:\/\/dimensionturistica.com\/es\/wp-json\/wp\/v2\/categories?post=1146861"},{"taxonomy":"post_tag","embeddable":true,"href":"https:\/\/dimensionturistica.com\/es\/wp-json\/wp\/v2\/tags?post=1146861"}],"curies":[{"name":"wp","href":"https:\/\/api.w.org\/{rel}","templated":true}]}}