{"id":1146840,"date":"2026-04-30T18:53:25","date_gmt":"2026-04-30T18:53:25","guid":{"rendered":"https:\/\/dimensionturistica.com\/es\/?p=1146840"},"modified":"2026-04-30T18:53:25","modified_gmt":"2026-04-30T18:53:25","slug":"salta-destaca-su-propuesta-turistica-en-los-talleres-de-entre-rios-y-santa-fe","status":"publish","type":"post","link":"https:\/\/dimensionturistica.com\/es\/salta-destaca-su-propuesta-turistica-en-los-talleres-de-entre-rios-y-santa-fe\/","title":{"rendered":"Salta destaca su propuesta tur\u00edstica en los talleres de Entre R\u00edos y Santa Fe"},"content":{"rendered":"<h3>Descubriendo Salta: Un Destino Imperdible para los Viajeros Argentinos<\/h3>\n<p>En un esfuerzo por potenciar la visibilidad de su rica oferta tur\u00edstica, la provincia de Salta ha estado llevando su encanto a diversas regiones del pa\u00eds. Recientemente, la hermosa Salta hizo una parada importante en su gira promocional en Entre R\u00edos y Santa Fe, donde se presentaron sus m\u00faltiples atractivos culturales, naturales y gastron\u00f3micos.<\/p>\n<h4>Una Joya Cultural<\/h4>\n<p>Salta, conocida como &#8220;Salta la Linda&#8221;, no solo destaca por su impresionante paisaje monta\u00f1oso y su patrimonio natural, sino tambi\u00e9n por su vibrante cultura. Los talleres y encuentros realizados en Entre R\u00edos y Santa Fe fueron una oportunidad para atraer a un p\u00fablico que busca experiencias aut\u00e9nticas. Desde sus emblem\u00e1ticas iglesias coloniales hasta sus tradicionales fiestas locales, Salta ofrece un caleidoscopio de historia y tradici\u00f3n que fascina a los visitantes.<\/p>\n<h4>Naturaleza en Estado Puro<\/h4>\n<p>La provincia es un deleite para los amantes de la naturaleza. Con la imponente Cordillera de los Andes como tel\u00f3n de fondo, los viajeros pueden aventurarse en numerosas actividades al aire libre: desde el trekking en el Parque Nacional Los Cardones hasta la exploraci\u00f3n de las Salinas Grandes. Las formaciones geol\u00f3gicas y paisajes deslumbrantes que se descubren a cada paso son un atractivo irresistible para los que buscan una conexi\u00f3n profunda con la tierra.<\/p>\n<h4>Gastronom\u00eda que Enamora<\/h4>\n<p>Uno de los puntos fuertes que Salta propone es su exquisita gastronom\u00eda. Los representantes de la provincia aseguran que cada plato es una historia en s\u00ed mismo. Los tradicionales empanadas salte\u00f1as, el locro y la carne a la parrilla son solo algunos ejemplos de delicias que invitan a los paladares a disfrutar de una experiencia culinaria \u00fanica. Durante los workshops, los asistentes pudieron degustar algunos de estos manjares, dejando una huella imborrable en sus recuerdos gastron\u00f3micos.<\/p>\n<h4>Una Invitaci\u00f3n a Explorar<\/h4>\n<p>La promoci\u00f3n realizada en las provincias vecinas fue m\u00e1s que un simple encuentro; fue un llamado a los argentinos a redescubrir su propio pa\u00eds. Salta no solo se presenta como un destino tur\u00edstico, sino tambi\u00e9n como un lugar donde la calidez de su gente y la riqueza de sus tradiciones crean un ambiente acogedor y lleno de vida. Las autoridades tur\u00edsticas locales han subrayado la importancia de seguir colaborando con otras provincias para fortalecer el turismo interno.<\/p>\n<h4>Conclusi\u00f3n<\/h4>\n<p>Visitar Salta es sumergirse en una experiencia que despierta todos los sentidos. Ya sea explorando sus paisajes naturales, disfrutando de la m\u00fasica folcl\u00f3rica en alg\u00fan pe\u00f1a, o deleit\u00e1ndose con sabores aut\u00f3ctonos, cada rinc\u00f3n de esta provincia cuenta una historia que merece ser vivida. As\u00ed que, si a\u00fan no has planeado tu pr\u00f3ximo viaje, considera hacer de Salta tu pr\u00f3ximo destino y d\u00e9jate envolver por su magia. \u00a1Tu aventura te est\u00e1 esperando!<\/p>\n<p><em> &#8221; Sources www.salta.gob.ar &#8221; <\/em><\/p>\n","protected":false},"excerpt":{"rendered":"<p>Descubriendo Salta: Un Destino Imperdible para los Viajeros Argentinos En un esfuerzo por potenciar la visibilidad de su rica oferta tur\u00edstica, la provincia de Salta ha estado llevando su encanto a diversas regiones del pa\u00eds. Recientemente, la hermosa Salta hizo una parada importante en su gira promocional en Entre R\u00edos y Santa Fe, donde se [&hellip;]<\/p>\n","protected":false},"author":4,"featured_media":1146841,"comment_status":"open","ping_status":"closed","sticky":false,"template":"","format":"standard","meta":{"om_disable_all_campaigns":false,"jnews-multi-image_gallery":[],"jnews_single_post":[],"jnews_primary_category":[],"jnews_social_meta":[],"footnotes":""},"categories":[40],"tags":[7551,724,17436,8331,7581,3750,560,544,551],"class_list":["post-1146840","post","type-post","status-publish","format-standard","has-post-thumbnail","hentry","category-industria","tag-entre-rios","tag-eventos","tag-marketing-turistico","tag-oferta-turistica","tag-promocion","tag-salta","tag-santa-fe","tag-turismo","tag-workshops"],"_links":{"self":[{"href":"https:\/\/dimensionturistica.com\/es\/wp-json\/wp\/v2\/posts\/1146840","targetHints":{"allow":["GET"]}}],"collection":[{"href":"https:\/\/dimensionturistica.com\/es\/wp-json\/wp\/v2\/posts"}],"about":[{"href":"https:\/\/dimensionturistica.com\/es\/wp-json\/wp\/v2\/types\/post"}],"author":[{"embeddable":true,"href":"https:\/\/dimensionturistica.com\/es\/wp-json\/wp\/v2\/users\/4"}],"replies":[{"embeddable":true,"href":"https:\/\/dimensionturistica.com\/es\/wp-json\/wp\/v2\/comments?post=1146840"}],"version-history":[{"count":1,"href":"https:\/\/dimensionturistica.com\/es\/wp-json\/wp\/v2\/posts\/1146840\/revisions"}],"predecessor-version":[{"id":1146842,"href":"https:\/\/dimensionturistica.com\/es\/wp-json\/wp\/v2\/posts\/1146840\/revisions\/1146842"}],"wp:featuredmedia":[{"embeddable":true,"href":"https:\/\/dimensionturistica.com\/es\/wp-json\/wp\/v2\/media\/1146841"}],"wp:attachment":[{"href":"https:\/\/dimensionturistica.com\/es\/wp-json\/wp\/v2\/media?parent=1146840"}],"wp:term":[{"taxonomy":"category","embeddable":true,"href":"https:\/\/dimensionturistica.com\/es\/wp-json\/wp\/v2\/categories?post=1146840"},{"taxonomy":"post_tag","embeddable":true,"href":"https:\/\/dimensionturistica.com\/es\/wp-json\/wp\/v2\/tags?post=1146840"}],"curies":[{"name":"wp","href":"https:\/\/api.w.org\/{rel}","templated":true}]}}