{"id":1146823,"date":"2026-04-30T18:37:16","date_gmt":"2026-04-30T18:37:16","guid":{"rendered":"https:\/\/dimensionturistica.com\/es\/?p=1146823"},"modified":"2026-04-30T18:37:16","modified_gmt":"2026-04-30T18:37:16","slug":"llega-la-f1-a-montreal-y-con-el-toque-que-da-joie-de-vivre","status":"publish","type":"post","link":"https:\/\/dimensionturistica.com\/es\/llega-la-f1-a-montreal-y-con-el-toque-que-da-joie-de-vivre\/","title":{"rendered":"Llega la F1 a Montreal y con el toque que da Joie de Vivre"},"content":{"rendered":"\n<p>Como sabemos que ir al GP es m\u00e1s que s\u00f3lo autos a toda velocidad, te quiero compartir tambi\u00e9n algunas opciones para que tengas en el radar ahora que vengas a Montreal; que sepas que contamos con gastronom\u00eda de clase mundial; que no solo tenemos estrellas Michelin, sino que, adem\u00e1s, en Montreal tenemos el mejor restaurante de Canad\u00e1; que disfrutes alguna de las muchas opciones de arte, cultura y entretenimiento que se multiplican en la ciudad. \u00bfSab\u00edas que aqu\u00ed naci\u00f3 el Cirque du Soleil? Quiz\u00e1 eso te d\u00e9 una idea del colorido, dinamismo y creatividad que destacan a esta ciudad, pero, tambi\u00e9n a toda la provincia, en general.<\/p>\n\n\n\n<figure class=\"wp-block-gallery has-nested-images columns-default is-cropped wp-block-gallery-1 is-layout-flex wp-block-gallery-is-layout-flex\"><\/figure>\n\n\n\n<figure class=\"wp-block-gallery has-nested-images columns-default is-cropped wp-block-gallery-2 is-layout-flex wp-block-gallery-is-layout-flex\">\n<figure class=\"wp-block-image size-large\"><img decoding=\"async\" width=\"560\" height=\"183\" data-id=\"1146824\" src=\"https:\/\/dimensionturistica.com\/es\/wp-content\/uploads\/2026\/04\/695MONTREA.jpg\" alt=\"\" class=\"wp-image-1146824\" srcset=\"https:\/\/dimensionturistica.com\/es\/wp-content\/uploads\/2026\/04\/695MONTREA.jpg 560w, https:\/\/dimensionturistica.com\/es\/wp-content\/uploads\/2026\/04\/695MONTREA-300x98.jpg 300w\" sizes=\"(max-width: 560px) 100vw, 560px\" \/><\/figure>\n<\/figure>\n\n\n\n<p>\u200b\u00bfSab\u00edas que la capital de la provincia, la ciudad de Quebec, es la \u00fanica ciudad al norte de M\u00e9xico inscrita en el registro del Patrimonio Mundial UNESCO?<\/p>\n\n\n\n<p>\u200bHaz que el Gran Premio sea solo un pretexto m\u00e1s para ampliar tus horizontes y conocer un destino cercano pero diferente, rico en cultura y mucho m\u00e1s en hospitalidad, calidez y seguridad.<\/p>\n\n\n\n<p>\u200bSe encienden las luces\u2026 arranca tus planes y esc\u00e1pate a Montreal; \u00a1Quebec te espera!<\/p>\n\n\n\n<figure class=\"wp-block-gallery has-nested-images columns-default is-cropped wp-block-gallery-3 is-layout-flex wp-block-gallery-is-layout-flex\">\n<figure class=\"wp-block-image size-large\"><img decoding=\"async\" width=\"500\" height=\"333\" data-id=\"1146825\" src=\"https:\/\/dimensionturistica.com\/es\/wp-content\/uploads\/2026\/04\/2MONTREAL.jpg\" alt=\"\" class=\"wp-image-1146825\" srcset=\"https:\/\/dimensionturistica.com\/es\/wp-content\/uploads\/2026\/04\/2MONTREAL.jpg 500w, https:\/\/dimensionturistica.com\/es\/wp-content\/uploads\/2026\/04\/2MONTREAL-300x200.jpg 300w\" sizes=\"(max-width: 500px) 100vw, 500px\" \/><\/figure>\n<\/figure>\n\n\n\n<p>Te lo pongo f\u00e1cil: si est\u00e1s pensando en una escapada diferente en mayo, Montreal tiene el pretexto perfecto. Del 22 al 24 de mayo de 2026, la ciudad se transforma con el Gran Premio de Canad\u00e1, una de las fechas m\u00e1s queridas del calendario de la F\u00f3rmula 1.<\/p>\n\n\n\n<p>Y s\u00ed, hay motivo extra para ir: Sergio \u201cCheco\u201d P\u00e9rez est\u00e1 de regreso en la F1 y siempre es un gusto verlo conectar con la afici\u00f3n mexicana, adem\u00e1s de que suele brillar en circuitos demandantes como este, y m\u00e1s ahora que ya se empezaron a hacer ajustes a las normas de la FIA para el Campeonato.<\/p>\n\n\n\n<figure class=\"wp-block-gallery has-nested-images columns-default is-cropped wp-block-gallery-4 is-layout-flex wp-block-gallery-is-layout-flex\">\n<figure class=\"wp-block-image size-large\"><img decoding=\"async\" width=\"500\" height=\"316\" data-id=\"1146826\" src=\"https:\/\/dimensionturistica.com\/es\/wp-content\/uploads\/2026\/04\/6MONTREAL.jpg\" alt=\"\" class=\"wp-image-1146826\" srcset=\"https:\/\/dimensionturistica.com\/es\/wp-content\/uploads\/2026\/04\/6MONTREAL.jpg 500w, https:\/\/dimensionturistica.com\/es\/wp-content\/uploads\/2026\/04\/6MONTREAL-300x190.jpg 300w\" sizes=\"(max-width: 500px) 100vw, 500px\" \/><\/figure>\n<\/figure>\n\n\n\n<p>\u200bAhora, el circuito. El Circuit Gilles Villeneuve en el Parque Jean Drapeau de Montreal, toma su nombre del emblem\u00e1tico piloto canadiense. Para quienes hemos seguido la F1 desde hace mucho, se trata de un piloto de culto, sin duda, que fue puro espect\u00e1culo a finales de los 70 y principios de los 80 con Ferrari. No acumul\u00f3 tantos t\u00edtulos como otros, pero se gan\u00f3 algo m\u00e1s dif\u00edcil: respeto absoluto por su estilo valiente, agresivo y sin concesiones. Si no nos crees, busca el cierre de la carrera en Dijon en 1979, entre Villeneuve y Ren\u00e9 Arnoux; F1 pura.<\/p>\n\n\n\n<figure class=\"wp-block-gallery has-nested-images columns-default is-cropped wp-block-gallery-5 is-layout-flex wp-block-gallery-is-layout-flex\">\n<figure class=\"wp-block-image size-large\"><img decoding=\"async\" width=\"480\" height=\"462\" data-id=\"1146827\" src=\"https:\/\/dimensionturistica.com\/es\/wp-content\/uploads\/2026\/04\/11MONTREAL.jpg\" alt=\"\" class=\"wp-image-1146827\" srcset=\"https:\/\/dimensionturistica.com\/es\/wp-content\/uploads\/2026\/04\/11MONTREAL.jpg 480w, https:\/\/dimensionturistica.com\/es\/wp-content\/uploads\/2026\/04\/11MONTREAL-300x289.jpg 300w\" sizes=\"(max-width: 480px) 100vw, 480px\" \/><\/figure>\n<\/figure>\n\n\n\n<p>\u200bDe all\u00ed que este circuito no sea cualquier pista: es r\u00e1pido, t\u00e9cnico y traicionero en el mejor sentido. Rectas largas para soltar potencia, frenadas fuertes que castigan los frenos y chicanas donde el milisegundo lo es todo. Es de esos trazos donde el talento del piloto se nota vuelta a vuelta, y el menor descuido te lleva a saludar el muro, el famoso Muro de los Campeones.<\/p>\n\n\n\n<p>No es casualidad que un promedio de 350 mil aficionados llenen Montreal cada a\u00f1o para el GP: durante ese fin de semana, la ciudad entera vibra al ritmo de la F\u00f3rmula 1.<\/p>\n\n\n\n<p>Para ir calentando motores (ganadores + pole): \u200b<\/p>\n\n\n\n<figure class=\"wp-block-gallery has-nested-images columns-default is-cropped wp-block-gallery-6 is-layout-flex wp-block-gallery-is-layout-flex\"><\/figure>\n\n\n\n<figure class=\"wp-block-gallery has-nested-images columns-default is-cropped wp-block-gallery-7 is-layout-flex wp-block-gallery-is-layout-flex\">\n<figure class=\"wp-block-image size-large\"><img decoding=\"async\" width=\"500\" height=\"401\" data-id=\"1146828\" src=\"https:\/\/dimensionturistica.com\/es\/wp-content\/uploads\/2026\/04\/9MONTREAL.jpg\" alt=\"\" class=\"wp-image-1146828\" srcset=\"https:\/\/dimensionturistica.com\/es\/wp-content\/uploads\/2026\/04\/9MONTREAL.jpg 500w, https:\/\/dimensionturistica.com\/es\/wp-content\/uploads\/2026\/04\/9MONTREAL-300x241.jpg 300w\" sizes=\"(max-width: 500px) 100vw, 500px\" \/><\/figure>\n<\/figure>\n\n\n\n<p>\u200b(2020 y 2021 no se corrieron por COVID)<\/p>\n\n\n\n<p>Pero el viaje no se queda en la pista. Mayo es de los mejores momentos para visitar Montreal: clima amable, terrazas abiertas, festivales y una escena gastron\u00f3mica que mezcla lo mejor de Francia con creatividad local\u2014de verdad, aqu\u00ed el bon app\u00e9tit no falla. Adem\u00e1s, el tipo de cambio suele jugar<\/p>\n\n\n\n<p>favor y la ciudad presume un ambiente seguro y relajado. En 2025 fue reconocida como la ciudad m\u00e1s segura de Am\u00e9rica para viajeros y una de las 6 primeras a nivel mundial.<\/p>\n\n\n\n<p>Quartier Petit Champlain, Viejo Quebec, R\u00e9gion de Qu\u00e9bec \u00a9 GouvQc Steve Desch\u00eanes<\/p>\n\n\n\n<figure class=\"wp-block-gallery has-nested-images columns-default is-cropped wp-block-gallery-8 is-layout-flex wp-block-gallery-is-layout-flex\"><\/figure>\n\n\n\n<figure class=\"wp-block-gallery has-nested-images columns-default is-cropped wp-block-gallery-9 is-layout-flex wp-block-gallery-is-layout-flex\">\n<figure class=\"wp-block-image size-large\"><img decoding=\"async\" width=\"500\" height=\"317\" data-id=\"1146829\" src=\"https:\/\/dimensionturistica.com\/es\/wp-content\/uploads\/2026\/04\/8MONTREAL.jpg\" alt=\"\" class=\"wp-image-1146829\" srcset=\"https:\/\/dimensionturistica.com\/es\/wp-content\/uploads\/2026\/04\/8MONTREAL.jpg 500w, https:\/\/dimensionturistica.com\/es\/wp-content\/uploads\/2026\/04\/8MONTREAL-300x190.jpg 300w\" sizes=\"(max-width: 500px) 100vw, 500px\" \/><\/figure>\n<\/figure>\n\n\n\n<p>Si te animas a alargar el viaje, hazte un favor y esc\u00e1pate despu\u00e9s a la Ciudad de Qu\u00e9bec. No te vas a arrepentir. Es la capital de la provincia y una joya hist\u00f3rica reconocida como Patrimonio Mundial de la UNESCO\u2014la \u00fanica ciudad al norte de M\u00e9xico con este t\u00edtulo. Por cierto, un dato cultural: Quebec significa \u201cdonde el r\u00edo se estrecha\u201d, en la nativa lengua algonquina.<\/p>\n\n\n\n<p>\u200bDatos r\u00e1pidos<\/p>\n\n\n\n<p>\u200bFormula 1 Lenovo Grand Prix du Canada 2026<\/p>\n\n\n\n<p>\u200bCircuit Gilles Villeneuve, Montreal<\/p>\n\n\n\n<p>\u200b22\u201324 de mayo de 2026 \u200b<\/p>\n\n\n\n<p>\u200bBoletos: desde ~CAD $150 hasta m\u00e1s de CAD $1,500 seg\u00fan experiencia \u200b (recuerda que el CAD es \u200b m\u00e1s amable que el USD)<\/p>\n\n\n\n<p>\u200bM\u00e1s info: https:\/\/www.formula1.com<\/p>\n\n\n\n<p>\u200bEn resumen: carreras, buena comida, cultura y esa vibra abierta que te hace sentir bienvenido desde el primer bonjour!<\/p>\n\n\n\n<p>Una nota muy importante para los viajeros mexicanos &#x1f4a1;<\/p>\n\n\n\n<figure class=\"wp-block-gallery has-nested-images columns-default is-cropped wp-block-gallery-10 is-layout-flex wp-block-gallery-is-layout-flex\">\n<figure class=\"wp-block-image size-large\"><img decoding=\"async\" width=\"480\" height=\"323\" data-id=\"1146830\" src=\"https:\/\/dimensionturistica.com\/es\/wp-content\/uploads\/2026\/04\/7MONTREAL.jpg\" alt=\"\" class=\"wp-image-1146830\" srcset=\"https:\/\/dimensionturistica.com\/es\/wp-content\/uploads\/2026\/04\/7MONTREAL.jpg 480w, https:\/\/dimensionturistica.com\/es\/wp-content\/uploads\/2026\/04\/7MONTREAL-300x202.jpg 300w\" sizes=\"(max-width: 480px) 100vw, 480px\" \/><\/figure>\n<\/figure>\n\n\n\n<p>\u200b\u00bfSab\u00edas que? Para viajar a Canad\u00e1, los mexicanos necesitan tramitar una eTA (Electronic Travel Authorization) o visa, seg\u00fan corresponda. Hazlo \u00fanicamente a trav\u00e9s del Sitio Oficial del Gobierno de Canad\u00e1 (IRCC). Evita intermediarios o p\u00e1ginas no oficiales que pueden cobrar tarifas excesivas o resultar fraudulentas.<\/p>\n\n\n\n<p>\u200bRecuerda que hay vuelos directos a Montreal desde la Ciudad de M\u00e9xico (diarios de Air Canada y Aerom\u00e9xico); Guadalajara (Air Transat, Jueves y s\u00e1bados) y Canc\u00fan, que cuenta con hasta 3 vuelos diarios de Air Canada como de Air Transat.<\/p>\n\n\n\n<p><\/p>\n","protected":false},"excerpt":{"rendered":"<p>Como sabemos que ir al GP es m\u00e1s que s\u00f3lo autos a toda velocidad, te quiero compartir tambi\u00e9n algunas opciones para que tengas en el radar ahora que vengas a Montreal; que sepas que contamos con gastronom\u00eda de clase mundial; que no solo tenemos estrellas Michelin, sino que, adem\u00e1s, en Montreal tenemos el mejor restaurante [&hellip;]<\/p>\n","protected":false},"author":1,"featured_media":1146831,"comment_status":"open","ping_status":"closed","sticky":false,"template":"","format":"standard","meta":{"om_disable_all_campaigns":false,"jnews-multi-image_gallery":[],"jnews_single_post":[],"jnews_primary_category":[],"jnews_social_meta":[],"footnotes":""},"categories":[39],"tags":[],"class_list":["post-1146823","post","type-post","status-publish","format-standard","has-post-thumbnail","hentry","category-viajes"],"_links":{"self":[{"href":"https:\/\/dimensionturistica.com\/es\/wp-json\/wp\/v2\/posts\/1146823","targetHints":{"allow":["GET"]}}],"collection":[{"href":"https:\/\/dimensionturistica.com\/es\/wp-json\/wp\/v2\/posts"}],"about":[{"href":"https:\/\/dimensionturistica.com\/es\/wp-json\/wp\/v2\/types\/post"}],"author":[{"embeddable":true,"href":"https:\/\/dimensionturistica.com\/es\/wp-json\/wp\/v2\/users\/1"}],"replies":[{"embeddable":true,"href":"https:\/\/dimensionturistica.com\/es\/wp-json\/wp\/v2\/comments?post=1146823"}],"version-history":[{"count":1,"href":"https:\/\/dimensionturistica.com\/es\/wp-json\/wp\/v2\/posts\/1146823\/revisions"}],"predecessor-version":[{"id":1146832,"href":"https:\/\/dimensionturistica.com\/es\/wp-json\/wp\/v2\/posts\/1146823\/revisions\/1146832"}],"wp:featuredmedia":[{"embeddable":true,"href":"https:\/\/dimensionturistica.com\/es\/wp-json\/wp\/v2\/media\/1146831"}],"wp:attachment":[{"href":"https:\/\/dimensionturistica.com\/es\/wp-json\/wp\/v2\/media?parent=1146823"}],"wp:term":[{"taxonomy":"category","embeddable":true,"href":"https:\/\/dimensionturistica.com\/es\/wp-json\/wp\/v2\/categories?post=1146823"},{"taxonomy":"post_tag","embeddable":true,"href":"https:\/\/dimensionturistica.com\/es\/wp-json\/wp\/v2\/tags?post=1146823"}],"curies":[{"name":"wp","href":"https:\/\/api.w.org\/{rel}","templated":true}]}}