{"id":1146808,"date":"2026-04-30T18:19:12","date_gmt":"2026-04-30T18:19:12","guid":{"rendered":"https:\/\/dimensionturistica.com\/es\/?p=1146808"},"modified":"2026-04-30T18:19:12","modified_gmt":"2026-04-30T18:19:12","slug":"la-guia-definitiva-para-el-zumbido-del-fin-de-semana-del-met-gala-en-nueva-york","status":"publish","type":"post","link":"https:\/\/dimensionturistica.com\/es\/la-guia-definitiva-para-el-zumbido-del-fin-de-semana-del-met-gala-en-nueva-york\/","title":{"rendered":"La Gu\u00eda Definitiva para el Zumbido del Fin de Semana del Met Gala en Nueva York"},"content":{"rendered":"<h3>El Espect\u00e1culo de Moda M\u00e1s Esperado: Met Gala 2026<\/h3>\n<p>Cada a\u00f1o, la Met Gala se convierte en el epicentro del glamour y la creatividad en el mundo de la moda. Para 2026, el evento promete superar todas las expectativas con su tem\u00e1tica innovadora y una lista de invitados de renombre. Esta es la cita que los amantes de la moda y la cultura esperan ansiosamente, marcando el inicio de una nueva era en la interpretaci\u00f3n del arte y la vestimenta.<\/p>\n<h4>Una Tem\u00e1tica que Despierta la Imaginaci\u00f3n<\/h4>\n<p>La elecci\u00f3n del tema para la Met Gala es un arte en s\u00ed misma. Para 2026, los organizadores han seleccionado un concepto que invita a la reflexi\u00f3n y la reinterpretaci\u00f3n: la intersecci\u00f3n de la tecnolog\u00eda y la moda. Los dise\u00f1adores se enfrentar\u00e1n al desaf\u00edo de fusionar lo digital y lo f\u00edsico, creando piezas que no solo deslumbren por su est\u00e9tica, sino que tambi\u00e9n desaf\u00eden las normas tradicionales.<\/p>\n<p>Imagina dise\u00f1os que incorporen elementos interactivos, textiles inteligentes o incluso avatares digitales. Este enfoque abrir\u00e1 un abanico de posibilidades para que los creadores jueguen con la percepci\u00f3n, alterando c\u00f3mo se entiende la moda en el contexto contempor\u00e1neo.<\/p>\n<h4>Nombres que Hacen Historia<\/h4>\n<p>La lista de asistentes promete ser tan impactante como el espect\u00e1culo en s\u00ed. Celebridades y figuras influyentes de diversos sectores se preparan para desfilar por la alfombra roja, donde cada look se convertir\u00e1 en un comentario visual sobre el tema del a\u00f1o. La expectaci\u00f3n crece a medida que se especula sobre qu\u00e9 grandes nombres de la moda estar\u00e1n presentes y cu\u00e1l ser\u00e1 la primera impresi\u00f3n que nos dejar\u00e1n.<\/p>\n<p>Se prev\u00e9 que algunos de los dise\u00f1adores m\u00e1s destacados de la actualidad presenten colecciones que reflejen esta nueva direcci\u00f3n. Con una mezcla de \u00edconos establecidos y j\u00f3venes talentos emergentes, la alfombra roja ser\u00e1, sin duda, un escaparate de creatividad sin l\u00edmites.<\/p>\n<h4>Deliciosas Experiencias Colaterales<\/h4>\n<p>Como cada a\u00f1o, la Met Gala no solo se limita a lo que ocurre en la gala misma. Nueva York se volver\u00e1 un im\u00e1n para una serie de eventos y actividades que giran en torno a esta celebraci\u00f3n. Desde exposiciones de arte interactivas que celebran la moda, hasta talleres donde los asistentes pueden experimentar de primera mano con las nuevas tecnolog\u00edas aplicadas al vestuario. <\/p>\n<p>Entre las actividades m\u00e1s destacadas, se anticipa una serie de panels y conferencias donde expertos compartir\u00e1n sus visiones sobre el futuro de la moda en la era digital. Las citas nocturnas, los pop-ups y las fiestas exclusivas tambi\u00e9n estar\u00e1n en la agenda, creando una atm\u00f3sfera de entusiasmo y camarader\u00eda entre los asistentes.<\/p>\n<h4>La Moda como Reflejo de la Sociedad<\/h4>\n<p>La Met Gala no solo es una fiesta. Es un di\u00e1logo cultural que trasciende las fronteras de la moda. En un mundo donde las redes sociales dominan, la forma en que se presenta la moda tiene un impacto significativo en la percepci\u00f3n p\u00fablica. Los looks que emerjan de este evento no solo influir\u00e1n en las tendencias futuras, sino que tambi\u00e9n pueden provocar conversaciones sobre identidad, progreso y tecnolog\u00eda.<\/p>\n<p>Los dise\u00f1adores a menudo utilizan esta plataforma para abordar temas sociales importantes, y en 2026, la conexi\u00f3n entre la moda y la sociedad ser\u00e1 m\u00e1s relevante que nunca. A medida que el evento se acerca, todos los ojos estar\u00e1n puestos en c\u00f3mo los creativos podr\u00e1n llevar sus visiones a la vida en formas inesperadas.<\/p>\n<h4>Un Viaje Hacia el Futuro de la Moda<\/h4>\n<p>La Met Gala 2026 no solo promete deslumbrar; tambi\u00e9n invita a la reflexi\u00f3n sobre c\u00f3mo la moda y la tecnolog\u00eda pueden coexistir y evolucionar juntas. Al combinar el arte, la innovaci\u00f3n y la interpretaci\u00f3n de la realidad moderna, el evento se posiciona como un pilar fundamental en el calendario cultural de Nueva York.<\/p>\n<p>Con cada vez m\u00e1s inter\u00e9s y preparaci\u00f3n en marcha, solo queda esperar y deleitarse con lo que ser\u00e1 una de las noches m\u00e1s memorables en el mundo de la moda. La cuenta regresiva inici\u00f3 y el espect\u00e1culo est\u00e1 a punto de comenzar. Mantente atento: lo mejor est\u00e1 por venir.<\/p>\n<p><em> &#8221; Fuentes www.vogue.com &#8221; <\/em><\/p>\n","protected":false},"excerpt":{"rendered":"<p>El Espect\u00e1culo de Moda M\u00e1s Esperado: Met Gala 2026 Cada a\u00f1o, la Met Gala se convierte en el epicentro del glamour y la creatividad en el mundo de la moda. Para 2026, el evento promete superar todas las expectativas con su tem\u00e1tica innovadora y una lista de invitados de renombre. Esta es la cita que [&hellip;]<\/p>\n","protected":false},"author":14,"featured_media":1146809,"comment_status":"open","ping_status":"closed","sticky":false,"template":"","format":"standard","meta":{"om_disable_all_campaigns":false,"jnews-multi-image_gallery":[],"jnews_single_post":[],"jnews_primary_category":[],"jnews_social_meta":[],"footnotes":""},"categories":[144872],"tags":[237,50180,166,76796,167701,222612,92771,165,372,50356,203622,277728],"class_list":["post-1146808","post","type-post","status-publish","format-standard","has-post-thumbnail","hentry","category-fashion","tag-celebrity","tag-events","tag-fashion","tag-glamour","tag-met-gala","tag-met-gala-2026","tag-new-york-city","tag-red-carpet","tag-style","tag-vogue","tag-vogue-parties","tag-weekend-buzz"],"_links":{"self":[{"href":"https:\/\/dimensionturistica.com\/es\/wp-json\/wp\/v2\/posts\/1146808","targetHints":{"allow":["GET"]}}],"collection":[{"href":"https:\/\/dimensionturistica.com\/es\/wp-json\/wp\/v2\/posts"}],"about":[{"href":"https:\/\/dimensionturistica.com\/es\/wp-json\/wp\/v2\/types\/post"}],"author":[{"embeddable":true,"href":"https:\/\/dimensionturistica.com\/es\/wp-json\/wp\/v2\/users\/14"}],"replies":[{"embeddable":true,"href":"https:\/\/dimensionturistica.com\/es\/wp-json\/wp\/v2\/comments?post=1146808"}],"version-history":[{"count":1,"href":"https:\/\/dimensionturistica.com\/es\/wp-json\/wp\/v2\/posts\/1146808\/revisions"}],"predecessor-version":[{"id":1146810,"href":"https:\/\/dimensionturistica.com\/es\/wp-json\/wp\/v2\/posts\/1146808\/revisions\/1146810"}],"wp:featuredmedia":[{"embeddable":true,"href":"https:\/\/dimensionturistica.com\/es\/wp-json\/wp\/v2\/media\/1146809"}],"wp:attachment":[{"href":"https:\/\/dimensionturistica.com\/es\/wp-json\/wp\/v2\/media?parent=1146808"}],"wp:term":[{"taxonomy":"category","embeddable":true,"href":"https:\/\/dimensionturistica.com\/es\/wp-json\/wp\/v2\/categories?post=1146808"},{"taxonomy":"post_tag","embeddable":true,"href":"https:\/\/dimensionturistica.com\/es\/wp-json\/wp\/v2\/tags?post=1146808"}],"curies":[{"name":"wp","href":"https:\/\/api.w.org\/{rel}","templated":true}]}}