{"id":1146805,"date":"2026-04-30T18:06:37","date_gmt":"2026-04-30T18:06:37","guid":{"rendered":"https:\/\/dimensionturistica.com\/es\/?p=1146805"},"modified":"2026-04-30T18:06:37","modified_gmt":"2026-04-30T18:06:37","slug":"benidorm-alberga-la-novena-edicion-de-digital-tourist-como-un-modelo-de-innovacion-tecnologica-en-el-sector-turistico","status":"publish","type":"post","link":"https:\/\/dimensionturistica.com\/es\/benidorm-alberga-la-novena-edicion-de-digital-tourist-como-un-modelo-de-innovacion-tecnologica-en-el-sector-turistico\/","title":{"rendered":"Benidorm alberga la novena edici\u00f3n de Digital Tourist como un modelo de innovaci\u00f3n tecnol\u00f3gica en el sector tur\u00edstico."},"content":{"rendered":"<h3>Benidorm: Un Vistazo a la Innovaci\u00f3n Tur\u00edstica<\/h3>\n<p>Benidorm, un emblem\u00e1tico destino tur\u00edstico en la Costa Blanca, se ha convertido en el epicentro de la innovaci\u00f3n en el sector. La novena edici\u00f3n de un evento digital, que re\u00fane lo mejor de la tecnolog\u00eda aplicada al turismo, ha comenzado en esta vibrante ciudad, prometiendo ser un punto de referencia para profesionales del sector y curiosos sobre las \u00faltimas tendencias.<\/p>\n<p>La tecnolog\u00eda y el turismo han mantenido una relaci\u00f3n simbi\u00f3tica en los \u00faltimos a\u00f1os, y este evento destaca c\u00f3mo la digitalizaci\u00f3n puede transformar la experiencia del viajero. Desde aplicaciones que personalizan itinerarios hasta plataformas que facilitan la planificaci\u00f3n de viajes, la capacidad de la tecnolog\u00eda para conectar a los viajeros con sus destinos nunca ha sido tan potente.<\/p>\n<p>Uno de los aspectos m\u00e1s destacados de esta edici\u00f3n es el compromiso hacia la sostenibilidad. A medida que el turismo enfrenta nuevos desaf\u00edos ambientales, innovaciones tecnol\u00f3gicas se presentan como herramientas clave para implementar pr\u00e1cticas m\u00e1s responsables. La adopci\u00f3n de soluciones digitales no solo mejora la experiencia del usuario, sino que tambi\u00e9n promueve un enfoque consciente hacia el medio ambiente.<\/p>\n<p>El evento no solo atraer\u00e1 a expertos de la industria, sino tambi\u00e9n a emprendedores, acad\u00e9micos y estudiantes interesados en el futuro del turismo. Las conferencias y talleres ofrecidos abordan temas como el uso de inteligencia artificial en el servicio al cliente, la realidad aumentada en el turismo y c\u00f3mo las plataformas digitales pueden ofrecer experiencias m\u00e1s inclusivas y accesibles.<\/p>\n<p>Benidorm, conocida por sus impresionantes rascacielos y vibrante vida nocturna, se presenta como un espacio ideal para la convivencia de la tradici\u00f3n y la modernidad. Pasear por sus playas de arena fina y disfrutar de su oferta gastron\u00f3mica, mientras se exploran las \u00faltimas innovaciones tecnol\u00f3gicas, genera un atractivo \u00fanico para los visitantes.<\/p>\n<p>A medida que el sector del turismo contin\u00faa adapt\u00e1ndose a las nuevas realidades, Benidorm se posiciona no solo como un destino de sol y playa, sino como un laboratorio de ideas donde se definen las tendencias del turismo del futuro. Este evento reafirma su papel como l\u00edder en innovaci\u00f3n y se espera que inspire nuevas iniciativas que fomenten un turismo m\u00e1s eficiente y responsable.<\/p>\n<p>As\u00ed que, si est\u00e1s pensando en viajar a Benidorm, no solo disfrutar\u00e1s de un entorno espectacular, sino que tambi\u00e9n ser\u00e1s parte de un cambio hacia un turismo m\u00e1s inteligente y sostenible. La combinaci\u00f3n de la belleza natural y el impulso tecnol\u00f3gico promete hacer de esta ciudad un lugar fascinante para explorar en los a\u00f1os venideros. \u00a1El futuro del turismo empieza aqu\u00ed!<\/p>\n<p><em> &#8221; Sources marinabaixadigital.es &#8221; <\/em><\/p>\n","protected":false},"excerpt":{"rendered":"<p>Benidorm: Un Vistazo a la Innovaci\u00f3n Tur\u00edstica Benidorm, un emblem\u00e1tico destino tur\u00edstico en la Costa Blanca, se ha convertido en el epicentro de la innovaci\u00f3n en el sector. La novena edici\u00f3n de un evento digital, que re\u00fane lo mejor de la tecnolog\u00eda aplicada al turismo, ha comenzado en esta vibrante ciudad, prometiendo ser un punto [&hellip;]<\/p>\n","protected":false},"author":4,"featured_media":1146806,"comment_status":"open","ping_status":"closed","sticky":false,"template":"","format":"standard","meta":{"om_disable_all_campaigns":false,"jnews-multi-image_gallery":[],"jnews_single_post":[],"jnews_primary_category":[],"jnews_social_meta":[],"footnotes":""},"categories":[40],"tags":[47095,862,30835,277727,1318,25951,14402,81944,775,7711,65952,237519,725,34518,544,6491],"class_list":["post-1146805","post","type-post","status-publish","format-standard","has-post-thumbnail","hentry","category-industria","tag-ametic","tag-benidorm","tag-conferencias","tag-congreso-turismo-benidorm","tag-destinos-turisticos","tag-destinos-turisticos-inteligentes","tag-digital-tourist","tag-eventos-turisticos","tag-innovacion","tag-innovacion-turistica","tag-marina-baixa","tag-novena-edicion","tag-tecnologia","tag-tecnologia-turistica","tag-turismo","tag-turismo-inteligente"],"_links":{"self":[{"href":"https:\/\/dimensionturistica.com\/es\/wp-json\/wp\/v2\/posts\/1146805","targetHints":{"allow":["GET"]}}],"collection":[{"href":"https:\/\/dimensionturistica.com\/es\/wp-json\/wp\/v2\/posts"}],"about":[{"href":"https:\/\/dimensionturistica.com\/es\/wp-json\/wp\/v2\/types\/post"}],"author":[{"embeddable":true,"href":"https:\/\/dimensionturistica.com\/es\/wp-json\/wp\/v2\/users\/4"}],"replies":[{"embeddable":true,"href":"https:\/\/dimensionturistica.com\/es\/wp-json\/wp\/v2\/comments?post=1146805"}],"version-history":[{"count":1,"href":"https:\/\/dimensionturistica.com\/es\/wp-json\/wp\/v2\/posts\/1146805\/revisions"}],"predecessor-version":[{"id":1146807,"href":"https:\/\/dimensionturistica.com\/es\/wp-json\/wp\/v2\/posts\/1146805\/revisions\/1146807"}],"wp:featuredmedia":[{"embeddable":true,"href":"https:\/\/dimensionturistica.com\/es\/wp-json\/wp\/v2\/media\/1146806"}],"wp:attachment":[{"href":"https:\/\/dimensionturistica.com\/es\/wp-json\/wp\/v2\/media?parent=1146805"}],"wp:term":[{"taxonomy":"category","embeddable":true,"href":"https:\/\/dimensionturistica.com\/es\/wp-json\/wp\/v2\/categories?post=1146805"},{"taxonomy":"post_tag","embeddable":true,"href":"https:\/\/dimensionturistica.com\/es\/wp-json\/wp\/v2\/tags?post=1146805"}],"curies":[{"name":"wp","href":"https:\/\/api.w.org\/{rel}","templated":true}]}}