{"id":1146795,"date":"2026-04-30T18:03:35","date_gmt":"2026-04-30T18:03:35","guid":{"rendered":"https:\/\/dimensionturistica.com\/es\/?p=1146795"},"modified":"2026-04-30T18:03:35","modified_gmt":"2026-04-30T18:03:35","slug":"nuevo-tratamiento-contra-el-cancer-de-endometrio-primario-avanzado-ahora-disponible-para-mujeres-mexicanas","status":"publish","type":"post","link":"https:\/\/dimensionturistica.com\/es\/nuevo-tratamiento-contra-el-cancer-de-endometrio-primario-avanzado-ahora-disponible-para-mujeres-mexicanas\/","title":{"rendered":"Nuevo tratamiento contra el c\u00e1ncer de endometrio primario avanzado ahora disponible para mujeres mexicanas"},"content":{"rendered":"\n<p>Se estima que cada d\u00eda alrededor de 14 mujeres en M\u00e9xico reciben un diagn\u00f3stico que puede transformar por completo su vida: c\u00e1ncer de endometrio. Esta enfermedad que suele presentarse con s\u00edntomas como sangrado despu\u00e9s de la menopausia o entre periodos y dolor p\u00e9lvico, es la segunda neoplasia m\u00e1s frecuente entre los c\u00e1nceres\u00a0 ginecol\u00f3gicos en el pa\u00eds, afectando a m\u00e1s de 5,300 mujeres cada a\u00f1o y causando m\u00e1s de 1,300 muertes.<\/p>\n\n\n\n<p>Hoy, la medicina da un paso importante para cambiar esta realidad. M\u00e9xico cuenta ahora con una<\/p>\n\n\n\n<figure class=\"wp-block-gallery has-nested-images columns-default is-cropped wp-block-gallery-1 is-layout-flex wp-block-gallery-is-layout-flex\">\n<figure class=\"wp-block-image size-large\"><img decoding=\"async\" width=\"500\" height=\"413\" data-id=\"1146796\" src=\"https:\/\/dimensionturistica.com\/es\/wp-content\/uploads\/2026\/04\/1GSK.jpg\" alt=\"\" class=\"wp-image-1146796\" srcset=\"https:\/\/dimensionturistica.com\/es\/wp-content\/uploads\/2026\/04\/1GSK.jpg 500w, https:\/\/dimensionturistica.com\/es\/wp-content\/uploads\/2026\/04\/1GSK-300x248.jpg 300w\" sizes=\"(max-width: 500px) 100vw, 500px\" \/><figcaption class=\"wp-element-caption\">ai<\/figcaption><\/figure>\n<\/figure>\n\n\n\n<p>nueva opci\u00f3n terap\u00e9utica: Dostarlimab, un anticuerpo monoclonal indicado para casos avanzados o<\/p>\n\n\n\n<p>recurrentes de c\u00e1ncer de endometrio. &nbsp;Este tratamiento, desarrollado por GSK y aprobado por<\/p>\n\n\n\n<p>organismos internacionales como la Administraci\u00f3n de Alimentos y Medicamentos de EE. UU. (FDA,<\/p>\n\n\n\n<p>por sus siglas en ingl\u00e9s) , la Agencia Europea de Medicamentos (EMA, por sus siglas en ingl\u00e9s) &nbsp;, la<\/p>\n\n\n\n<p>Agencia Reguladora de Medicamentos y Productos Sanitarios del Reino Unido (MHRA, por sus siglas<\/p>\n\n\n\n<p>en ingl\u00e9s) &nbsp;y en M\u00e9xico por la Comisi\u00f3n Federal para la Protecci\u00f3n contra Riesgos Sanitarios (COFEPRIS) , representa una nueva opci\u00f3n para las mujeres que enfrentan etapas cr\u00edticas de esta<\/p>\n\n\n\n<p>enfermedad.<\/p>\n\n\n\n<figure class=\"wp-block-gallery has-nested-images columns-default is-cropped wp-block-gallery-2 is-layout-flex wp-block-gallery-is-layout-flex\">\n<figure class=\"wp-block-image size-large\"><img decoding=\"async\" width=\"415\" height=\"413\" data-id=\"1146799\" src=\"https:\/\/dimensionturistica.com\/es\/wp-content\/uploads\/2026\/04\/4GSK.jpg\" alt=\"\" class=\"wp-image-1146799\" srcset=\"https:\/\/dimensionturistica.com\/es\/wp-content\/uploads\/2026\/04\/4GSK.jpg 415w, https:\/\/dimensionturistica.com\/es\/wp-content\/uploads\/2026\/04\/4GSK-300x300.jpg 300w, https:\/\/dimensionturistica.com\/es\/wp-content\/uploads\/2026\/04\/4GSK-150x150.jpg 150w, https:\/\/dimensionturistica.com\/es\/wp-content\/uploads\/2026\/04\/4GSK-75x75.jpg 75w\" sizes=\"(max-width: 415px) 100vw, 415px\" \/><\/figure>\n<\/figure>\n\n\n\n<p>\u201cEn GSK estamos comprometidos con transformar la manera en que se enfrentan los c\u00e1nceres ginecol\u00f3gicos en M\u00e9xico. El c\u00e1ncer de endometrio en etapas avanzadas ha contado hist\u00f3ricamente con opciones limitadas. La llegada de Dostarlimab nos permite contar ahora con una terapia<\/p>\n\n\n\n<p>innovadora y dirigida, fortaleciendo nuestra capacidad como pa\u00eds de ofrecer opciones m\u00e1s personalizadas a mujeres mexicanas que enfrentan este padecimiento\u201d, se\u00f1al\u00f3 la Dra. Azucena Corro, gerente m\u00e9dico Sr. de Oncolog\u00eda en GSK M\u00e9xico.<\/p>\n\n\n\n<p>El riesgo de c\u00e1ncer de endometrio aumenta con la edad, sobre todo despu\u00e9s de la menopausia, y est\u00e1 asociado a factores como obesidad, uso prolongado de terapia hormonal o no haber estado embarazada. &nbsp;Detectar la enfermedad a tiempo y acceder a opciones terap\u00e9uticas innovadoras puede marcar una diferencia real en la vida de las pacientes y sus familias.<\/p>\n\n\n\n<p>Este lanzamiento forma parte de la estrategia de GSK que marca su regreso a oncolog\u00eda, fortaleciendo&nbsp; su portafolio con desarrollos innovadores en inmuno-oncolog\u00eda y terapias dirigidas, especialmente para c\u00e1nceres ginecol\u00f3gicos y hematol\u00f3gicos, que estar\u00e1n disponibles en los pr\u00f3ximos a\u00f1os. \u201cLa Ciudad de M\u00e9xico, se prepara para tener una agenda de sustentabilidad, con pol\u00edticas p\u00fablicas concretas con metas claras y entre ellos est\u00e1 la incorporaci\u00f3n de eventos como una oportunidad de transferencia de conocimientos para que los actores de la Ciudad de M\u00e9xico se relacionen con otros actores de otras partes del mundo y que como Ciudad, aprendamos mejores pr\u00e1cticas y mejorar las pol\u00edticas p\u00fablicas\u201d.<\/p>\n\n\n\n<figure class=\"wp-block-gallery has-nested-images columns-default is-cropped wp-block-gallery-3 is-layout-flex wp-block-gallery-is-layout-flex\">\n<figure class=\"wp-block-image size-large\"><img decoding=\"async\" width=\"500\" height=\"431\" data-id=\"1146798\" src=\"https:\/\/dimensionturistica.com\/es\/wp-content\/uploads\/2026\/04\/6GSK.jpg\" alt=\"\" class=\"wp-image-1146798\" srcset=\"https:\/\/dimensionturistica.com\/es\/wp-content\/uploads\/2026\/04\/6GSK.jpg 500w, https:\/\/dimensionturistica.com\/es\/wp-content\/uploads\/2026\/04\/6GSK-300x259.jpg 300w\" sizes=\"(max-width: 500px) 100vw, 500px\" \/><\/figure>\n<\/figure>\n\n\n\n<p>Fernando Mandri invit\u00f3 al sector tur\u00edstico de Iberoam\u00e9rica a participar en la 10a edici\u00f3n del<\/p>\n\n\n\n<p>SUMMIT.\u25cf Contribuye a sistemas alimentarios m\u00e1s sostenibles.<\/p>\n\n\n\n<p>En un mundo donde la poblaci\u00f3n crece y los recursos son limitados, encontrar nuevas fuentes de prote\u00edna con menor impacto ambiental es uno de los grandes retos cient\u00edficos.<\/p>\n\n\n\n<p>\u201cCerrar ciclos y aprovechar mejor lo que ya producimos es parte de la ciencia que necesitamos para el futuro\u201d, afirma la Dra. Ram\u00edrez.<\/p>\n\n\n\n<p>La pr\u00f3xima vez que pienses en c\u00f3mo mejorar lo que comemos o c\u00f3mo cuidar el planeta, vale la pena preguntarse: \u00bfy si t\u00fa pudieras ser parte de esa soluci\u00f3n?<\/p>\n","protected":false},"excerpt":{"rendered":"<p>Se estima que cada d\u00eda alrededor de 14 mujeres en M\u00e9xico reciben un diagn\u00f3stico que puede transformar por completo su vida: c\u00e1ncer de endometrio. Esta enfermedad que suele presentarse con s\u00edntomas como sangrado despu\u00e9s de la menopausia o entre periodos y dolor p\u00e9lvico, es la segunda neoplasia m\u00e1s frecuente entre los c\u00e1nceres\u00a0 ginecol\u00f3gicos en el [&hellip;]<\/p>\n","protected":false},"author":1,"featured_media":1146800,"comment_status":"open","ping_status":"closed","sticky":false,"template":"","format":"standard","meta":{"om_disable_all_campaigns":false,"jnews-multi-image_gallery":[],"jnews_single_post":[],"jnews_primary_category":[],"jnews_social_meta":[],"footnotes":""},"categories":[144872],"tags":[],"class_list":["post-1146795","post","type-post","status-publish","format-standard","has-post-thumbnail","hentry","category-fashion"],"_links":{"self":[{"href":"https:\/\/dimensionturistica.com\/es\/wp-json\/wp\/v2\/posts\/1146795","targetHints":{"allow":["GET"]}}],"collection":[{"href":"https:\/\/dimensionturistica.com\/es\/wp-json\/wp\/v2\/posts"}],"about":[{"href":"https:\/\/dimensionturistica.com\/es\/wp-json\/wp\/v2\/types\/post"}],"author":[{"embeddable":true,"href":"https:\/\/dimensionturistica.com\/es\/wp-json\/wp\/v2\/users\/1"}],"replies":[{"embeddable":true,"href":"https:\/\/dimensionturistica.com\/es\/wp-json\/wp\/v2\/comments?post=1146795"}],"version-history":[{"count":1,"href":"https:\/\/dimensionturistica.com\/es\/wp-json\/wp\/v2\/posts\/1146795\/revisions"}],"predecessor-version":[{"id":1146801,"href":"https:\/\/dimensionturistica.com\/es\/wp-json\/wp\/v2\/posts\/1146795\/revisions\/1146801"}],"wp:featuredmedia":[{"embeddable":true,"href":"https:\/\/dimensionturistica.com\/es\/wp-json\/wp\/v2\/media\/1146800"}],"wp:attachment":[{"href":"https:\/\/dimensionturistica.com\/es\/wp-json\/wp\/v2\/media?parent=1146795"}],"wp:term":[{"taxonomy":"category","embeddable":true,"href":"https:\/\/dimensionturistica.com\/es\/wp-json\/wp\/v2\/categories?post=1146795"},{"taxonomy":"post_tag","embeddable":true,"href":"https:\/\/dimensionturistica.com\/es\/wp-json\/wp\/v2\/tags?post=1146795"}],"curies":[{"name":"wp","href":"https:\/\/api.w.org\/{rel}","templated":true}]}}