{"id":1146780,"date":"2026-04-30T17:24:12","date_gmt":"2026-04-30T17:24:12","guid":{"rendered":"https:\/\/dimensionturistica.com\/es\/?p=1146780"},"modified":"2026-04-30T17:24:12","modified_gmt":"2026-04-30T17:24:12","slug":"actualidad-de-mar-del-plata-y-su-area-circundante","status":"publish","type":"post","link":"https:\/\/dimensionturistica.com\/es\/actualidad-de-mar-del-plata-y-su-area-circundante\/","title":{"rendered":"Actualidad de Mar del Plata y su \u00e1rea circundante"},"content":{"rendered":"<h3>Mendoza: Epicentro de la Innovaci\u00f3n Tur\u00edstica en el Congreso Nacional de Agentes de Viajes<\/h3>\n<p>La vibrante provincia argentina de Mendoza se prepara para convertirse en el escenario del Congreso Nacional de Agentes de Viajes en mayo, un evento que promete ser un punto de encuentro clave para profesionales del sector. En un mundo donde el turismo evoluciona a pasos agigantados, este congreso se presenta como una oportunidad invaluable para compartir conocimientos, establecer conexiones y explorar las tendencias emergentes que est\u00e1n dando forma a la industria.<\/p>\n<p>Mendoza, conocida por sus impresionantes vi\u00f1edos que adornan el paisaje andino y su rica cultura, se convierte no solo en un destino tur\u00edstico por excelencia, sino tambi\u00e9n en un hub de innovaci\u00f3n y desarrollo en el \u00e1mbito del turismo. Con una oferta variada que incluye desde catas de vino de renombre mundial hasta actividades de aventura como senderismo y rafting, la regi\u00f3n atrae a globos terracielo con cielos despejados, siendo un lugar ideal para que los agentes de viajes se inspiren y perfeccionen sus habilidades.<\/p>\n<p>El congreso incluir\u00e1 charlas de expertos, talleres pr\u00e1cticos y oportunidades de networking, todos dise\u00f1ados para enriquecer el saber de los agentes. Las din\u00e1micas modernas del turismo requieren que los profesionales est\u00e9n al d\u00eda con estrategias innovadoras, y esto es precisamente lo que se busca en esta cita: equipar a los asistentes con herramientas que les permitan no solo atraer a m\u00e1s viajeros, sino tambi\u00e9n brindarles experiencias aut\u00e9nticas y memorables.<\/p>\n<p>Adem\u00e1s, Mendoza ofrece a los participantes la oportunidad de sumergirse en su cultura y tradiciones mientras forman parte del congreso. Paseos guiados por los vi\u00f1edos, degustaciones de gastronom\u00eda local y experiencias culturales brindan un sabor aut\u00e9ntico a la visita, enfatizando la importancia de conectar con el lugar que se representa. Esta mezcla de actividades har\u00e1 que el evento sea no solo educativo, sino tambi\u00e9n placentero.<\/p>\n<p>La elecci\u00f3n de Mendoza como sede de este congreso no es casualidad; la provincia ha demostrado un crecimiento sostenido en el sector tur\u00edstico en los \u00faltimos a\u00f1os, impulsado en parte por iniciativas que fomentan la sostenibilidad y la promoci\u00f3n de destinos menos conocidos. Este enfoque no solo atrae a turistas, sino que tambi\u00e9n resalta la importancia de mantener una relaci\u00f3n respetuosa con el entorno natural y cultural.<\/p>\n<p>En conclusi\u00f3n, el Congreso Nacional de Agentes de Viajes en Mendoza es una invitaci\u00f3n a explorar no solo las bondades de esta encantadora provincia, sino tambi\u00e9n a reflexionar sobre el futuro del turismo. La interacci\u00f3n entre profesionales, el desarrollo de habilidades innovadoras y el contacto directo con la riqueza de Mendoza ofrecen un precedente esperanzador para el sector. Sin duda, ser\u00e1 un evento que dejar\u00e1 huella en la forma de concebir y disfrutar los viajes en Argentina y m\u00e1s all\u00e1.<\/p>\n<p><em> &#8221; Sources regionmardelplata.com &#8221; <\/em><\/p>\n","protected":false},"excerpt":{"rendered":"<p>Mendoza: Epicentro de la Innovaci\u00f3n Tur\u00edstica en el Congreso Nacional de Agentes de Viajes La vibrante provincia argentina de Mendoza se prepara para convertirse en el escenario del Congreso Nacional de Agentes de Viajes en mayo, un evento que promete ser un punto de encuentro clave para profesionales del sector. En un mundo donde el [&hellip;]<\/p>\n","protected":false},"author":4,"featured_media":1146781,"comment_status":"open","ping_status":"closed","sticky":false,"template":"","format":"standard","meta":{"om_disable_all_campaigns":false,"jnews-multi-image_gallery":[],"jnews_single_post":[],"jnews_primary_category":[],"jnews_social_meta":[],"footnotes":""},"categories":[40],"tags":[707,5913,662,715,1371,724,4922,705,1604,18597,544,8412],"class_list":["post-1146780","post","type-post","status-publish","format-standard","has-post-thumbnail","hentry","category-industria","tag-actualidad","tag-bonaerense","tag-cultura","tag-economia","tag-entretenimiento","tag-eventos","tag-mar-del-plata","tag-noticias","tag-region","tag-sudeste","tag-turismo","tag-zona"],"_links":{"self":[{"href":"https:\/\/dimensionturistica.com\/es\/wp-json\/wp\/v2\/posts\/1146780","targetHints":{"allow":["GET"]}}],"collection":[{"href":"https:\/\/dimensionturistica.com\/es\/wp-json\/wp\/v2\/posts"}],"about":[{"href":"https:\/\/dimensionturistica.com\/es\/wp-json\/wp\/v2\/types\/post"}],"author":[{"embeddable":true,"href":"https:\/\/dimensionturistica.com\/es\/wp-json\/wp\/v2\/users\/4"}],"replies":[{"embeddable":true,"href":"https:\/\/dimensionturistica.com\/es\/wp-json\/wp\/v2\/comments?post=1146780"}],"version-history":[{"count":1,"href":"https:\/\/dimensionturistica.com\/es\/wp-json\/wp\/v2\/posts\/1146780\/revisions"}],"predecessor-version":[{"id":1146782,"href":"https:\/\/dimensionturistica.com\/es\/wp-json\/wp\/v2\/posts\/1146780\/revisions\/1146782"}],"wp:featuredmedia":[{"embeddable":true,"href":"https:\/\/dimensionturistica.com\/es\/wp-json\/wp\/v2\/media\/1146781"}],"wp:attachment":[{"href":"https:\/\/dimensionturistica.com\/es\/wp-json\/wp\/v2\/media?parent=1146780"}],"wp:term":[{"taxonomy":"category","embeddable":true,"href":"https:\/\/dimensionturistica.com\/es\/wp-json\/wp\/v2\/categories?post=1146780"},{"taxonomy":"post_tag","embeddable":true,"href":"https:\/\/dimensionturistica.com\/es\/wp-json\/wp\/v2\/tags?post=1146780"}],"curies":[{"name":"wp","href":"https:\/\/api.w.org\/{rel}","templated":true}]}}