{"id":1146769,"date":"2026-04-30T17:16:25","date_gmt":"2026-04-30T17:16:25","guid":{"rendered":"https:\/\/dimensionturistica.com\/es\/?p=1146769"},"modified":"2026-04-30T17:16:25","modified_gmt":"2026-04-30T17:16:25","slug":"la-10a-edicion-de-sustainable-social-tourism-summit-del-31-de-agosto-al-2-de-septiembre-en-ciudad-de-mexico","status":"publish","type":"post","link":"https:\/\/dimensionturistica.com\/es\/la-10a-edicion-de-sustainable-social-tourism-summit-del-31-de-agosto-al-2-de-septiembre-en-ciudad-de-mexico\/","title":{"rendered":"La 10a edici\u00f3n de Sustainable &amp; Social Tourism Summit del 31 de agosto al 2 de septiembre en Ciudad de M\u00e9xico"},"content":{"rendered":"\n<p>En el marco de la 50a edici\u00f3n del Tianguis Tur\u00edstico M\u00e9xico 2026, se dio a conocer que del 31 de agosto al 2 de septiembre 2026 se realizar\u00e1 la 10a edici\u00f3n de Sustainable &amp; Social Tourism Summit\uf0d2, en la Ciudad de M\u00e9xico, con el apoyo del Fideicomiso de Promoci\u00f3n Turistica de la Ciudad de M\u00e9xico.<\/p>\n\n\n\n<p>Fernando Mandri Bellot, Presidente del comit\u00e9 organizador de SUMMIT, dio a conocer que el lema de la 10a edici\u00f3n es \u201cTecnolog\u00eda y Sostenibilidad\u201d. Coment\u00f3 que desde la primera edici\u00f3n del evento, la inquietud fue la de invitar a los prestadores de servicios tur\u00edsticos y a toda la cadena de valor para implementar la sostenibilidad como una forma de trabajo, que cada organizaci\u00f3n trabajara con directrices de sostenibilidad ya que sabemos que para que la sostenibilidad funcione, se debe trabajar de manera transversal en toda la organizaci\u00f3n.<\/p>\n\n\n\n<figure class=\"wp-block-gallery has-nested-images columns-default is-cropped wp-block-gallery-1 is-layout-flex wp-block-gallery-is-layout-flex\">\n<figure class=\"wp-block-image size-large\"><img decoding=\"async\" width=\"1024\" height=\"768\" data-id=\"1146770\" src=\"https:\/\/dimensionturistica.com\/es\/wp-content\/uploads\/2026\/04\/001-1-1024x768.jpeg\" alt=\"\" class=\"wp-image-1146770\" srcset=\"https:\/\/dimensionturistica.com\/es\/wp-content\/uploads\/2026\/04\/001-1-1024x768.jpeg 1024w, https:\/\/dimensionturistica.com\/es\/wp-content\/uploads\/2026\/04\/001-1-300x225.jpeg 300w, https:\/\/dimensionturistica.com\/es\/wp-content\/uploads\/2026\/04\/001-1-768x576.jpeg 768w, https:\/\/dimensionturistica.com\/es\/wp-content\/uploads\/2026\/04\/001-1-1536x1152.jpeg 1536w, https:\/\/dimensionturistica.com\/es\/wp-content\/uploads\/2026\/04\/001-1-2048x1536.jpeg 2048w, https:\/\/dimensionturistica.com\/es\/wp-content\/uploads\/2026\/04\/001-1-750x563.jpeg 750w, https:\/\/dimensionturistica.com\/es\/wp-content\/uploads\/2026\/04\/001-1-1140x855.jpeg 1140w\" sizes=\"(max-width: 1024px) 100vw, 1024px\" \/><\/figure>\n<\/figure>\n\n\n\n<p>Fernando, indic\u00f3 que en la 10a edici\u00f3n del evento, se har\u00e1 una reflexi\u00f3n con avances, logros y retos de lo que ha pasado en estos a\u00f1os, que habr\u00e1 conferencias magistrales, paneles, talleres y como cada a\u00f1o, se acercar\u00e1 a los ponentes con los asistentes lo que permitir\u00e1 tener un contacto mas directo entre ellos y que habr\u00e1 espacios para networking que es muy valorado por los asistentes.<\/p>\n\n\n\n<p>Asimismo, menci\u00f3n\u00f3 que, en el marco del programa t\u00e9cnico del SUMMIT, Francisco M.<\/p>\n\n\n\n<p>Pastor de CIFAL, M\u00e1laga \u2013 UNITAR, impartir\u00e1 el curso para profesionales \u201cTurismo comunitario como motor de desarrollo sostenible\u201d, que est\u00e1 avalado por esa organizaci\u00f3n.<\/p>\n\n\n\n<figure class=\"wp-block-gallery has-nested-images columns-default is-cropped wp-block-gallery-2 is-layout-flex wp-block-gallery-is-layout-flex\">\n<figure class=\"wp-block-image size-large\"><img decoding=\"async\" width=\"500\" height=\"666\" data-id=\"1146771\" src=\"https:\/\/dimensionturistica.com\/es\/wp-content\/uploads\/2026\/04\/2SUSN.jpg\" alt=\"\" class=\"wp-image-1146771\" srcset=\"https:\/\/dimensionturistica.com\/es\/wp-content\/uploads\/2026\/04\/2SUSN.jpg 500w, https:\/\/dimensionturistica.com\/es\/wp-content\/uploads\/2026\/04\/2SUSN-225x300.jpg 225w\" sizes=\"(max-width: 500px) 100vw, 500px\" \/><\/figure>\n<\/figure>\n\n\n\n<p>Record\u00f3 que SUMMIT, es un evento de profesionales para profesionales con un enfoque pr\u00e1ctico y din\u00e1mico que pretende implementar a trav\u00e9s de buenas pr\u00e1cticas, herramientas y soluciones de sostenibilidad en empresas, gobiernos y destinos.<\/p>\n\n\n\n<p>Fernando indic\u00f3 que desde el SUMMIT \u201cse continuar\u00e1 trabajando creando espacios para seguir implementando la sostenibilidad como una obligaci\u00f3n no solo en el sector turismo sino en todas las actividades que hacemos en el d\u00eda a dia\u201d.<\/p>\n\n\n\n<figure class=\"wp-block-gallery has-nested-images columns-default is-cropped wp-block-gallery-3 is-layout-flex wp-block-gallery-is-layout-flex\">\n<figure class=\"wp-block-image size-large\"><img decoding=\"async\" width=\"500\" height=\"666\" data-id=\"1146772\" src=\"https:\/\/dimensionturistica.com\/es\/wp-content\/uploads\/2026\/04\/3SUS.jpg\" alt=\"\" class=\"wp-image-1146772\" srcset=\"https:\/\/dimensionturistica.com\/es\/wp-content\/uploads\/2026\/04\/3SUS.jpg 500w, https:\/\/dimensionturistica.com\/es\/wp-content\/uploads\/2026\/04\/3SUS-225x300.jpg 225w\" sizes=\"(max-width: 500px) 100vw, 500px\" \/><\/figure>\n<\/figure>\n\n\n\n<p>Adicionalmente coment\u00f3 que la convocatoria a la 5a edici\u00f3n del Premio al turismo sostenible y social est\u00e1 abierta y cerrar\u00e1 el pr\u00f3ximo 15 de junio. Los ganadores del Premio como en cada edici\u00f3n, participar\u00e1n en un conversatorio en donde platicar\u00e1n sobre sus experiencias en el desarrollo e implementaci\u00f3n de sus proyectos.<\/p>\n\n\n\n<p>Se\u00f1al\u00f3 que el programa t\u00e9cnico continuar\u00e1 marcando tendencia en temas globales relacionados con la sostenibilidad, la solidaridad y la responsabilidad social.<\/p>\n\n\n\n<p>Alberto L\u00f3pez, Gerente General del Instituto Costarricense de Turismo, anfitri\u00f3n del SUMMIT 2025, indic\u00f3 que se plantea un reto importante para ser sostenibles y resilientes para estar alineados a la agenda de la ONU Turismo y que mejor que el SUMMIT, que es el evento referente a nivel Iberoamericano para tratar estos temas. Asimismo, coment\u00f3 que Costa Rica continuar\u00e1 apoyando al SUMMIT con diferentes acciones para seguir participando de manera muy activa.<\/p>\n\n\n\n<p>Carlos Mart\u00ednez Vel\u00e1zquez, Director General Fondo Mixto de Promoci\u00f3n Tur\u00edstica de la Ciudad de M\u00e9xico, se\u00f1al\u00f3 que para la Ciudad de M\u00e9xico es un gusto ser la sede del evento de turismo sostenible y social ya que los temas, forman parte de la agenda del gobierno de la Ciudad.<\/p>\n\n\n\n<figure class=\"wp-block-gallery has-nested-images columns-default is-cropped wp-block-gallery-4 is-layout-flex wp-block-gallery-is-layout-flex\">\n<figure class=\"wp-block-image size-large\"><img decoding=\"async\" width=\"500\" height=\"666\" data-id=\"1146773\" src=\"https:\/\/dimensionturistica.com\/es\/wp-content\/uploads\/2026\/04\/4SUS.jpg\" alt=\"\" class=\"wp-image-1146773\" srcset=\"https:\/\/dimensionturistica.com\/es\/wp-content\/uploads\/2026\/04\/4SUS.jpg 500w, https:\/\/dimensionturistica.com\/es\/wp-content\/uploads\/2026\/04\/4SUS-225x300.jpg 225w\" sizes=\"(max-width: 500px) 100vw, 500px\" \/><\/figure>\n<\/figure>\n\n\n\n<p>Indic\u00f3 que la Ciudad de M\u00e9xico lanz\u00f3 el Dec\u00e1logo de Eventos Sustentables y se presentar\u00e1 la Certificaci\u00f3n de Eventos Sustentables Ciudad de M\u00e9xico en el marco de la 10a edici\u00f3n de SUMMIT, lo que permitir\u00e1 medir claramente la huella de carbono que tiene el turismo de negocios y hacer acciones de mitigaci\u00f3n.<\/p>\n\n\n\n<p>\u201cLa Ciudad de M\u00e9xico, se prepara para tener una agenda de sustentabilidad, con pol\u00edticas p\u00fablicas concretas con metas claras y entre ellos est\u00e1 la incorporaci\u00f3n de eventos como una oportunidad de transferencia de conocimientos para que los actores de la Ciudad de M\u00e9xico se relacionen con otros actores de otras partes del mundo y que como Ciudad,<\/p>\n\n\n\n<p>aprendamos mejores pr\u00e1cticas y mejorar las pol\u00edticas p\u00fablicas\u201d.<\/p>\n\n\n\n<p>Fernando Mandri invit\u00f3 al sector tur\u00edstico de Iberoam\u00e9rica a participar en la 10a edici\u00f3n del<\/p>\n\n\n\n<p>SUMMIT.\u25cf Contribuye a sistemas alimentarios m\u00e1s sostenibles.<\/p>\n\n\n\n<figure class=\"wp-block-gallery has-nested-images columns-default is-cropped wp-block-gallery-5 is-layout-flex wp-block-gallery-is-layout-flex\">\n<figure class=\"wp-block-image size-large\"><img decoding=\"async\" width=\"500\" height=\"375\" data-id=\"1146774\" src=\"https:\/\/dimensionturistica.com\/es\/wp-content\/uploads\/2026\/04\/7SUS.jpg\" alt=\"\" class=\"wp-image-1146774\" srcset=\"https:\/\/dimensionturistica.com\/es\/wp-content\/uploads\/2026\/04\/7SUS.jpg 500w, https:\/\/dimensionturistica.com\/es\/wp-content\/uploads\/2026\/04\/7SUS-300x225.jpg 300w\" sizes=\"(max-width: 500px) 100vw, 500px\" \/><\/figure>\n<\/figure>\n\n\n\n<p>En un mundo donde la poblaci\u00f3n crece y los recursos son limitados, encontrar nuevas fuentes de prote\u00edna con menor impacto ambiental es uno de los grandes retos cient\u00edficos.<\/p>\n\n\n\n<p>\u201cCerrar ciclos y aprovechar mejor lo que ya producimos es parte de la ciencia que necesitamos para el futuro\u201d, afirma la Dra. Ram\u00edrez. La pr\u00f3xima vez que pienses en c\u00f3mo mejorar lo que comemos o c\u00f3mo cuidar el planeta, vale la pena preguntarse: \u00bfy si t\u00fa pudieras ser parte de<\/p>\n","protected":false},"excerpt":{"rendered":"<p>En el marco de la 50a edici\u00f3n del Tianguis Tur\u00edstico M\u00e9xico 2026, se dio a conocer que del 31 de agosto al 2 de septiembre 2026 se realizar\u00e1 la 10a edici\u00f3n de Sustainable &amp; Social Tourism Summit\uf0d2, en la Ciudad de M\u00e9xico, con el apoyo del Fideicomiso de Promoci\u00f3n Turistica de la Ciudad de M\u00e9xico. [&hellip;]<\/p>\n","protected":false},"author":1,"featured_media":1146775,"comment_status":"open","ping_status":"closed","sticky":false,"template":"","format":"standard","meta":{"om_disable_all_campaigns":false,"jnews-multi-image_gallery":[],"jnews_single_post":[],"jnews_primary_category":[],"jnews_social_meta":[],"footnotes":""},"categories":[39],"tags":[],"class_list":["post-1146769","post","type-post","status-publish","format-standard","has-post-thumbnail","hentry","category-viajes"],"_links":{"self":[{"href":"https:\/\/dimensionturistica.com\/es\/wp-json\/wp\/v2\/posts\/1146769","targetHints":{"allow":["GET"]}}],"collection":[{"href":"https:\/\/dimensionturistica.com\/es\/wp-json\/wp\/v2\/posts"}],"about":[{"href":"https:\/\/dimensionturistica.com\/es\/wp-json\/wp\/v2\/types\/post"}],"author":[{"embeddable":true,"href":"https:\/\/dimensionturistica.com\/es\/wp-json\/wp\/v2\/users\/1"}],"replies":[{"embeddable":true,"href":"https:\/\/dimensionturistica.com\/es\/wp-json\/wp\/v2\/comments?post=1146769"}],"version-history":[{"count":1,"href":"https:\/\/dimensionturistica.com\/es\/wp-json\/wp\/v2\/posts\/1146769\/revisions"}],"predecessor-version":[{"id":1146776,"href":"https:\/\/dimensionturistica.com\/es\/wp-json\/wp\/v2\/posts\/1146769\/revisions\/1146776"}],"wp:featuredmedia":[{"embeddable":true,"href":"https:\/\/dimensionturistica.com\/es\/wp-json\/wp\/v2\/media\/1146775"}],"wp:attachment":[{"href":"https:\/\/dimensionturistica.com\/es\/wp-json\/wp\/v2\/media?parent=1146769"}],"wp:term":[{"taxonomy":"category","embeddable":true,"href":"https:\/\/dimensionturistica.com\/es\/wp-json\/wp\/v2\/categories?post=1146769"},{"taxonomy":"post_tag","embeddable":true,"href":"https:\/\/dimensionturistica.com\/es\/wp-json\/wp\/v2\/tags?post=1146769"}],"curies":[{"name":"wp","href":"https:\/\/api.w.org\/{rel}","templated":true}]}}