{"id":1146741,"date":"2026-04-30T16:42:03","date_gmt":"2026-04-30T16:42:03","guid":{"rendered":"https:\/\/dimensionturistica.com\/es\/?p=1146741"},"modified":"2026-04-30T16:42:03","modified_gmt":"2026-04-30T16:42:03","slug":"para-el-dia-del-nino-y-la-nina-el-reto-de-la-seguridad-y-la-privacidad-de-la-ninez-en-el-ecosistema-digital","status":"publish","type":"post","link":"https:\/\/dimensionturistica.com\/es\/para-el-dia-del-nino-y-la-nina-el-reto-de-la-seguridad-y-la-privacidad-de-la-ninez-en-el-ecosistema-digital\/","title":{"rendered":"Para el D\u00eda del Ni\u00f1o y la Ni\u00f1a: el reto de la seguridad y la privacidad de la ni\u00f1ez en el ecosistema digital"},"content":{"rendered":"\n<p>La realidad de la educaci\u00f3n y la recreaci\u00f3n de la infancia en M\u00e9xico ha dado un giro definitivo, en el que los juegos tradicionales ahora tambi\u00e9n se complementan por un ecosistema h\u00edbrido donde las pantallas y los dispositivos inteligentes conectados a Internet son los principales compa\u00f1eros de juego.<\/p>\n\n\n\n<p>En la actualidad, aproximadamente un tercio de los usuarios de internet en el mundo son menores de edad, y en M\u00e9xico, 100.2 millones de personas mayores de 6 a\u00f1os utilizan internet, lo que representa el 83.1% de la poblaci\u00f3n. Los grupos de edad de 6 a 11 a\u00f1os y de 12 a 17 reportaron un porcentaje de uso de 79.7% y 95.1%, con un promedio de horas al d\u00eda de 2.6 y 4.5, respectivamente.<\/p>\n\n\n\n<figure class=\"wp-block-gallery has-nested-images columns-default is-cropped wp-block-gallery-1 is-layout-flex wp-block-gallery-is-layout-flex\">\n<figure class=\"wp-block-image size-large\"><img decoding=\"async\" width=\"500\" height=\"333\" data-id=\"1146745\" src=\"https:\/\/dimensionturistica.com\/es\/wp-content\/uploads\/2026\/04\/2ninas-1.jpg\" alt=\"\" class=\"wp-image-1146745\" srcset=\"https:\/\/dimensionturistica.com\/es\/wp-content\/uploads\/2026\/04\/2ninas-1.jpg 500w, https:\/\/dimensionturistica.com\/es\/wp-content\/uploads\/2026\/04\/2ninas-1-300x200.jpg 300w\" sizes=\"(max-width: 500px) 100vw, 500px\" \/><\/figure>\n<\/figure>\n\n\n\n<p>Este panorama, aunque ofrece oportunidades educativas importantes, tambi\u00e9n abre la puerta a peligros cr\u00edticos en materia de privacidad y seguridad que tanto padres como tutores deben conocer y gestionar.<\/p>\n\n\n\n<p>De acuerdo con Arochi &amp; Lindner, firma jur\u00eddica que presta servicios especializados en materia de Privacidad y Protecci\u00f3n de Datos Personales, el consumo de contenido ha migrado a un modelo de atenci\u00f3n fragmentada dictado por algoritmos. Conforme a la \u00faltima Encuesta Nacional de Consumo de Contenidos Audiovisuales (ENCCA) publicada en 2024, el 80% de los ni\u00f1os prefiere utilizar plataformas como YouTube, seguido de Tik Tok con un 41% de preferencia, mismas en las que la edad m\u00ednima para tener una cuenta es de 13 a\u00f1os o inclusive menos, como en el caso de YouTube Kids. Adem\u00e1s, el 75% de los menores accede a sus contenidos a trav\u00e9s de smartphones con un pico de actividad entre las 21:00 y 21:30 horas, un horario donde la supervisi\u00f3n parental suele disminuir.<\/p>\n\n\n\n<p>Seg\u00fan un informe de Kaspersky, en 2025 las b\u00fasquedas de los menores de edad se engloban principalmente en contenido de Influencers, Canales y Creadores de entretenimiento como Mr. Beast; artistas musicales; gamers, videojuegos y memes \u2018brainrot\u2019 fueron el resto de las categor\u00edas m\u00e1s buscadas por los peque\u00f1os usuarios, principalmente en YouTube.<\/p>\n\n\n\n<p>\u201cLa falta de supervisi\u00f3n parental aumenta el riesgo de que las infancias se expongan tanto a contenidos inapropiados para su edad, como a que se haga mal uso de su informaci\u00f3n personal, como fotos, videos, voz o datos de contacto. El crecimiento de la inteligencia artificial generativa y las interacciones v\u00eda chat con terceros son los puntos m\u00e1s vulnerables para la privacidad de los menores, pues en el primer caso facilita la creaci\u00f3n de im\u00e1genes falsas a partir de fotos o videos reales de los menores y el segundo, les coloca en posibles situaciones de riesgo de ser contactados por personas con malas intenciones \u201d se\u00f1al\u00f3 Gabriela Espinosa, Counsel y abogada especialista en Privacidad y Protecci\u00f3n de Datos en Arochi &amp; Lindner.<\/p>\n\n\n\n<p>De acuerdo con la UNICEF, estos contenidos falsos pueden ser considerados como abuso sexual infantil y utilizados con fines de acoso o extorsi\u00f3n, causando da\u00f1os psicol\u00f3gicos profundos. Al menos 1.2 millones de ni\u00f1os y ni\u00f1as en 11 pa\u00edses, entre ellos M\u00e9xico, reportaron haber sido afectados por manipulaciones de sus im\u00e1genes con contenido sexual expl\u00edcito falso en 2025.<\/p>\n\n\n\n<p>Este problema tambi\u00e9n puede ser impulsado por el fen\u00f3meno del Sharenting, en el que los propios padres o tutores sobreexponen la privacidad de sus hijos al compartir excesivamente contenido de su vida cotidiana, vulnerando su propio derecho a decidir sobre su imagen y coloc\u00e1ndolos en situaciones de vulnerabilidad posterior con su huella digital, que puede ser utilizada en su perjuicio.<\/p>\n\n\n\n<p>Para salvaguardar la experiencia de los menores de edad en el uso de internet, as\u00ed como proteger su privacidad, a continuaci\u00f3n se presentan algunas medidas que se pueden poner en pr\u00e1ctica en la vida cotidiana:<\/p>\n\n\n\n<p>Higiene Digital en Dispositivos: supervisar que los menores apaguen los equipos cuando no se usen, cubrir y revisar los permisos de uso de c\u00e1maras web y micr\u00f3fonos para evitar capturas de imagen o audio no consentidas por parte de terceros o malware.<\/p>\n\n\n\n<figure class=\"wp-block-gallery has-nested-images columns-default is-cropped wp-block-gallery-2 is-layout-flex wp-block-gallery-is-layout-flex\">\n<figure class=\"wp-block-image size-large\"><img decoding=\"async\" width=\"500\" height=\"395\" data-id=\"1146748\" src=\"https:\/\/dimensionturistica.com\/es\/wp-content\/uploads\/2026\/04\/3ninas.jpg\" alt=\"\" class=\"wp-image-1146748\" srcset=\"https:\/\/dimensionturistica.com\/es\/wp-content\/uploads\/2026\/04\/3ninas.jpg 500w, https:\/\/dimensionturistica.com\/es\/wp-content\/uploads\/2026\/04\/3ninas-300x237.jpg 300w\" sizes=\"(max-width: 500px) 100vw, 500px\" \/><\/figure>\n<\/figure>\n\n\n\n<p>Configuraci\u00f3n de Privacidad: es fundamental revisar y ajustar las opciones de privacidad en todas las cuentas de usuario de los menores, asegurando que el perfil creado sea adecuado para la edad y que los controles parentales se encuentren activados.<\/p>\n\n\n\n<p>L\u00edmites de tiempo: fomentar el uso controlado por tiempo determinado de pantallas y dispositivos, de tal forma que no sustituyan el juego f\u00edsico, la interacci\u00f3n, el ejercicio, ni el deporte.<\/p>\n\n\n\n<p>Di\u00e1logo sobre la IA: UNICEF recomienda explicar a los ni\u00f1os el funcionamiento de la IA y crear conciencia de que no todo lo que ven es real.<\/p>\n\n\n\n<p>Ejercer Derechos ARCO: en M\u00e9xico, los padres o tutores pueden solicitar a cualquier plataforma la eliminaci\u00f3n de datos o im\u00e1genes de sus hijos si consideran que afectan su imagen o privacidad.<\/p>\n\n\n\n<figure class=\"wp-block-gallery has-nested-images columns-default is-cropped wp-block-gallery-3 is-layout-flex wp-block-gallery-is-layout-flex\">\n<figure class=\"wp-block-image size-large\"><img decoding=\"async\" width=\"500\" height=\"333\" data-id=\"1146749\" src=\"https:\/\/dimensionturistica.com\/es\/wp-content\/uploads\/2026\/04\/5ninas.jpg\" alt=\"\" class=\"wp-image-1146749\" srcset=\"https:\/\/dimensionturistica.com\/es\/wp-content\/uploads\/2026\/04\/5ninas.jpg 500w, https:\/\/dimensionturistica.com\/es\/wp-content\/uploads\/2026\/04\/5ninas-300x200.jpg 300w\" sizes=\"(max-width: 500px) 100vw, 500px\" \/><\/figure>\n<\/figure>\n\n\n\n<p>Cuidarse es tarea de todos: La responsabilidad de no compartir im\u00e1genes, fotos, videos o informaci\u00f3n empieza en casa. Los ni\u00f1os y las ni\u00f1as deben saber que no<\/p>\n\n\n\n<p>deben proporcionar sus datos en redes sociales ni videojuegos y los padres y madres deben hacer la misma reflexi\u00f3n.<\/p>\n\n\n\n<p>Este 30 de abril, el mejor regalo para las infancias mexicanas no es solo un dispositivo nuevo, sino el acompa\u00f1amiento y la educaci\u00f3n necesaria para navegar en el mundo digital. La meta: transformar a las infancias en personas digitales responsables, sanas y protegidas.<\/p>\n","protected":false},"excerpt":{"rendered":"<p>La realidad de la educaci\u00f3n y la recreaci\u00f3n de la infancia en M\u00e9xico ha dado un giro definitivo, en el que los juegos tradicionales ahora tambi\u00e9n se complementan por un ecosistema h\u00edbrido donde las pantallas y los dispositivos inteligentes conectados a Internet son los principales compa\u00f1eros de juego. En la actualidad, aproximadamente un tercio de [&hellip;]<\/p>\n","protected":false},"author":1,"featured_media":1146750,"comment_status":"open","ping_status":"closed","sticky":false,"template":"","format":"standard","meta":{"om_disable_all_campaigns":false,"jnews-multi-image_gallery":[],"jnews_single_post":[],"jnews_primary_category":[],"jnews_social_meta":[],"footnotes":""},"categories":[144872],"tags":[],"class_list":["post-1146741","post","type-post","status-publish","format-standard","has-post-thumbnail","hentry","category-fashion"],"_links":{"self":[{"href":"https:\/\/dimensionturistica.com\/es\/wp-json\/wp\/v2\/posts\/1146741","targetHints":{"allow":["GET"]}}],"collection":[{"href":"https:\/\/dimensionturistica.com\/es\/wp-json\/wp\/v2\/posts"}],"about":[{"href":"https:\/\/dimensionturistica.com\/es\/wp-json\/wp\/v2\/types\/post"}],"author":[{"embeddable":true,"href":"https:\/\/dimensionturistica.com\/es\/wp-json\/wp\/v2\/users\/1"}],"replies":[{"embeddable":true,"href":"https:\/\/dimensionturistica.com\/es\/wp-json\/wp\/v2\/comments?post=1146741"}],"version-history":[{"count":1,"href":"https:\/\/dimensionturistica.com\/es\/wp-json\/wp\/v2\/posts\/1146741\/revisions"}],"predecessor-version":[{"id":1146751,"href":"https:\/\/dimensionturistica.com\/es\/wp-json\/wp\/v2\/posts\/1146741\/revisions\/1146751"}],"wp:featuredmedia":[{"embeddable":true,"href":"https:\/\/dimensionturistica.com\/es\/wp-json\/wp\/v2\/media\/1146750"}],"wp:attachment":[{"href":"https:\/\/dimensionturistica.com\/es\/wp-json\/wp\/v2\/media?parent=1146741"}],"wp:term":[{"taxonomy":"category","embeddable":true,"href":"https:\/\/dimensionturistica.com\/es\/wp-json\/wp\/v2\/categories?post=1146741"},{"taxonomy":"post_tag","embeddable":true,"href":"https:\/\/dimensionturistica.com\/es\/wp-json\/wp\/v2\/tags?post=1146741"}],"curies":[{"name":"wp","href":"https:\/\/api.w.org\/{rel}","templated":true}]}}