{"id":1146737,"date":"2026-04-30T16:37:09","date_gmt":"2026-04-30T16:37:09","guid":{"rendered":"https:\/\/dimensionturistica.com\/es\/?p=1146737"},"modified":"2026-04-30T16:37:09","modified_gmt":"2026-04-30T16:37:09","slug":"en-la-gala-del-ministerio-real-una-noche-de-esplendor-regal","status":"publish","type":"post","link":"https:\/\/dimensionturistica.com\/es\/en-la-gala-del-ministerio-real-una-noche-de-esplendor-regal\/","title":{"rendered":"En la Gala del Ministerio Real, una Noche de Esplendor Regal."},"content":{"rendered":"<h3>El Esplendor del Gala: Un Viaje por la Moda del Kings Trust<\/h3>\n<p>La alfombra roja del Kings Trust Gala 2026 se convirti\u00f3 en un escenario deslumbrante, donde la moda brill\u00f3 con toda su intensidad. Este evento, que re\u00fane a las personalidades m\u00e1s influyentes del mundo del entretenimiento, la moda y la filantrop\u00eda, dej\u00f3 una huella imborrable en la historia del estilo y la elegancia.<\/p>\n<h4>Estilo Ic\u00f3nico en Cada Rinc\u00f3n<\/h4>\n<p>Desde el momento en que las celebridades comenzaron a llegar, el evento se llen\u00f3 de una paleta vibrante de colores y texturas. Los asistentes optaron por trajes que combinaban la sofisticaci\u00f3n con un toque de audacia. Vestidos de gala que desafiaron las convenciones y trajes que realzaban la figura, cada elecci\u00f3n de vestuario era un claro reflejo de la personalidad de su portador. La originalidad se apoder\u00f3 del evento, estableciendo nuevas tendencias que probablemente dominar\u00e1n las pasarelas en los pr\u00f3ximos meses.<\/p>\n<h4>Accesorios que Hablan<\/h4>\n<p>Los complementos jugaron un papel crucial en la narrativa de la noche. Joyas brillantes, zapatos espectaculares y bolsos que capturaron la atenci\u00f3n de todos. Una notable tendencia fue el uso de accesorios sostenibles, que demostraron que el estilo puede ir de la mano con la responsabilidad ecol\u00f3gica. Esto no solo elev\u00f3 los looks, sino que tambi\u00e9n gener\u00f3 conversaci\u00f3n sobre la necesidad de un enfoque consciente en la moda.<\/p>\n<h4>Maquillaje y Peinados: La Belleza en el Detalle<\/h4>\n<p>La est\u00e9tica de la noche no se limit\u00f3 a la vestimenta. Los maquillajes audaces y los peinados elaborados complementaron a la perfecci\u00f3n los looks elegidos. Con una inclinaci\u00f3n hacia lo natural, muchos optaron por resaltar la belleza aut\u00e9ntica, mientras que otros eligieron estilos m\u00e1s dram\u00e1ticos que dejaron una fuerte impresi\u00f3n. La diversidad en la presentaci\u00f3n del maquillaje refleja la evoluci\u00f3n actual de los est\u00e1ndares de belleza, donde cada persona puede expresarse plenamente a trav\u00e9s de su estilo personal.<\/p>\n<h4>El Impacto de la Moda Sostenible<\/h4>\n<p>Un tema clave en el evento fue el creciente enfoque en la sostenibilidad. Varios dise\u00f1adores y marcas destacaron su compromiso con pr\u00e1cticas responsables, utilizando materiales reciclados y t\u00e9cnicas de producci\u00f3n \u00e9ticas. Este giro hacia la sostenibilidad no solo fue bien recibido por los asistentes, sino que tambi\u00e9n indudablemente resonar\u00e1 en la industria de la moda, inspirando tanto a creadores como a consumidores.<\/p>\n<h4>Momentos Memorables<\/h4>\n<p>A lo largo de la gala, varios momentos se convirtieron en viralidad instant\u00e1nea. Desde interacciones espont\u00e1neas entre celebridades hasta discursos emotivos que tocaban el coraz\u00f3n, la jornada fue un recuerdo imborrable. Las redes sociales fueron testigos del furor, con miles de fotos compartidas que mostraban no solo la moda, sino tambi\u00e9n la camarader\u00eda y el esp\u00edritu de comunidad que caracteriza al evento.<\/p>\n<h4>Conclusi\u00f3n Visual<\/h4>\n<p>El Kings Trust Gala 2026 no solo fue una plataforma para exhibir lo \u00faltimo en moda; fue una celebraci\u00f3n de la creatividad, la diversidad y la conciencia. Esta gala establece, sin duda, un nuevo est\u00e1ndar en la alta costura y nos invita a reflexionar sobre el poder transformador de la moda en el mundo actual. A medida que la industria avanza hacia un futuro m\u00e1s ecol\u00f3gico y socialmente consciente, el legado de eventos como este continuar\u00e1 inspirando una generaci\u00f3n de dise\u00f1adores, consumidores y amantes de la moda. <\/p>\n<p>As\u00ed, la pregunta queda en el aire: \u00bfcu\u00e1l ser\u00e1 la pr\u00f3xima gran tendencia que veremos en la pr\u00f3xima edici\u00f3n?<\/p>\n<p><em> &#8221; Fuentes www.vogue.com &#8221; <\/em><\/p>\n","protected":false},"excerpt":{"rendered":"<p>El Esplendor del Gala: Un Viaje por la Moda del Kings Trust La alfombra roja del Kings Trust Gala 2026 se convirti\u00f3 en un escenario deslumbrante, donde la moda brill\u00f3 con toda su intensidad. Este evento, que re\u00fane a las personalidades m\u00e1s influyentes del mundo del entretenimiento, la moda y la filantrop\u00eda, dej\u00f3 una huella [&hellip;]<\/p>\n","protected":false},"author":14,"featured_media":1146738,"comment_status":"open","ping_status":"closed","sticky":false,"template":"","format":"standard","meta":{"om_disable_all_campaigns":false,"jnews-multi-image_gallery":[],"jnews_single_post":[],"jnews_primary_category":[],"jnews_social_meta":[],"footnotes":""},"categories":[144872],"tags":[99641,198691,70213,166,25759,277719,76796,252321,79019,160034,203622],"class_list":["post-1146737","post","type-post","status-publish","format-standard","has-post-thumbnail","hentry","category-fashion","tag-charity","tag-elegance","tag-event","tag-fashion","tag-gala","tag-glamorous-night","tag-glamour","tag-regal","tag-royalty","tag-upscale","tag-vogue-parties"],"_links":{"self":[{"href":"https:\/\/dimensionturistica.com\/es\/wp-json\/wp\/v2\/posts\/1146737","targetHints":{"allow":["GET"]}}],"collection":[{"href":"https:\/\/dimensionturistica.com\/es\/wp-json\/wp\/v2\/posts"}],"about":[{"href":"https:\/\/dimensionturistica.com\/es\/wp-json\/wp\/v2\/types\/post"}],"author":[{"embeddable":true,"href":"https:\/\/dimensionturistica.com\/es\/wp-json\/wp\/v2\/users\/14"}],"replies":[{"embeddable":true,"href":"https:\/\/dimensionturistica.com\/es\/wp-json\/wp\/v2\/comments?post=1146737"}],"version-history":[{"count":1,"href":"https:\/\/dimensionturistica.com\/es\/wp-json\/wp\/v2\/posts\/1146737\/revisions"}],"predecessor-version":[{"id":1146739,"href":"https:\/\/dimensionturistica.com\/es\/wp-json\/wp\/v2\/posts\/1146737\/revisions\/1146739"}],"wp:featuredmedia":[{"embeddable":true,"href":"https:\/\/dimensionturistica.com\/es\/wp-json\/wp\/v2\/media\/1146738"}],"wp:attachment":[{"href":"https:\/\/dimensionturistica.com\/es\/wp-json\/wp\/v2\/media?parent=1146737"}],"wp:term":[{"taxonomy":"category","embeddable":true,"href":"https:\/\/dimensionturistica.com\/es\/wp-json\/wp\/v2\/categories?post=1146737"},{"taxonomy":"post_tag","embeddable":true,"href":"https:\/\/dimensionturistica.com\/es\/wp-json\/wp\/v2\/tags?post=1146737"}],"curies":[{"name":"wp","href":"https:\/\/api.w.org\/{rel}","templated":true}]}}