{"id":1146701,"date":"2026-04-30T15:51:09","date_gmt":"2026-04-30T15:51:09","guid":{"rendered":"https:\/\/dimensionturistica.com\/es\/?p=1146701"},"modified":"2026-04-30T15:51:09","modified_gmt":"2026-04-30T15:51:09","slug":"el-ruido-ya-es-la-segunda-causa-de-enfermedad-ambiental-tras-la-contaminacion-del-aire-el-silencio-es-un-derecho","status":"publish","type":"post","link":"https:\/\/dimensionturistica.com\/es\/el-ruido-ya-es-la-segunda-causa-de-enfermedad-ambiental-tras-la-contaminacion-del-aire-el-silencio-es-un-derecho\/","title":{"rendered":"El ruido ya es la segunda causa de enfermedad ambiental, tras la contaminaci\u00f3n del aire: El silencio es un derecho"},"content":{"rendered":"\n<p>Propuesta de pol\u00edtica p\u00fablica sustentada por la Dra. Jimena de Gortari Ludlow plantea medidas concretas de monitoreo, regulaci\u00f3n y planeaci\u00f3n urbana para reducir la exposici\u00f3n cotidiana al ruido en las ciudades mexicanas.<\/p>\n\n\n\n<p>El ruido ambiental se ha convertido en una crisis de salud p\u00fablica global que avanza sin la misma visibilidad que otras formas de contaminaci\u00f3n. De acuerdo con la Organizaci\u00f3n Mundial de la Salud (OMS), la exposici\u00f3n prolongada al ruido no solo deteriora la audici\u00f3n, sino que provoca estr\u00e9s, trastornos del sue\u00f1o y enfermedades cardiovasculares. Hoy, este fen\u00f3meno es reconocido como la segunda causa de enfermedad de origen ambiental, solo por debajo de la contaminaci\u00f3n del aire.<\/p>\n\n\n\n<p>Cada a\u00f1o, el \u00faltimo mi\u00e9rcoles de abril, el mundo conmemora el D\u00eda Internacional de la Concienciaci\u00f3n del Ruido; bajo este contexto, la Universidad Iberoamericana retoma un an\u00e1lisis presentado en 2024 a trav\u00e9s de su plataforma IBERO Propone, que da forma a una propuesta de pol\u00edtica p\u00fablica para enfrentar la contaminaci\u00f3n ac\u00fastica en M\u00e9xico, desarrollada por la Dra. Jimena de Gortari Ludlow, Coordinadora de la Licenciatura en Arquitectura.<\/p>\n\n\n\n<figure class=\"wp-block-gallery has-nested-images columns-default is-cropped wp-block-gallery-1 is-layout-flex wp-block-gallery-is-layout-flex\">\n<figure class=\"wp-block-image size-large\"><img decoding=\"async\" width=\"500\" height=\"500\" data-id=\"1146704\" src=\"https:\/\/dimensionturistica.com\/es\/wp-content\/uploads\/2026\/04\/9IBERO.jpg\" alt=\"\" class=\"wp-image-1146704\" srcset=\"https:\/\/dimensionturistica.com\/es\/wp-content\/uploads\/2026\/04\/9IBERO.jpg 500w, https:\/\/dimensionturistica.com\/es\/wp-content\/uploads\/2026\/04\/9IBERO-300x300.jpg 300w, https:\/\/dimensionturistica.com\/es\/wp-content\/uploads\/2026\/04\/9IBERO-150x150.jpg 150w, https:\/\/dimensionturistica.com\/es\/wp-content\/uploads\/2026\/04\/9IBERO-75x75.jpg 75w, https:\/\/dimensionturistica.com\/es\/wp-content\/uploads\/2026\/04\/9IBERO-350x350.jpg 350w\" sizes=\"(max-width: 500px) 100vw, 500px\" \/><\/figure>\n<\/figure>\n\n\n\n<p>Aunque el ruido ha acompa\u00f1ado a las ciudades desde su crecimiento industrial, su impacto en la salud ha sido hist\u00f3ricamente subestimado. Durante d\u00e9cadas se le consider\u00f3 solo una molestia; sin embargo, investigaciones recientes han demostrado que se trata de un contaminante con efectos acumulativos y graves.<\/p>\n\n\n\n<p>Hoy se sabe que el ruido altera las condiciones normales del entorno cuando rebasa ciertos niveles \u2014por ejemplo, m\u00e1s de 65 decibeles durante el d\u00eda\u2014 y que su exposici\u00f3n constante puede detonar enfermedades f\u00edsicas y mentales. Adem\u00e1s, organismos internacionales advierten que el ruido genera respuestas fisiol\u00f3gicas de estr\u00e9s que elevan la presi\u00f3n arterial y aumentan el riesgo de padecimientos cardiovasculares. En M\u00e9xico, instituciones de salud han se\u00f1alado que la exposici\u00f3n prolongada al ruido puede provocar desde p\u00e9rdida auditiva hasta alteraciones psicol\u00f3gicas como irritabilidad, ansiedad o bajo rendimiento cognitivo.<\/p>\n\n\n\n<p>La propuesta impulsada desde IBERO Propone se construye a partir de este cuerpo de evidencia cient\u00edfica y del an\u00e1lisis del entorno urbano contempor\u00e1neo. El documento plantea que el ruido debe ser entendido no s\u00f3lo como un problema ambiental, sino como un factor determinante en la salud integral de las personas.<\/p>\n\n\n\n<p>El trabajo de la Dra. de Gortari Ludlow recoge investigaciones que demuestran que los efectos del ruido son acumulativos, irreversibles en algunos casos, y est\u00e1n directamente vinculados con la calidad de vida en las ciudades. A partir de este diagn\u00f3stico, la propuesta plantea la necesidad de pol\u00edticas p\u00fablicas que reconozcan la contaminaci\u00f3n ac\u00fastica como un eje prioritario.<\/p>\n\n\n\n<figure class=\"wp-block-gallery has-nested-images columns-default is-cropped wp-block-gallery-2 is-layout-flex wp-block-gallery-is-layout-flex\">\n<figure class=\"wp-block-image size-large\"><img decoding=\"async\" width=\"500\" height=\"333\" data-id=\"1146705\" src=\"https:\/\/dimensionturistica.com\/es\/wp-content\/uploads\/2026\/04\/3IBERO-1.jpg\" alt=\"\" class=\"wp-image-1146705\" srcset=\"https:\/\/dimensionturistica.com\/es\/wp-content\/uploads\/2026\/04\/3IBERO-1.jpg 500w, https:\/\/dimensionturistica.com\/es\/wp-content\/uploads\/2026\/04\/3IBERO-1-300x200.jpg 300w\" sizes=\"(max-width: 500px) 100vw, 500px\" \/><\/figure>\n<\/figure>\n\n\n\n<p>\u00bfQu\u00e9 se\u00f1ala la propuesta? Entre sus principales planteamientos destacan:<\/p>\n\n\n\n<p>Reconocer el ruido como problema de salud p\u00fablica, no solo como molestia urbana.<\/p>\n\n\n\n<p>Actualizar y fortalecer la normatividad existente, con l\u00edmites claros y mecanismos de vigilancia efectivos.<\/p>\n\n\n\n<p>Incorporar criterios ac\u00fasticos en la planeaci\u00f3n urbana, desde el dise\u00f1o de infraestructura hasta el ordenamiento territorial.<\/p>\n\n\n\n<p>Impulsar sistemas de monitoreo del ruido que permitan generar datos para la toma de decisiones.<\/p>\n\n\n\n<p>Promover campa\u00f1as de concientizaci\u00f3n ciudadana, que fomenten h\u00e1bitos responsables en el uso del sonido en espacios p\u00fablicos y privados.<\/p>\n\n\n\n<p>Estas acciones buscan transitar de una pol\u00edtica reactiva a una preventiva, capaz de reducir la exposici\u00f3n al ruido antes de que sus efectos se traduzcan en enfermedad.<\/p>\n\n\n\n<p>La urgencia de atender este problema tambi\u00e9n se refleja en iniciativas internacionales como el D\u00eda Internacional de Concienciaci\u00f3n sobre el Ruido, fecha que busca sensibilizar a gobiernos y ciudadan\u00eda sobre los riesgos del ruido y la importancia de generar entornos sonoros saludables.<\/p>\n\n\n\n<p>Organismos internacionales advierten que millones de personas viven expuestas a niveles de ruido perjudiciales, lo que ha derivado incluso en miles de muertes prematuras anuales en distintas regiones del mundo. A diferencia de otras formas de contaminaci\u00f3n, el ruido no deja huellas visibles. Sin embargo, sus efectos son profundos y persistentes. La propuesta de la IBERO pone sobre la mesa una idea clave: el silencio tambi\u00e9n es un derecho y una condici<\/p>\n","protected":false},"excerpt":{"rendered":"<p>Propuesta de pol\u00edtica p\u00fablica sustentada por la Dra. Jimena de Gortari Ludlow plantea medidas concretas de monitoreo, regulaci\u00f3n y planeaci\u00f3n urbana para reducir la exposici\u00f3n cotidiana al ruido en las ciudades mexicanas. El ruido ambiental se ha convertido en una crisis de salud p\u00fablica global que avanza sin la misma visibilidad que otras formas de [&hellip;]<\/p>\n","protected":false},"author":1,"featured_media":1146706,"comment_status":"open","ping_status":"closed","sticky":false,"template":"","format":"standard","meta":{"om_disable_all_campaigns":false,"jnews-multi-image_gallery":[],"jnews_single_post":[],"jnews_primary_category":[],"jnews_social_meta":[],"footnotes":""},"categories":[144872],"tags":[],"class_list":["post-1146701","post","type-post","status-publish","format-standard","has-post-thumbnail","hentry","category-fashion"],"_links":{"self":[{"href":"https:\/\/dimensionturistica.com\/es\/wp-json\/wp\/v2\/posts\/1146701","targetHints":{"allow":["GET"]}}],"collection":[{"href":"https:\/\/dimensionturistica.com\/es\/wp-json\/wp\/v2\/posts"}],"about":[{"href":"https:\/\/dimensionturistica.com\/es\/wp-json\/wp\/v2\/types\/post"}],"author":[{"embeddable":true,"href":"https:\/\/dimensionturistica.com\/es\/wp-json\/wp\/v2\/users\/1"}],"replies":[{"embeddable":true,"href":"https:\/\/dimensionturistica.com\/es\/wp-json\/wp\/v2\/comments?post=1146701"}],"version-history":[{"count":1,"href":"https:\/\/dimensionturistica.com\/es\/wp-json\/wp\/v2\/posts\/1146701\/revisions"}],"predecessor-version":[{"id":1146707,"href":"https:\/\/dimensionturistica.com\/es\/wp-json\/wp\/v2\/posts\/1146701\/revisions\/1146707"}],"wp:featuredmedia":[{"embeddable":true,"href":"https:\/\/dimensionturistica.com\/es\/wp-json\/wp\/v2\/media\/1146706"}],"wp:attachment":[{"href":"https:\/\/dimensionturistica.com\/es\/wp-json\/wp\/v2\/media?parent=1146701"}],"wp:term":[{"taxonomy":"category","embeddable":true,"href":"https:\/\/dimensionturistica.com\/es\/wp-json\/wp\/v2\/categories?post=1146701"},{"taxonomy":"post_tag","embeddable":true,"href":"https:\/\/dimensionturistica.com\/es\/wp-json\/wp\/v2\/tags?post=1146701"}],"curies":[{"name":"wp","href":"https:\/\/api.w.org\/{rel}","templated":true}]}}