{"id":1146661,"date":"2026-04-30T15:04:04","date_gmt":"2026-04-30T15:04:04","guid":{"rendered":"https:\/\/dimensionturistica.com\/es\/?p=1146661"},"modified":"2026-04-30T15:04:04","modified_gmt":"2026-04-30T15:04:04","slug":"mundo-charro-en-tianguis-turistico-2026-un-homenaje-a-nuestras-raices-a-traves-de-la-maxima-excelencia","status":"publish","type":"post","link":"https:\/\/dimensionturistica.com\/es\/mundo-charro-en-tianguis-turistico-2026-un-homenaje-a-nuestras-raices-a-traves-de-la-maxima-excelencia\/","title":{"rendered":"Mundo Charro en Tianguis Tur\u00edstico 2026: un homenaje a nuestras ra\u00edces a trav\u00e9s de la m\u00e1xima excelencia"},"content":{"rendered":"\n<p>En el escenario del Tianguis Tur\u00edstico 2026, la plataforma de mayor relevancia para el sector en M\u00e9xico, Mundo Charro se posiciona como el referente de la hospitalidad cultural inmersiva y la infraestructura estrat\u00e9gica del pa\u00eds.<\/p>\n\n\n\n<p>A trav\u00e9s de una visi\u00f3n de desarrollo regional, se presenta no solo como un destino, sino como un Proyecto Pa\u00eds fundamentado en la solidez de una inversi\u00f3n 100% privada de $3,500 millones de pesos.<\/p>\n\n\n\n<figure class=\"wp-block-gallery has-nested-images columns-default is-cropped wp-block-gallery-1 is-layout-flex wp-block-gallery-is-layout-flex\">\n<figure class=\"wp-block-image size-large\"><img decoding=\"async\" width=\"500\" height=\"283\" data-id=\"1146662\" src=\"https:\/\/dimensionturistica.com\/es\/wp-content\/uploads\/2026\/04\/1CHARRO.jpg\" alt=\"\" class=\"wp-image-1146662\" srcset=\"https:\/\/dimensionturistica.com\/es\/wp-content\/uploads\/2026\/04\/1CHARRO.jpg 500w, https:\/\/dimensionturistica.com\/es\/wp-content\/uploads\/2026\/04\/1CHARRO-300x170.jpg 300w\" sizes=\"(max-width: 500px) 100vw, 500px\" \/><\/figure>\n<\/figure>\n\n\n\n<p>Situado en el coraz\u00f3n del Altiplano Hidalguense, Mundo Charro representa la creaci\u00f3n de un nuevo Polo Tur\u00edstico dise\u00f1ado para elevar la competitividad nacional. Con un ecosistema de 100 hect\u00e1reas y una huella f\u00edsica de construcci\u00f3n que ya alcanza las 34 hect\u00e1reas consolidadas, el proyecto demuestra una soberan\u00eda financiera que le permite priorizar la visi\u00f3n a largo plazo.<\/p>\n\n\n\n<p>La presencia de Mundo Charro en esta edici\u00f3n destaca por su compromiso con la m\u00e1xima excelencia: \u201cMundo Charro es la materializaci\u00f3n de una infraestructura que dignifica nuestra identidad como mexicanos. Estamos consolidando las alianzas que dar\u00e1n escala a este activo estrat\u00e9gico de la regi\u00f3n y de M\u00e9xico, el cual se rige por la perfecci\u00f3n en la ejecuci\u00f3n\u201d, se\u00f1al\u00f3 Armando Ru\u00edz Villalobos, CEO de Mundo Charro.<\/p>\n\n\n\n<figure class=\"wp-block-gallery has-nested-images columns-default is-cropped wp-block-gallery-2 is-layout-flex wp-block-gallery-is-layout-flex\">\n<figure class=\"wp-block-image size-large\"><img decoding=\"async\" width=\"600\" height=\"339\" data-id=\"1146663\" src=\"https:\/\/dimensionturistica.com\/es\/wp-content\/uploads\/2026\/04\/3CHARRO.jpg\" alt=\"\" class=\"wp-image-1146663\" srcset=\"https:\/\/dimensionturistica.com\/es\/wp-content\/uploads\/2026\/04\/3CHARRO.jpg 600w, https:\/\/dimensionturistica.com\/es\/wp-content\/uploads\/2026\/04\/3CHARRO-300x170.jpg 300w\" sizes=\"(max-width: 600px) 100vw, 600px\" \/><\/figure>\n<\/figure>\n\n\n\n<p>Mundo Charro cuenta con tres unidades de negocio estrat\u00e9gicas, enfocadas en resolver las demandas de infraestructura premium en la regi\u00f3n centro del pa\u00eds:<\/p>\n\n\n\n<p>\u25cf Soluciones Corporativas (MICE): Una infraestructura de gran formato con 14 salones modulables y una explanada para eventos de 15,000 personas, bajo el esquema exclusivo de &#8220;Vida en Hacienda&#8221;.<\/p>\n\n\n\n<p>\u25cf Santuario Cultural Inmersivo (Celebraciones): Un ecosistema dise\u00f1ado para el mercado de celebraciones destino con 170 llaves de alta gama y escenarios monumentales.<\/p>\n\n\n\n<figure class=\"wp-block-gallery has-nested-images columns-default is-cropped wp-block-gallery-3 is-layout-flex wp-block-gallery-is-layout-flex\">\n<figure class=\"wp-block-image size-large\"><img decoding=\"async\" width=\"500\" height=\"283\" data-id=\"1146664\" src=\"https:\/\/dimensionturistica.com\/es\/wp-content\/uploads\/2026\/04\/2CHARRO.jpg\" alt=\"\" class=\"wp-image-1146664\" srcset=\"https:\/\/dimensionturistica.com\/es\/wp-content\/uploads\/2026\/04\/2CHARRO.jpg 500w, https:\/\/dimensionturistica.com\/es\/wp-content\/uploads\/2026\/04\/2CHARRO-300x170.jpg 300w\" sizes=\"(max-width: 500px) 100vw, 500px\" \/><\/figure>\n<\/figure>\n\n\n\n<p>\u25cf Tradici\u00f3n Viva y Entretenimiento (Club Ecuestre): El ancla de identidad que custodia el patrimonio de la Charrer\u00eda en un recinto para 1,200 espectadores, 63 caballerizas, espacios exclusivos, seguridad, protocolos de atenci\u00f3n veterinaria y recientemente el respaldo del Reconocimiento Paddock 2026.<\/p>\n\n\n\n<p>M\u00e1s all\u00e1 de la infraestructura, Mundo Charro se consolida como un motor de desarrollo humano y econ\u00f3mico. Con la generaci\u00f3n de 1,200 empleos directos, el proyecto impulsa activamente el fortalecimiento del ecosistema de empresas locales como proveedores preferentes, asegurando que la cadena de valor de este Polo Tur\u00edstico sea un reflejo de la calidad y el talento del Altiplano Hidalguense.<\/p>\n\n\n\n<figure class=\"wp-block-gallery has-nested-images columns-default is-cropped wp-block-gallery-4 is-layout-flex wp-block-gallery-is-layout-flex\">\n<figure class=\"wp-block-image size-large\"><img decoding=\"async\" width=\"500\" height=\"283\" data-id=\"1146667\" src=\"https:\/\/dimensionturistica.com\/es\/wp-content\/uploads\/2026\/04\/8CHARRO.jpg\" alt=\"\" class=\"wp-image-1146667\" srcset=\"https:\/\/dimensionturistica.com\/es\/wp-content\/uploads\/2026\/04\/8CHARRO.jpg 500w, https:\/\/dimensionturistica.com\/es\/wp-content\/uploads\/2026\/04\/8CHARRO-300x170.jpg 300w\" sizes=\"(max-width: 500px) 100vw, 500px\" \/><\/figure>\n<\/figure>\n\n\n\n<p>Ubicado estrat\u00e9gicamente a 45 minutos de la Ciudad de M\u00e9xico y con conectividad directa al AIFA, Mundo Charro reafirma su posici\u00f3n como el legado de hospitalidad m\u00e1s ambicioso de la d\u00e9cada, proyectando un M\u00e9xico de vanguardia, sofisticaci\u00f3n y soberan\u00eda cultural.<\/p>\n\n\n\n<figure class=\"wp-block-gallery has-nested-images columns-default is-cropped wp-block-gallery-5 is-layout-flex wp-block-gallery-is-layout-flex\">\n<figure class=\"wp-block-image size-large\"><img decoding=\"async\" width=\"500\" height=\"283\" data-id=\"1146668\" src=\"https:\/\/dimensionturistica.com\/es\/wp-content\/uploads\/2026\/04\/7CHARRO.jpg\" alt=\"\" class=\"wp-image-1146668\" srcset=\"https:\/\/dimensionturistica.com\/es\/wp-content\/uploads\/2026\/04\/7CHARRO.jpg 500w, https:\/\/dimensionturistica.com\/es\/wp-content\/uploads\/2026\/04\/7CHARRO-300x170.jpg 300w\" sizes=\"(max-width: 500px) 100vw, 500px\" \/><\/figure>\n<\/figure>\n\n\n\n<p>De esta forma, Mundo Charro hace suya la misi\u00f3n de conservar la cultura de la charrer\u00eda \u2014 reconocida tambi\u00e9n por la UNESCO como Patrimonio Cultural Inmaterial de la Humanidad desde 2016\u2014 para las pr\u00f3ximas generaciones. Al encabezar el nacimiento de un nuevo polo de turismo en el centro del pa\u00eds, el destino dignifica nuestras costumbres y demuestra que el concepto &#8220;Hecho de M\u00e9xico&#8221; es una experiencia inmersiva que, a partir de hoy, se vive, se respira y se siente con los cinco sentidos.<\/p>\n","protected":false},"excerpt":{"rendered":"<p>En el escenario del Tianguis Tur\u00edstico 2026, la plataforma de mayor relevancia para el sector en M\u00e9xico, Mundo Charro se posiciona como el referente de la hospitalidad cultural inmersiva y la infraestructura estrat\u00e9gica del pa\u00eds. A trav\u00e9s de una visi\u00f3n de desarrollo regional, se presenta no solo como un destino, sino como un Proyecto Pa\u00eds [&hellip;]<\/p>\n","protected":false},"author":1,"featured_media":1146669,"comment_status":"open","ping_status":"closed","sticky":false,"template":"","format":"standard","meta":{"om_disable_all_campaigns":false,"jnews-multi-image_gallery":[],"jnews_single_post":{"format":"standard"},"jnews_primary_category":[],"jnews_social_meta":[],"footnotes":""},"categories":[39],"tags":[],"class_list":["post-1146661","post","type-post","status-publish","format-standard","has-post-thumbnail","hentry","category-viajes"],"_links":{"self":[{"href":"https:\/\/dimensionturistica.com\/es\/wp-json\/wp\/v2\/posts\/1146661","targetHints":{"allow":["GET"]}}],"collection":[{"href":"https:\/\/dimensionturistica.com\/es\/wp-json\/wp\/v2\/posts"}],"about":[{"href":"https:\/\/dimensionturistica.com\/es\/wp-json\/wp\/v2\/types\/post"}],"author":[{"embeddable":true,"href":"https:\/\/dimensionturistica.com\/es\/wp-json\/wp\/v2\/users\/1"}],"replies":[{"embeddable":true,"href":"https:\/\/dimensionturistica.com\/es\/wp-json\/wp\/v2\/comments?post=1146661"}],"version-history":[{"count":1,"href":"https:\/\/dimensionturistica.com\/es\/wp-json\/wp\/v2\/posts\/1146661\/revisions"}],"predecessor-version":[{"id":1146670,"href":"https:\/\/dimensionturistica.com\/es\/wp-json\/wp\/v2\/posts\/1146661\/revisions\/1146670"}],"wp:featuredmedia":[{"embeddable":true,"href":"https:\/\/dimensionturistica.com\/es\/wp-json\/wp\/v2\/media\/1146669"}],"wp:attachment":[{"href":"https:\/\/dimensionturistica.com\/es\/wp-json\/wp\/v2\/media?parent=1146661"}],"wp:term":[{"taxonomy":"category","embeddable":true,"href":"https:\/\/dimensionturistica.com\/es\/wp-json\/wp\/v2\/categories?post=1146661"},{"taxonomy":"post_tag","embeddable":true,"href":"https:\/\/dimensionturistica.com\/es\/wp-json\/wp\/v2\/tags?post=1146661"}],"curies":[{"name":"wp","href":"https:\/\/api.w.org\/{rel}","templated":true}]}}