{"id":1146649,"date":"2026-04-30T14:51:28","date_gmt":"2026-04-30T14:51:28","guid":{"rendered":"https:\/\/dimensionturistica.com\/es\/?p=1146649"},"modified":"2026-04-30T14:51:28","modified_gmt":"2026-04-30T14:51:28","slug":"mendoza-acogera-el-51-encuentro-nacional-de-profesionales-del-turismo-de-faevyt","status":"publish","type":"post","link":"https:\/\/dimensionturistica.com\/es\/mendoza-acogera-el-51-encuentro-nacional-de-profesionales-del-turismo-de-faevyt\/","title":{"rendered":"Mendoza Acoger\u00e1 el 51\u00b0 Encuentro Nacional de Profesionales del Turismo de FAEVYT"},"content":{"rendered":"<h3>Mendoza se Prepara para Recibir el 51\u00ba Congreso Argentino de Agentes de Viaje<\/h3>\n<p>Mendoza, famosa por sus imponentes paisajes y su rica cultura del vino, se convertir\u00e1 en el epicentro del turismo argentino al albergar el 51\u00ba Congreso Argentino de Agentes de Viajes. Este evento, organizado por la Federaci\u00f3n Argentina de Asociaciones de Empresas de Viajes y Turismo (FAEVYT), reunir\u00e1 a profesionales del sector de toda la naci\u00f3n.<\/p>\n<p>Con un enfoque renovador y din\u00e1mico, el congreso ofrecer\u00e1 una plataforma invaluable para el intercambio de ideas, networking y la formaci\u00f3n profesional continuada. Los asistentes tendr\u00e1n la oportunidad de asistir a conferencias, paneles de discusi\u00f3n y talleres que explorar\u00e1n las \u00faltimas tendencias en el sector tur\u00edstico, as\u00ed como los desaf\u00edos que enfrenta la industria en la actualidad.<\/p>\n<p>La elecci\u00f3n de Mendoza como sede no es accidental. Esta provincia, conocida mundialmente por sus bodegas y vi\u00f1edos, tambi\u00e9n es un destino privilegiado para los amantes de la naturaleza y la aventura. Adem\u00e1s de brindar un entorno espectacular para el congreso, Mendoza promete ser una experiencia inolvidable para todos los participantes, quienes podr\u00e1n disfrutar de su gastronom\u00eda excepcional y sus paisajes deslumbrantes.<\/p>\n<p>El congreso no solo fomentar\u00e1 la creaci\u00f3n de v\u00ednculos profesionales, sino que tambi\u00e9n servir\u00e1 como una vitrina para mostrar las maravillas de Mendoza. Desde la Cordillera de los Andes hasta los importantes vi\u00f1edos de la regi\u00f3n, la belleza natural ser\u00e1 el tel\u00f3n de fondo ideal para las conversaciones sobre el futuro del turismo en Argentina.<\/p>\n<p>Adem\u00e1s de las actividades programadas, los asistentes podr\u00e1n involucrarse en diversas actividades recreativas. La oportunidad de participar en tours enotur\u00edsticos, degustaciones de vino y exploraciones por los paisajes monta\u00f1osos enriquecer\u00e1 la experiencia, permitiendo a los agentes de viaje regresar a sus respectivos destinos con una visi\u00f3n renovada y un inmenso repertorio de propuestas para ofrecer a sus clientes.<\/p>\n<p>Este evento promete ser un catalizador para impulsar el turismo local y nacional. Con la reactivaci\u00f3n del sector tras desaf\u00edos recientes, la importancia de compartir conocimientos y establecer colaboraciones nunca ha sido tan cr\u00edtica. Los agentes de viaje, armados con nuevas estrategias y contactos, estar\u00e1n mejor preparados para enfrentar el futuro y atender a un p\u00fablico cada vez m\u00e1s exigente.<\/p>\n<p>En conclusi\u00f3n, el 51\u00ba Congreso Argentino de Agentes de Viajes en Mendoza es m\u00e1s que un punto de encuentro; es una celebraci\u00f3n del turismo y la cultura argentina. Ser\u00e1n d\u00edas llenos de aprendizaje, conexiones valiosas y descubrimientos inolvidables en una de las provincias m\u00e1s hermosas del pa\u00eds. \u00a1Mendoza se prepara para dar la bienvenida a un evento que, sin duda, marcar\u00e1 un antes y un despu\u00e9s en la historia del turismo argentino!<\/p>\n<p><em> &#8221; Sources www.corrienteshoy.com &#8221; <\/em><\/p>\n","protected":false},"excerpt":{"rendered":"<p>Mendoza se Prepara para Recibir el 51\u00ba Congreso Argentino de Agentes de Viaje Mendoza, famosa por sus imponentes paisajes y su rica cultura del vino, se convertir\u00e1 en el epicentro del turismo argentino al albergar el 51\u00ba Congreso Argentino de Agentes de Viajes. Este evento, organizado por la Federaci\u00f3n Argentina de Asociaciones de Empresas de [&hellip;]<\/p>\n","protected":false},"author":4,"featured_media":1146650,"comment_status":"open","ping_status":"closed","sticky":false,"template":"","format":"standard","meta":{"om_disable_all_campaigns":false,"jnews-multi-image_gallery":[],"jnews_single_post":[],"jnews_primary_category":[],"jnews_social_meta":[],"footnotes":""},"categories":[40],"tags":[277711,1895,768,2073,724,3474,780,544],"class_list":["post-1146649","post","type-post","status-publish","format-standard","has-post-thumbnail","hentry","category-industria","tag-51-congreso-argentino","tag-agentes-de-viajes","tag-argentina","tag-congresos","tag-eventos","tag-faevyt","tag-mendoza","tag-turismo"],"_links":{"self":[{"href":"https:\/\/dimensionturistica.com\/es\/wp-json\/wp\/v2\/posts\/1146649","targetHints":{"allow":["GET"]}}],"collection":[{"href":"https:\/\/dimensionturistica.com\/es\/wp-json\/wp\/v2\/posts"}],"about":[{"href":"https:\/\/dimensionturistica.com\/es\/wp-json\/wp\/v2\/types\/post"}],"author":[{"embeddable":true,"href":"https:\/\/dimensionturistica.com\/es\/wp-json\/wp\/v2\/users\/4"}],"replies":[{"embeddable":true,"href":"https:\/\/dimensionturistica.com\/es\/wp-json\/wp\/v2\/comments?post=1146649"}],"version-history":[{"count":1,"href":"https:\/\/dimensionturistica.com\/es\/wp-json\/wp\/v2\/posts\/1146649\/revisions"}],"predecessor-version":[{"id":1146651,"href":"https:\/\/dimensionturistica.com\/es\/wp-json\/wp\/v2\/posts\/1146649\/revisions\/1146651"}],"wp:featuredmedia":[{"embeddable":true,"href":"https:\/\/dimensionturistica.com\/es\/wp-json\/wp\/v2\/media\/1146650"}],"wp:attachment":[{"href":"https:\/\/dimensionturistica.com\/es\/wp-json\/wp\/v2\/media?parent=1146649"}],"wp:term":[{"taxonomy":"category","embeddable":true,"href":"https:\/\/dimensionturistica.com\/es\/wp-json\/wp\/v2\/categories?post=1146649"},{"taxonomy":"post_tag","embeddable":true,"href":"https:\/\/dimensionturistica.com\/es\/wp-json\/wp\/v2\/tags?post=1146649"}],"curies":[{"name":"wp","href":"https:\/\/api.w.org\/{rel}","templated":true}]}}