{"id":1146612,"date":"2026-04-30T14:10:17","date_gmt":"2026-04-30T14:10:17","guid":{"rendered":"https:\/\/dimensionturistica.com\/es\/?p=1146612"},"modified":"2026-04-30T14:10:17","modified_gmt":"2026-04-30T14:10:17","slug":"la-feminizacion-de-los-cuidados-no-solo-agota-a-las-madres-sino-que-deja-a-las-infancias-en-situaciones-de-riesgo-ante-la-ausencia-de-infraestructura-publica-segura","status":"publish","type":"post","link":"https:\/\/dimensionturistica.com\/es\/la-feminizacion-de-los-cuidados-no-solo-agota-a-las-madres-sino-que-deja-a-las-infancias-en-situaciones-de-riesgo-ante-la-ausencia-de-infraestructura-publica-segura\/","title":{"rendered":"La &#8220;feminizaci\u00f3n de los cuidados&#8221; no solo agota a las madres, sino que deja a las infancias en situaciones de riesgo ante la ausencia de infraestructura p\u00fablica segura."},"content":{"rendered":"\n<p>En el marco del D\u00eda de las Ni\u00f1as y los Ni\u00f1os, la Red de Mujeres por la Salud (REMUSA) hace un llamado urgente a las autoridades y a la sociedad civil para reconocer que la celebraci\u00f3n de la ni\u00f1ez es incompleta mientras no se garantice un entorno de cuidado digno y profesional. En M\u00e9xico, la profunda crisis de cuidados ha dejado de ser un tema dom\u00e9stico para convertirse en una emergencia de salud p\u00fablica que vulnera directamente los derechos de las infancias.<\/p>\n\n\n\n<p>De acuerdo con el Centro de Estudios Espinosa Yglesias (CEEY), la falta de un sistema de cuidados limita el desarrollo de ni\u00f1as y ni\u00f1os y reduce la igualdad de oportunidades desde la infancia, afectando su movilidad social a lo largo de la vida. Las ni\u00f1as y ni\u00f1os que crecen con cuidados adecuados (tiempo, estimulaci\u00f3n, seguridad) tienen mejores trayectorias educativas y laborales. Cuando el cuidado es precario o insuficiente, la desventaja empieza desde los primeros a\u00f1os y se arrastra toda la vida. El sistema de cuidados no es solo bienestar, es igualdad de oportunidades desde la cuna.<\/p>\n\n\n\n<figure class=\"wp-block-gallery has-nested-images columns-default is-cropped wp-block-gallery-1 is-layout-flex wp-block-gallery-is-layout-flex\">\n<figure class=\"wp-block-image size-large\"><img decoding=\"async\" width=\"500\" height=\"261\" data-id=\"1146616\" src=\"https:\/\/dimensionturistica.com\/es\/wp-content\/uploads\/2026\/04\/1ninos.jpg\" alt=\"\" class=\"wp-image-1146616\" srcset=\"https:\/\/dimensionturistica.com\/es\/wp-content\/uploads\/2026\/04\/1ninos.jpg 500w, https:\/\/dimensionturistica.com\/es\/wp-content\/uploads\/2026\/04\/1ninos-300x157.jpg 300w\" sizes=\"(max-width: 500px) 100vw, 500px\" \/><\/figure>\n<\/figure>\n\n\n\n<p>Adem\u00e1s, REMUSA record\u00f3 que actualmente, el trabajo de cuidados recae de manera desproporcionada en los hogares y, dentro de ellos, en las mujeres. De acuerdo con el Instituto Nacional de Estad\u00edstica y Geograf\u00eda, m\u00e1s del 70% del trabajo de cuidados no remunerado es realizado por mujeres, lo que limita su participaci\u00f3n en el mercado laboral y reduce sus oportunidades de ingreso y desarrollo.<\/p>\n\n\n\n<p>Asimismo, la falta de un sistema de cuidados impacta de manera directa en la vida de las mujeres, quienes enfrentan una sobrecarga de trabajo no remunerado que limita su autonom\u00eda econ\u00f3mica y su bienestar. Muchas se ven obligadas a abandonar el mercado laboral, aceptar empleos precarios o reducir sus oportunidades educativas para asumir responsabilidades de cuidado.<\/p>\n\n\n\n<p>Infancias en el olvido ante una crisis de cuidados.<\/p>\n\n\n\n<p>Hist\u00f3ricamente, el Estado mexicano asume que el cuidado de las ni\u00f1as y los ni\u00f1os es una responsabilidad exclusiva y &#8220;natural&#8221; de las mujeres en el \u00e1mbito privado. Esta omisi\u00f3n institucional ha provocado que, ante la inserci\u00f3n laboral de las madres sin redes de apoyo, miles de ni\u00f1as y ni\u00f1os queden en situaciones de cuidado precario o solitario.<\/p>\n\n\n\n<p>&#8220;No podemos hablar de bienestar infantil cuando el sistema de salud y de seguridad social ignora que el cuidado es un derecho humano&#8221;, se\u00f1ala Liliana Hern\u00e1ndez desde REMUSA. &#8220;La carencia de estancias infantiles suficientes, escuelas de tiempo completo y servicios de salud con perspectiva de g\u00e9nero obliga a las familias a improvisar crianzas que, en muchos casos, ocurren en condiciones de riesgo, aislamiento o bajo el cuidado de otros menores de edad&#8221;.<\/p>\n\n\n\n<figure class=\"wp-block-gallery has-nested-images columns-default is-cropped wp-block-gallery-2 is-layout-flex wp-block-gallery-is-layout-flex\">\n<figure class=\"wp-block-image size-large\"><img decoding=\"async\" width=\"500\" height=\"281\" data-id=\"1146617\" src=\"https:\/\/dimensionturistica.com\/es\/wp-content\/uploads\/2026\/04\/3ninos.jpg\" alt=\"\" class=\"wp-image-1146617\" srcset=\"https:\/\/dimensionturistica.com\/es\/wp-content\/uploads\/2026\/04\/3ninos.jpg 500w, https:\/\/dimensionturistica.com\/es\/wp-content\/uploads\/2026\/04\/3ninos-300x169.jpg 300w\" sizes=\"(max-width: 500px) 100vw, 500px\" \/><\/figure>\n<\/figure>\n\n\n\n<p>El impacto invisible: Salud mental y desarrollo<\/p>\n\n\n\n<p>La crisis de cuidados se traduce en indicadores alarmantes para la ni\u00f1ez mexicana:<\/p>\n\n\n\n<p>Estr\u00e9s t\u00f3xico: Ni\u00f1as y ni\u00f1os expuestos a la ansiedad de cuidadores sobrecargados y sin apoyo estatal.<\/p>\n\n\n\n<p>Accidentes en el hogar: El aumento de lesiones dom\u00e9sticas vinculadas a la falta de supervisi\u00f3n adecuada mientras las cuidadoras cumplen jornadas laborales extensas.<\/p>\n\n\n\n<p>Brechas de salud: El retraso en esquemas de vacunaci\u00f3n y revisiones de desarrollo debido a que los horarios de las unidades de salud son incompatibles con las jornadas de trabajo de las familias trabajadoras.<\/p>\n\n\n\n<p>Hacia un Sistema Nacional de Cuidados: Una deuda con la ni\u00f1ez<\/p>\n\n\n\n<p>REMUSA sostiene que la vulnerabilidad de las infancias es el s\u00edntoma de un sistema que penaliza la reproducci\u00f3n y el cuidado. La crisis de cuidados en M\u00e9xico no se resolver\u00e1 con transferencias monetarias individuales, sino con la creaci\u00f3n de una infraestructura p\u00fablica s\u00f3lida que colectivice la responsabilidad de criar.<\/p>\n\n\n\n<p>Exigimos al Estado Mexicano:<\/p>\n\n\n\n<p>Reactivaci\u00f3n y ampliaci\u00f3n de estancias infantiles seguras y gratuitas con personal capacitado.<\/p>\n\n\n\n<p>Pol\u00edticas de conciliaci\u00f3n laboral obligatorias para el sector p\u00fablico y privado, que incluyan licencias de paternidad extendidas para equilibrar la carga de cuidado.<\/p>\n\n\n\n<p>Enfoque de salud integral que considere las necesidades espec\u00edficas de las ni\u00f1as y ni\u00f1os que viven en contextos de vulnerabilidad socioecon\u00f3mica.<\/p>\n\n\n\n<p>Este 30 de abril, REMUSA invita a la prensa y a los tomadores de decisi\u00f3n a mirar m\u00e1s all\u00e1 de los festejos superficiales. La mejor forma de honrar a la ni\u00f1ez es garantizando que cada ni\u00f1a y ni\u00f1o en este pa\u00eds crezca en un sistema que valore el cuidado, que proteja a quienes cuidan y que no deje la salud de las infancias al azar de la precariedad econ\u00f3mica.<\/p>\n\n\n\n<p>&#8220;Cuidar a las infancias es una responsabilidad pol\u00edtica, no solo un acto de amor.&#8221; Acerca de REMUSA: La Red de Mujeres por la Salud (REMUSA) es una plataforma de articulaci\u00f3n nacional, libre de conflicto de inter\u00e9s, integrada por mujeres que defienden el derecho a la salud, para vigilar, incidir y transformar el sistema de salud, garantizando que se ejerza bajo los principios de igualdad, autonom\u00eda, diversidad y justicia social. Conoce m\u00e1s en w<\/p>\n","protected":false},"excerpt":{"rendered":"<p>En el marco del D\u00eda de las Ni\u00f1as y los Ni\u00f1os, la Red de Mujeres por la Salud (REMUSA) hace un llamado urgente a las autoridades y a la sociedad civil para reconocer que la celebraci\u00f3n de la ni\u00f1ez es incompleta mientras no se garantice un entorno de cuidado digno y profesional. En M\u00e9xico, la [&hellip;]<\/p>\n","protected":false},"author":1,"featured_media":1146618,"comment_status":"open","ping_status":"closed","sticky":false,"template":"","format":"standard","meta":{"om_disable_all_campaigns":false,"jnews-multi-image_gallery":[],"jnews_single_post":[],"jnews_primary_category":[],"jnews_social_meta":[],"footnotes":""},"categories":[144872],"tags":[],"class_list":["post-1146612","post","type-post","status-publish","format-standard","has-post-thumbnail","hentry","category-fashion"],"_links":{"self":[{"href":"https:\/\/dimensionturistica.com\/es\/wp-json\/wp\/v2\/posts\/1146612","targetHints":{"allow":["GET"]}}],"collection":[{"href":"https:\/\/dimensionturistica.com\/es\/wp-json\/wp\/v2\/posts"}],"about":[{"href":"https:\/\/dimensionturistica.com\/es\/wp-json\/wp\/v2\/types\/post"}],"author":[{"embeddable":true,"href":"https:\/\/dimensionturistica.com\/es\/wp-json\/wp\/v2\/users\/1"}],"replies":[{"embeddable":true,"href":"https:\/\/dimensionturistica.com\/es\/wp-json\/wp\/v2\/comments?post=1146612"}],"version-history":[{"count":1,"href":"https:\/\/dimensionturistica.com\/es\/wp-json\/wp\/v2\/posts\/1146612\/revisions"}],"predecessor-version":[{"id":1146619,"href":"https:\/\/dimensionturistica.com\/es\/wp-json\/wp\/v2\/posts\/1146612\/revisions\/1146619"}],"wp:featuredmedia":[{"embeddable":true,"href":"https:\/\/dimensionturistica.com\/es\/wp-json\/wp\/v2\/media\/1146618"}],"wp:attachment":[{"href":"https:\/\/dimensionturistica.com\/es\/wp-json\/wp\/v2\/media?parent=1146612"}],"wp:term":[{"taxonomy":"category","embeddable":true,"href":"https:\/\/dimensionturistica.com\/es\/wp-json\/wp\/v2\/categories?post=1146612"},{"taxonomy":"post_tag","embeddable":true,"href":"https:\/\/dimensionturistica.com\/es\/wp-json\/wp\/v2\/tags?post=1146612"}],"curies":[{"name":"wp","href":"https:\/\/api.w.org\/{rel}","templated":true}]}}