{"id":1146562,"date":"2026-04-30T11:58:48","date_gmt":"2026-04-30T11:58:48","guid":{"rendered":"https:\/\/dimensionturistica.com\/es\/?p=1146562"},"modified":"2026-04-30T11:58:48","modified_gmt":"2026-04-30T11:58:48","slug":"benidorm-acogera-el-7-y-8-de-mayo-el-evento-mas-importante-del-pais-sobre-la-digitalizacion-en-el-sector-turistico","status":"publish","type":"post","link":"https:\/\/dimensionturistica.com\/es\/benidorm-acogera-el-7-y-8-de-mayo-el-evento-mas-importante-del-pais-sobre-la-digitalizacion-en-el-sector-turistico\/","title":{"rendered":"Benidorm acoger\u00e1 el 7 y 8 de mayo el evento m\u00e1s importante del pa\u00eds sobre la digitalizaci\u00f3n en el sector tur\u00edstico."},"content":{"rendered":"<h3>Benidorm: Un V\u00f3rtice de Innovaci\u00f3n Tur\u00edstica en Mayo<\/h3>\n<p>El turismo en Benidorm, una de las ciudades m\u00e1s emblem\u00e1ticas de la Costa Blanca, no solo se limita a sus playas y rascacielos impresionantes. Este mayo, la localidad se transforma en el epicentro de la digitalizaci\u00f3n tur\u00edstica en Espa\u00f1a. Los d\u00edas 7 y 8, la ciudad acoger\u00e1 un evento que promete revolucionar la forma en que entendemos y gestionamos la industria tur\u00edstica.<\/p>\n<p>Este encuentro nacional tiene como objetivo fomentar el intercambio de ideas y estrategias entre profesionales del sector, centr\u00e1ndose en la digitalizaci\u00f3n como clave para un futuro m\u00e1s sostenible y competitivo. En un mundo donde los avances tecnol\u00f3gicos avanzan a pasos agigantados, es fundamental que los destinos tur\u00edsticos se adapten y aprovechen las herramientas digitales a su disposici\u00f3n.<\/p>\n<p>En un entorno cambiante, donde los viajeros buscan experiencias personalizadas y servicios a medida, la digitalizaci\u00f3n puede ser un aliado poderoso. Expertos en innovaci\u00f3n, marketing digital y sostenibilidad se dar\u00e1n cita en este evento, donde las charlas y talleres ofrecer\u00e1n insights valiosos sobre las tendencias que est\u00e1n dando forma al futuro del turismo.<\/p>\n<p>Benidorm, que ha sabido reinventarse a lo largo de los a\u00f1os, se presenta como el escenario ideal para esta discusi\u00f3n vital. La ciudad no solo destaca por su capacidad para atraer a millones de visitantes, sino tambi\u00e9n por su compromiso en incorporar la tecnolog\u00eda para mejorar la experiencia del turista. A medida que la digitalizaci\u00f3n gana terreno, la gesti\u00f3n de destinos se vuelve m\u00e1s eficiente, permitiendo que cada visitante descubra la esencia \u00fanica de la ciudad.<\/p>\n<p>Entre los temas a tratar se encuentran el uso de la inteligencia artificial para personalizar ofertas, el big data para entender mejor el comportamiento de los turistas y la importancia de la ciberseguridad en un sector cada vez m\u00e1s dependiente de las plataformas digitales. Estos temas no solo son relevantes; son esenciales en un momento donde la competitividad en el sector tur\u00edstico es m\u00e1s feroz que nunca.<\/p>\n<p>Adem\u00e1s de las conferencias y paneles de discusi\u00f3n, el evento en Benidorm ofrecer\u00e1 oportunidades de networking, permitiendo a los asistentes establecer conexiones valiosas y descubrir nuevas colaboraciones que impulsen la innovaci\u00f3n en sus respectivos lugares de trabajo. La posibilidad de intercambiar ideas entre los mejores talentos del sector puede llevar a soluciones creativas que beneficien tanto a las empresas como a los viajeros.<\/p>\n<p>Por si fuera poco, el encuentro servir\u00e1 como una plataforma para que Benidorm reafirme su posici\u00f3n como l\u00edder en el \u00e1mbito tur\u00edstico en Espa\u00f1a. La ciudad no solo es conocida por su vibrante vida nocturna y sus amplias playas, sino que ahora se consolida como un referente en el uso de tecnolog\u00eda aplicada al turismo.<\/p>\n<p>En definitiva, si eres un apasionado del turismo o un profesional del sector, no puedes perderte esta cita en Benidorm. El 7 y 8 de mayo marcar\u00e1n un antes y un despu\u00e9s en la forma en que concebimos la experiencia tur\u00edstica, haciendo de esta ciudad un lugar donde la innovaci\u00f3n y la tradici\u00f3n se entrelazan para crear un futuro brillante. As\u00ed que prepara tu agenda, porque lo mejor del turismo est\u00e1 por venir y comienza en Benidorm.<\/p>\n<p><em> &#8221; Sources alicanteplaza.es &#8221; <\/em><\/p>\n","protected":false},"excerpt":{"rendered":"<p>Benidorm: Un V\u00f3rtice de Innovaci\u00f3n Tur\u00edstica en Mayo El turismo en Benidorm, una de las ciudades m\u00e1s emblem\u00e1ticas de la Costa Blanca, no solo se limita a sus playas y rascacielos impresionantes. Este mayo, la localidad se transforma en el epicentro de la digitalizaci\u00f3n tur\u00edstica en Espa\u00f1a. Los d\u00edas 7 y 8, la ciudad acoger\u00e1 [&hellip;]<\/p>\n","protected":false},"author":4,"featured_media":1146563,"comment_status":"open","ping_status":"closed","sticky":false,"template":"","format":"standard","meta":{"om_disable_all_campaigns":false,"jnews-multi-image_gallery":[],"jnews_single_post":[],"jnews_primary_category":[],"jnews_social_meta":[],"footnotes":""},"categories":[40],"tags":[862,5237,177528,724,1296,14915,725,544],"class_list":["post-1146562","post","type-post","status-publish","format-standard","has-post-thumbnail","hentry","category-industria","tag-benidorm","tag-digitalizacion","tag-encuentro-nacional","tag-eventos","tag-industria-turistica","tag-mayo","tag-tecnologia","tag-turismo"],"_links":{"self":[{"href":"https:\/\/dimensionturistica.com\/es\/wp-json\/wp\/v2\/posts\/1146562","targetHints":{"allow":["GET"]}}],"collection":[{"href":"https:\/\/dimensionturistica.com\/es\/wp-json\/wp\/v2\/posts"}],"about":[{"href":"https:\/\/dimensionturistica.com\/es\/wp-json\/wp\/v2\/types\/post"}],"author":[{"embeddable":true,"href":"https:\/\/dimensionturistica.com\/es\/wp-json\/wp\/v2\/users\/4"}],"replies":[{"embeddable":true,"href":"https:\/\/dimensionturistica.com\/es\/wp-json\/wp\/v2\/comments?post=1146562"}],"version-history":[{"count":1,"href":"https:\/\/dimensionturistica.com\/es\/wp-json\/wp\/v2\/posts\/1146562\/revisions"}],"predecessor-version":[{"id":1146564,"href":"https:\/\/dimensionturistica.com\/es\/wp-json\/wp\/v2\/posts\/1146562\/revisions\/1146564"}],"wp:featuredmedia":[{"embeddable":true,"href":"https:\/\/dimensionturistica.com\/es\/wp-json\/wp\/v2\/media\/1146563"}],"wp:attachment":[{"href":"https:\/\/dimensionturistica.com\/es\/wp-json\/wp\/v2\/media?parent=1146562"}],"wp:term":[{"taxonomy":"category","embeddable":true,"href":"https:\/\/dimensionturistica.com\/es\/wp-json\/wp\/v2\/categories?post=1146562"},{"taxonomy":"post_tag","embeddable":true,"href":"https:\/\/dimensionturistica.com\/es\/wp-json\/wp\/v2\/tags?post=1146562"}],"curies":[{"name":"wp","href":"https:\/\/api.w.org\/{rel}","templated":true}]}}