{"id":1146556,"date":"2026-04-30T11:36:19","date_gmt":"2026-04-30T11:36:19","guid":{"rendered":"https:\/\/dimensionturistica.com\/es\/?p=1146556"},"modified":"2026-04-30T11:36:19","modified_gmt":"2026-04-30T11:36:19","slug":"mendoza-sera-la-sede-del-congreso-de-representantes-de-faevyt-en-el-proximo-mes","status":"publish","type":"post","link":"https:\/\/dimensionturistica.com\/es\/mendoza-sera-la-sede-del-congreso-de-representantes-de-faevyt-en-el-proximo-mes\/","title":{"rendered":"Mendoza ser\u00e1 la sede del congreso de representantes de Faevyt en el pr\u00f3ximo mes."},"content":{"rendered":"<h3>Mendoza: El Epicentro del Turismo en Argentina<\/h3>\n<p>Mendoza, reconocida por su belleza natural y su exquisita oferta vin\u00edcola, est\u00e1 a punto de convertirse en el escenario de un acontecimiento de gran relevancia para el sector tur\u00edstico en Argentina. Durante el pr\u00f3ximo mes, la ciudad acoger\u00e1 el congreso anual de la Federaci\u00f3n Argentina de Asociaciones de Empresas de Viajes y Turismo (FAEVYT), un evento que reunir\u00e1 a profesionales de la industria de todo el pa\u00eds para discutir tendencias, desaf\u00edos y oportunidades en el turismo.<\/p>\n<p>Este congreso no solo es un punto de encuentro para agentes de viajes y operadores tur\u00edsticos, sino tambi\u00e9n una plataforma para fomentar el networking y el intercambio de ideas innovadoras que podr\u00edan marcar el rumbo del turismo argentino en los pr\u00f3ximos a\u00f1os. Mendoza, con su impresionante paisaje de monta\u00f1as y vi\u00f1edos, ofrece el marco perfecto para inspirar a los asistentes y resaltar la importancia del turismo sostenible.<\/p>\n<p>Adem\u00e1s del aspecto empresarial, el evento promete ser una vitrina para mostrar las maravillas de la regi\u00f3n. Mendoza, situada al pie de la cordillera de los Andes, no solo destaca por sus bodegas y la producci\u00f3n de algunos de los mejores vinos del mundo, como el Malbec, sino que tambi\u00e9n ofrece una amplia gama de actividades al aire libre, desde el esqu\u00ed en invierno hasta el senderismo y el rafting en temporada estival.<\/p>\n<p>La gastronom\u00eda local tambi\u00e9n jugar\u00e1 un papel crucial en este congreso. Los asistentes tendr\u00e1n la oportunidad de deleitarse con platos t\u00edpicos que reflejan la rica herencia cultural de la regi\u00f3n. La combinaci\u00f3n de buenos vinos y exquisiteces culinarias seguramente har\u00e1 de este evento un deleite para los sentidos.<\/p>\n<p>Mendoza no es solo un destino tur\u00edstico; es un ejemplo de c\u00f3mo el trabajo conjunto entre el sector p\u00fablico y privado puede impulsar el crecimiento de la industria. La ciudad cuenta con una infraestructura tur\u00edstica en constante evoluci\u00f3n, que incluye modernos hoteles, centros de convenciones y servicios de transporte, lo que la convierte en un lugar ideal para el turismo de negocios.<\/p>\n<p>El congreso de FAEVYT promete abordar temas vitales, como la digitalizaci\u00f3n en el sector tur\u00edstico y la necesidad de adaptarse a las nuevas demandas de los viajeros post-pandemia. La capacidad de las empresas para innovar y ofrecer experiencias \u00fanicas ser\u00e1 clave para su \u00e9xito en el futuro. Este evento ser\u00e1, sin duda, una excelente oportunidad para reflexionar sobre el camino recorrido y proyectar nuevas metas para fortalecer el turismo en Argentina.<\/p>\n<p>En conclusi\u00f3n, Mendoza no solo acoge un congreso, sino que tambi\u00e9n se posiciona como un destino clave en el panorama tur\u00edstico nacional. Al reunir a l\u00edderes y visionarios de la industria, este evento ser\u00e1 un aliado en la construcci\u00f3n de un futuro prometedor para el turismo argentino. Los visitantes y profesionales que asistan se llevar\u00e1n consigo no solo nuevos conocimientos, sino tambi\u00e9n el inconfundible sabor de Mendoza, un lugar donde la naturaleza y la cultura se entrelazan magistralmente.<\/p>\n<p><em> &#8221; Sources www.reportur.com &#8221; <\/em><\/p>\n","protected":false},"excerpt":{"rendered":"<p>Mendoza: El Epicentro del Turismo en Argentina Mendoza, reconocida por su belleza natural y su exquisita oferta vin\u00edcola, est\u00e1 a punto de convertirse en el escenario de un acontecimiento de gran relevancia para el sector tur\u00edstico en Argentina. Durante el pr\u00f3ximo mes, la ciudad acoger\u00e1 el congreso anual de la Federaci\u00f3n Argentina de Asociaciones de [&hellip;]<\/p>\n","protected":false},"author":4,"featured_media":1146557,"comment_status":"open","ping_status":"closed","sticky":false,"template":"","format":"standard","meta":{"om_disable_all_campaigns":false,"jnews-multi-image_gallery":[],"jnews_single_post":[],"jnews_primary_category":[],"jnews_social_meta":[],"footnotes":""},"categories":[40],"tags":[621,768,923,724,3474,604,780,544,545],"class_list":["post-1146556","post","type-post","status-publish","format-standard","has-post-thumbnail","hentry","category-industria","tag-agentes","tag-argentina","tag-congreso","tag-eventos","tag-faevyt","tag-industria","tag-mendoza","tag-turismo","tag-viajes"],"_links":{"self":[{"href":"https:\/\/dimensionturistica.com\/es\/wp-json\/wp\/v2\/posts\/1146556","targetHints":{"allow":["GET"]}}],"collection":[{"href":"https:\/\/dimensionturistica.com\/es\/wp-json\/wp\/v2\/posts"}],"about":[{"href":"https:\/\/dimensionturistica.com\/es\/wp-json\/wp\/v2\/types\/post"}],"author":[{"embeddable":true,"href":"https:\/\/dimensionturistica.com\/es\/wp-json\/wp\/v2\/users\/4"}],"replies":[{"embeddable":true,"href":"https:\/\/dimensionturistica.com\/es\/wp-json\/wp\/v2\/comments?post=1146556"}],"version-history":[{"count":1,"href":"https:\/\/dimensionturistica.com\/es\/wp-json\/wp\/v2\/posts\/1146556\/revisions"}],"predecessor-version":[{"id":1146558,"href":"https:\/\/dimensionturistica.com\/es\/wp-json\/wp\/v2\/posts\/1146556\/revisions\/1146558"}],"wp:featuredmedia":[{"embeddable":true,"href":"https:\/\/dimensionturistica.com\/es\/wp-json\/wp\/v2\/media\/1146557"}],"wp:attachment":[{"href":"https:\/\/dimensionturistica.com\/es\/wp-json\/wp\/v2\/media?parent=1146556"}],"wp:term":[{"taxonomy":"category","embeddable":true,"href":"https:\/\/dimensionturistica.com\/es\/wp-json\/wp\/v2\/categories?post=1146556"},{"taxonomy":"post_tag","embeddable":true,"href":"https:\/\/dimensionturistica.com\/es\/wp-json\/wp\/v2\/tags?post=1146556"}],"curies":[{"name":"wp","href":"https:\/\/api.w.org\/{rel}","templated":true}]}}