{"id":1146526,"date":"2026-04-30T10:09:53","date_gmt":"2026-04-30T10:09:53","guid":{"rendered":"https:\/\/dimensionturistica.com\/es\/?p=1146526"},"modified":"2026-04-30T10:09:53","modified_gmt":"2026-04-30T10:09:53","slug":"ayuso-comienza-una-visita-oficial-de-diez-dias-en-mexico","status":"publish","type":"post","link":"https:\/\/dimensionturistica.com\/es\/ayuso-comienza-una-visita-oficial-de-diez-dias-en-mexico\/","title":{"rendered":"Ayuso comienza una visita oficial de diez d\u00edas en M\u00e9xico"},"content":{"rendered":"<h3>Descubriendo la Magia de M\u00e9xico: Una Gira Diplom\u00e1tica en el Coraz\u00f3n del Turismo<\/h3>\n<p>La vibrante naci\u00f3n mexicana, con su rica historia, diversa cultura y paisajes deslumbrantes, ha sido el escenario de una importante gira diplom\u00e1tica que promete estrechar lazos y fomentar el turismo entre dos naciones. En un esfuerzo por promover la conexi\u00f3n cultural y comercial, una destacada figura pol\u00edtica ha comenzado un recorrido que se extiende por diez d\u00edas, abarcando diversas regiones del pa\u00eds.<\/p>\n<p>En su traves\u00eda, el representante no solo busca fortalecer v\u00ednculos econ\u00f3micos, sino tambi\u00e9n resaltar las maravillas que M\u00e9xico tiene para ofrecer. Desde las coloridas calles de Oaxaca hasta las majestuosidades de Canc\u00fan, cada parada en esta gira es una oportunidad para explorar y descubrir la esencia del pa\u00eds.<\/p>\n<p>Uno de los principales objetivos de esta visita es el intercambio tur\u00edstico, que ha cobrado una relevancia a\u00fan mayor en el contexto actual. Con el turismo siendo un pilar fundamental de la econom\u00eda mexicana, la idea es atraer a m\u00e1s viajeros internacionales y posicionar a M\u00e9xico como un destino de primer orden en el mapa global. A trav\u00e9s de la colaboraci\u00f3n en diversas iniciativas y proyectos, se espera que este viaje no solo impulse el turismo, sino que tambi\u00e9n fomente una mayor comprensi\u00f3n cultural entre los pa\u00edses.<\/p>\n<p>Las paradas de la gira incluyen encuentros con l\u00edderes locales y representantes de la industria tur\u00edstica, explorando tambi\u00e9n la vitivinicultura de la regi\u00f3n, la gastronom\u00eda y el arte popular. La riqueza de tradiciones y la calidez de su gente hacen de M\u00e9xico un lugar \u00fanico y acogedor para todo aquel que lo visita.<\/p>\n<p>La agenda tambi\u00e9n contempla la promoci\u00f3n de actividades al aire libre y de aventura, que son un atractivo irresistible para los turistas modernos. Desde las playas de arenas blancas hasta los espectaculares volcanes y monta\u00f1as, M\u00e9xico brinda experiencias inolvidables para los amantes de la naturaleza y los deportes.<\/p>\n<p>El arte y la cultura no se quedan atr\u00e1s; la propuesta es dilucidar las diversas manifestaciones art\u00edsticas que han definido la identidad mexicana a lo largo de los a\u00f1os. Desde el muralismo hasta la m\u00fasica y la danza, cada expresi\u00f3n es una ventana al alma del pa\u00eds.<\/p>\n<p>Esta gira se abre como una invitaci\u00f3n no solo a establecer v\u00ednculos diplom\u00e1ticos, sino tambi\u00e9n a descubrir y celebrar la riqueza que M\u00e9xico ofrece. Como viajeros, esta es una maravillosa oportunidad para aprovechar y explorar las maravillas que, hasta ahora, han permanecido ocultas para muchos.<\/p>\n<p>En definitiva, la conquista de nuevas fronteras tur\u00edsticas es una labor que va m\u00e1s all\u00e1 de acuerdos y tratados; es una llamada a la aventura, una incursi\u00f3n en un mundo lleno de color, sabor y calidez. La gira no solo promete reforzar la conexi\u00f3n entre naciones, sino que tambi\u00e9n invita a todos a sumergirse en la magia de un pa\u00eds que siempre tiene algo nuevo que ofrecer. <\/p>\n<p>As\u00ed, con cada paso que da, este viaje se convierte en una celebraci\u00f3n del turismo y un recordatorio de que el mundo, a trav\u00e9s del descubrimiento y el entendimiento, puede ser un lugar un poco m\u00e1s unido.<\/p>\n<p><em> &#8221; Fuentes columnadigital.com &#8221; <\/em><\/p>\n","protected":false},"excerpt":{"rendered":"<p>Descubriendo la Magia de M\u00e9xico: Una Gira Diplom\u00e1tica en el Coraz\u00f3n del Turismo La vibrante naci\u00f3n mexicana, con su rica historia, diversa cultura y paisajes deslumbrantes, ha sido el escenario de una importante gira diplom\u00e1tica que promete estrechar lazos y fomentar el turismo entre dos naciones. En un esfuerzo por promover la conexi\u00f3n cultural y [&hellip;]<\/p>\n","protected":false},"author":4,"featured_media":1146527,"comment_status":"open","ping_status":"closed","sticky":false,"template":"","format":"standard","meta":{"om_disable_all_campaigns":false,"jnews-multi-image_gallery":[],"jnews_single_post":[],"jnews_primary_category":[],"jnews_social_meta":[],"footnotes":""},"categories":[39],"tags":[95105,22087,233985,662,44799,770,277689,7173,769,546,44620,5804,544,94659],"class_list":["post-1146526","post","type-post","status-publish","format-standard","has-post-thumbnail","hentry","category-viajes","tag-10-dias","tag-ayuso","tag-columna-digital","tag-cultura","tag-diplomacia","tag-espana","tag-gira-oficial","tag-liderazgo","tag-mexico","tag-politica","tag-relaciones-internacionales","tag-riviera-maya","tag-turismo","tag-viaje-oficial"],"_links":{"self":[{"href":"https:\/\/dimensionturistica.com\/es\/wp-json\/wp\/v2\/posts\/1146526","targetHints":{"allow":["GET"]}}],"collection":[{"href":"https:\/\/dimensionturistica.com\/es\/wp-json\/wp\/v2\/posts"}],"about":[{"href":"https:\/\/dimensionturistica.com\/es\/wp-json\/wp\/v2\/types\/post"}],"author":[{"embeddable":true,"href":"https:\/\/dimensionturistica.com\/es\/wp-json\/wp\/v2\/users\/4"}],"replies":[{"embeddable":true,"href":"https:\/\/dimensionturistica.com\/es\/wp-json\/wp\/v2\/comments?post=1146526"}],"version-history":[{"count":1,"href":"https:\/\/dimensionturistica.com\/es\/wp-json\/wp\/v2\/posts\/1146526\/revisions"}],"predecessor-version":[{"id":1146528,"href":"https:\/\/dimensionturistica.com\/es\/wp-json\/wp\/v2\/posts\/1146526\/revisions\/1146528"}],"wp:featuredmedia":[{"embeddable":true,"href":"https:\/\/dimensionturistica.com\/es\/wp-json\/wp\/v2\/media\/1146527"}],"wp:attachment":[{"href":"https:\/\/dimensionturistica.com\/es\/wp-json\/wp\/v2\/media?parent=1146526"}],"wp:term":[{"taxonomy":"category","embeddable":true,"href":"https:\/\/dimensionturistica.com\/es\/wp-json\/wp\/v2\/categories?post=1146526"},{"taxonomy":"post_tag","embeddable":true,"href":"https:\/\/dimensionturistica.com\/es\/wp-json\/wp\/v2\/tags?post=1146526"}],"curies":[{"name":"wp","href":"https:\/\/api.w.org\/{rel}","templated":true}]}}