{"id":1146506,"date":"2026-04-30T08:54:13","date_gmt":"2026-04-30T08:54:13","guid":{"rendered":"https:\/\/dimensionturistica.com\/es\/?p=1146506"},"modified":"2026-04-30T08:54:13","modified_gmt":"2026-04-30T08:54:13","slug":"la-elegancia-parisina-de-roger-vivier-llega-a-nueva-york-en-conmemoracion-de-su-nuevo-libro-de-rizzoli","status":"publish","type":"post","link":"https:\/\/dimensionturistica.com\/es\/la-elegancia-parisina-de-roger-vivier-llega-a-nueva-york-en-conmemoracion-de-su-nuevo-libro-de-rizzoli\/","title":{"rendered":"La Elegancia Parisina de Roger Vivier Llega a Nueva York en Conmemoraci\u00f3n de Su Nuevo Libro de Rizzoli"},"content":{"rendered":"<h3>La Elegancia Atemporal de Roger Vivier: Un Viaje a Trav\u00e9s del Estilo<\/h3>\n<p>La capital de la moda, Nueva York, se vio envuelta en una velada de sofisticaci\u00f3n, ahora inmortalizada en las p\u00e1ginas de un nuevo lanzamiento que celebra la obra del ic\u00f3nico dise\u00f1ador franc\u00e9s Roger Vivier. Este homenaje, que fusiona historia, arte y estilo, lleg\u00f3 a la vida en un evento exclusivo, presentando un libro que recoge d\u00e9cadas de innovaci\u00f3n en el calzado.<\/p>\n<p>La noche comenz\u00f3 con una brillante alfombra roja, donde personalidades del mundo de la moda se reunieron para rendir homenaje a Vivier, un maestro del dise\u00f1o que ha dejado una huella indeleble en la industria. Su legado resuena a trav\u00e9s de cada par de zapatos que ha creado, que no solo son un accesorio, sino aut\u00e9nticas obras de arte.<\/p>\n<p>Entre los asistentes, empresarios de la moda, celebridades y aficionados a la est\u00e9tica se sumergieron en una atm\u00f3sfera vibrante, donde la creatividad y el glamur se entrelazaron. El evento, orquestado por Rizzoli, no solo daba paso a la presentaci\u00f3n del libro, sino que ofrec\u00eda una experiencia inmersiva en el universo de Vivier. Las im\u00e1genes de sus dise\u00f1os m\u00e1s emblem\u00e1ticos se proyectaron en diversas pantallas, evocando la esencia de un dise\u00f1ador que hizo del tac\u00f3n y la elegancia su estandarte.<\/p>\n<p>El libro no solo documenta la evoluci\u00f3n del calzado, sino que tambi\u00e9n explora el proceso creativo de Vivier, un hombre que desafi\u00f3 las convenciones de su \u00e9poca. Desde sus innovadoras hebillas hasta los desenfadados stilettos, cada p\u00e1gina se convierte en un testimonio del talento y la visi\u00f3n de un verdadero pionero. Entre las an\u00e9cdotas, surge una visi\u00f3n clara: la pasi\u00f3n de Vivier por el dise\u00f1o y su inquebrantable deseo de empoderar a las mujeres a trav\u00e9s de su obra.<\/p>\n<p>Las creaciones de Roger Vivier han sido utilizadas por algunas de las figuras m\u00e1s ic\u00f3nicas de la historia, desde Grace Kelly hasta Catherine Deneuve, quienes han transportado su estilo a la cultura popular. Este reconocimiento no solo habla del dise\u00f1o, sino de una conexi\u00f3n emocional que cada par de zapatos establece con quienes los lucen.<\/p>\n<p>La velada fue pensada para ser no solo una celebraci\u00f3n, sino tambi\u00e9n un brindis por el futuro y la continuidad de la moda. La pr\u00f3xima generaci\u00f3n de dise\u00f1adores y amantes del estilo pueden encontrar inspiraci\u00f3n en las p\u00e1ginas de este libro, donde la historia de Roger Vivier se despliega como un legado eterno.<\/p>\n<p>El evento culmin\u00f3 con una sensaci\u00f3n de entusiasmo en el aire, mientras los asistentes compart\u00edan sus propias historias de amor hacia el dise\u00f1o y la moda. Desde las calles de Par\u00eds hasta las avenidas de Nueva York, el esp\u00edritu de Vivier sigue vivo, reflejando un mundo donde la elegancia nunca pasa de moda.<\/p>\n<p>Para los entusiastas de la moda, este lanzamiento no es solo un libro, es una invitaci\u00f3n a explorar la intersecci\u00f3n del arte y el dise\u00f1o, un testimonio de c\u00f3mo un par de zapatos puede contar una historia, y un recordatorio de que la verdadera elegancia es atemporal.<\/p>\n<p><em> &#8221; Fuentes www.vogue.com &#8221; <\/em><\/p>\n","protected":false},"excerpt":{"rendered":"<p>La Elegancia Atemporal de Roger Vivier: Un Viaje a Trav\u00e9s del Estilo La capital de la moda, Nueva York, se vio envuelta en una velada de sofisticaci\u00f3n, ahora inmortalizada en las p\u00e1ginas de un nuevo lanzamiento que celebra la obra del ic\u00f3nico dise\u00f1ador franc\u00e9s Roger Vivier. Este homenaje, que fusiona historia, arte y estilo, lleg\u00f3 [&hellip;]<\/p>\n","protected":false},"author":14,"featured_media":1146507,"comment_status":"open","ping_status":"closed","sticky":false,"template":"","format":"standard","meta":{"om_disable_all_campaigns":false,"jnews-multi-image_gallery":[],"jnews_single_post":[],"jnews_primary_category":[],"jnews_social_meta":[],"footnotes":""},"categories":[144872],"tags":[69359,193,29821,166,8774,92771,277677,277678,213132,372,203622],"class_list":["post-1146506","post","type-post","status-publish","format-standard","has-post-thumbnail","hentry","category-fashion","tag-celebration","tag-culture","tag-design","tag-fashion","tag-luxury","tag-new-york-city","tag-parisian-flair","tag-rizzoli-book","tag-roger-vivier","tag-style","tag-vogue-parties"],"_links":{"self":[{"href":"https:\/\/dimensionturistica.com\/es\/wp-json\/wp\/v2\/posts\/1146506","targetHints":{"allow":["GET"]}}],"collection":[{"href":"https:\/\/dimensionturistica.com\/es\/wp-json\/wp\/v2\/posts"}],"about":[{"href":"https:\/\/dimensionturistica.com\/es\/wp-json\/wp\/v2\/types\/post"}],"author":[{"embeddable":true,"href":"https:\/\/dimensionturistica.com\/es\/wp-json\/wp\/v2\/users\/14"}],"replies":[{"embeddable":true,"href":"https:\/\/dimensionturistica.com\/es\/wp-json\/wp\/v2\/comments?post=1146506"}],"version-history":[{"count":1,"href":"https:\/\/dimensionturistica.com\/es\/wp-json\/wp\/v2\/posts\/1146506\/revisions"}],"predecessor-version":[{"id":1146508,"href":"https:\/\/dimensionturistica.com\/es\/wp-json\/wp\/v2\/posts\/1146506\/revisions\/1146508"}],"wp:featuredmedia":[{"embeddable":true,"href":"https:\/\/dimensionturistica.com\/es\/wp-json\/wp\/v2\/media\/1146507"}],"wp:attachment":[{"href":"https:\/\/dimensionturistica.com\/es\/wp-json\/wp\/v2\/media?parent=1146506"}],"wp:term":[{"taxonomy":"category","embeddable":true,"href":"https:\/\/dimensionturistica.com\/es\/wp-json\/wp\/v2\/categories?post=1146506"},{"taxonomy":"post_tag","embeddable":true,"href":"https:\/\/dimensionturistica.com\/es\/wp-json\/wp\/v2\/tags?post=1146506"}],"curies":[{"name":"wp","href":"https:\/\/api.w.org\/{rel}","templated":true}]}}