{"id":1146465,"date":"2026-04-30T06:32:41","date_gmt":"2026-04-30T06:32:41","guid":{"rendered":"https:\/\/dimensionturistica.com\/es\/?p=1146465"},"modified":"2026-04-30T06:32:41","modified_gmt":"2026-04-30T06:32:41","slug":"valencia-barcelona-y-bilbao-reciben-la-primera-edicion-del-hub-de-viajes-de-movilidad","status":"publish","type":"post","link":"https:\/\/dimensionturistica.com\/es\/valencia-barcelona-y-bilbao-reciben-la-primera-edicion-del-hub-de-viajes-de-movilidad\/","title":{"rendered":"Valencia, Barcelona y Bilbao reciben la primera edici\u00f3n del Hub de Viajes de Movilidad"},"content":{"rendered":"<p><strong>Descubre el Futuro de la Movilidad en las Tres Joyas Espa\u00f1olas: Valencia, Barcelona y Bilbao<\/strong><\/p>\n<p>El turismo y la movilidad est\u00e1n en constante evoluci\u00f3n, y este es un momento crucial para explorar c\u00f3mo nuestras ciudades pueden adaptarse a las nuevas demandas. Este a\u00f1o, ciudades emblem\u00e1ticas de Espa\u00f1a como Valencia, Barcelona y Bilbao se han unido para celebrar la primera edici\u00f3n de un evento innovador que promete transformar la experiencia de viajar.<\/p>\n<p>Este encuentro, que se lleva a cabo en tres de las metr\u00f3polis m\u00e1s vibrantes del pa\u00eds, re\u00fane a expertos, empresas y l\u00edderes de opini\u00f3n en el \u00e1mbito de la movilidad sostenible. La propuesta no solo busca compartir ideas, sino tambi\u00e9n crear un espacio de colaboraci\u00f3n entre diferentes sectores, con el objetivo de encontrar soluciones que mejoren la calidad de vida urbana y la eficiencia en los desplazamientos.<\/p>\n<p><strong>Valencia: Innovaci\u00f3n y Sostenibilidad<\/strong><\/p>\n<p>Valencia es conocida por su arquitectura futurista y su clima c\u00e1lido. Este a\u00f1o, la ciudad se convierte en el primer punto de encuentro para discutir el futuro de la movilidad. Las intervenciones se centrar\u00e1n en proyectos que fomentan un transporte m\u00e1s limpio y accesible. Desde bicicletas el\u00e9ctricas hasta autobuses h\u00edbridos, Valencia se perfila como un laboratorio para las iniciativas que pueden ser implementadas en otras urbes.<\/p>\n<p><strong>Barcelona: La Capital del Dise\u00f1o Urbano<\/strong><\/p>\n<p>No es sorpresa que Barcelona, famosa por su dise\u00f1o arquitect\u00f3nico y su enfoque en espacios p\u00fablicos, sea una de las sedes. La ciudad condal ofrece un contexto ideal para visualizar un futuro donde la movilidad no solo es eficiente, sino tambi\u00e9n arm\u00f3nica con el entorno. Las sesiones destacan el uso de la tecnolog\u00eda para optimizar el transporte p\u00fablico y la integraci\u00f3n de servicios que permiten a los ciudadanos moverse con rapidez y seguridad, lo que garantiza que cada recorrido sea una experiencia agradable.<\/p>\n<p><strong>Bilbao: Transformaci\u00f3n y Modernidad<\/strong><\/p>\n<p>Bilbao, con su enfoque en la modernizaci\u00f3n de su infraestructura, completa la trilog\u00eda de ciudades anfitrionas. Con un dise\u00f1o urbano que ha sido objeto de estudio en todo el mundo, la ciudad se ha comprometido a mejorar su sistema de movilidad. Durante el evento, se exploran iniciativas que buscan adaptar el transporte a la creciente urbanizaci\u00f3n y las necesidades cambiantes de sus habitantes. La creaci\u00f3n de espacios para peatones y un incremento en el uso de transporte p\u00fablico son algunas de las prioridades que se discuten.<\/p>\n<p><strong>Una Oportunidad para el Cambio<\/strong><\/p>\n<p>Este evento no solo representa un momento para el intercambio de ideas, sino tambi\u00e9n una oportunidad para que los asistentes experimenten de primera mano las innovaciones que est\u00e1n moldando el futuro de las ciudades. Jornadas interactivas, exposiciones y conferencias permitir\u00e1n a los visitantes involucrarse activamente en la discusi\u00f3n sobre c\u00f3mo mejorar la movilidad urbana.<\/p>\n<p>Adem\u00e1s, la celebraci\u00f3n de tales encuentros en tres ciudades tan diversas resalta la riqueza cultural y el dinamismo de cada lugar, convirtiendo la experiencia no solo en un evento de negocios, sino en una celebraci\u00f3n de la vida urbana.<\/p>\n<p><strong>Culminaci\u00f3n de Visiones Sostenibles<\/strong><\/p>\n<p>La primera edici\u00f3n de este evento constituye un hito importante en la promoci\u00f3n de un modelo de viaje m\u00e1s responsable. Al reunir distintas visiones y enfoques, Valencia, Barcelona y Bilbao se consolidan como pioneras en la integraci\u00f3n de la movilidad y el turismo sostenible.<\/p>\n<p>As\u00ed, Espa\u00f1a no solo tiene un pasado rico en cultura y tradici\u00f3n, sino que tambi\u00e9n est\u00e1 a la vanguardia en la b\u00fasqueda de un futuro donde la movilidad sea sin\u00f3nimo de calidad de vida. En un mundo que busca cada vez m\u00e1s soluciones sostenibles, estos encuentros son un faro de esperanza y un paso firme hacia un ma\u00f1ana m\u00e1s verde y accesible. La revoluci\u00f3n en la movilidad est\u00e1 aqu\u00ed, y las ciudades espa\u00f1olas est\u00e1n listas para liderar el camino.<\/p>\n<p><em> &#8221; Sources gacetadelturismo.com &#8221; <\/em><\/p>\n","protected":false},"excerpt":{"rendered":"<p>Descubre el Futuro de la Movilidad en las Tres Joyas Espa\u00f1olas: Valencia, Barcelona y Bilbao El turismo y la movilidad est\u00e1n en constante evoluci\u00f3n, y este es un momento crucial para explorar c\u00f3mo nuestras ciudades pueden adaptarse a las nuevas demandas. Este a\u00f1o, ciudades emblem\u00e1ticas de Espa\u00f1a como Valencia, Barcelona y Bilbao se han unido [&hellip;]<\/p>\n","protected":false},"author":4,"featured_media":1144757,"comment_status":"open","ping_status":"closed","sticky":false,"template":"","format":"standard","meta":{"om_disable_all_campaigns":false,"jnews-multi-image_gallery":[],"jnews_single_post":[],"jnews_primary_category":[],"jnews_social_meta":[],"footnotes":""},"categories":[40],"tags":[2917,1742,770,724,126199,273043,1347,653,544,2769],"class_list":["post-1146465","post","type-post","status-publish","format-standard","has-post-thumbnail","hentry","category-industria","tag-barcelona","tag-bilbao","tag-espana","tag-eventos","tag-i-edicion","tag-mobility-travel-hub","tag-movilidad","tag-transporte","tag-turismo","tag-valencia"],"_links":{"self":[{"href":"https:\/\/dimensionturistica.com\/es\/wp-json\/wp\/v2\/posts\/1146465","targetHints":{"allow":["GET"]}}],"collection":[{"href":"https:\/\/dimensionturistica.com\/es\/wp-json\/wp\/v2\/posts"}],"about":[{"href":"https:\/\/dimensionturistica.com\/es\/wp-json\/wp\/v2\/types\/post"}],"author":[{"embeddable":true,"href":"https:\/\/dimensionturistica.com\/es\/wp-json\/wp\/v2\/users\/4"}],"replies":[{"embeddable":true,"href":"https:\/\/dimensionturistica.com\/es\/wp-json\/wp\/v2\/comments?post=1146465"}],"version-history":[{"count":1,"href":"https:\/\/dimensionturistica.com\/es\/wp-json\/wp\/v2\/posts\/1146465\/revisions"}],"predecessor-version":[{"id":1146466,"href":"https:\/\/dimensionturistica.com\/es\/wp-json\/wp\/v2\/posts\/1146465\/revisions\/1146466"}],"wp:featuredmedia":[{"embeddable":true,"href":"https:\/\/dimensionturistica.com\/es\/wp-json\/wp\/v2\/media\/1144757"}],"wp:attachment":[{"href":"https:\/\/dimensionturistica.com\/es\/wp-json\/wp\/v2\/media?parent=1146465"}],"wp:term":[{"taxonomy":"category","embeddable":true,"href":"https:\/\/dimensionturistica.com\/es\/wp-json\/wp\/v2\/categories?post=1146465"},{"taxonomy":"post_tag","embeddable":true,"href":"https:\/\/dimensionturistica.com\/es\/wp-json\/wp\/v2\/tags?post=1146465"}],"curies":[{"name":"wp","href":"https:\/\/api.w.org\/{rel}","templated":true}]}}