{"id":1146456,"date":"2026-04-30T06:11:20","date_gmt":"2026-04-30T06:11:20","guid":{"rendered":"https:\/\/dimensionturistica.com\/es\/?p=1146456"},"modified":"2026-04-30T06:11:20","modified_gmt":"2026-04-30T06:11:20","slug":"las-empresas-anticipan-un-aumento-en-los-costos-de-los-envios-si-el-conflicto-se-prolonga","status":"publish","type":"post","link":"https:\/\/dimensionturistica.com\/es\/las-empresas-anticipan-un-aumento-en-los-costos-de-los-envios-si-el-conflicto-se-prolonga\/","title":{"rendered":"Las empresas anticipan un aumento en los costos de los env\u00edos si el conflicto se prolonga."},"content":{"rendered":"<h3>Nuevos Desaf\u00edos para el Turismo: \u00bfSe Incrementar\u00e1n los Precios de los Paquetes Viajeros?<\/h3>\n<p>En un mundo donde el turismo enfrenta constantes altibajos, un reciente informe ha dejado a la industria en alerta sobre una posible subida de precios en los paquetes tur\u00edsticos en Espa\u00f1a. Ante la incertidumbre geopol\u00edtica que afecta a Europa, las agencias de viajes locales se preparan para ajustar sus tarifas, lo que podr\u00eda transformar la forma en la que viajamos en el futuro inmediato.<\/p>\n<h4>La Inflaci\u00f3n de los Viajes: Un Efecto en Cadena<\/h4>\n<p>La larga sombra de la guerra en curso ha desencadenado no solo un aumento en los precios del petr\u00f3leo, sino tambi\u00e9n en los costos de log\u00edstica y operaciones de las compa\u00f1\u00edas a\u00e9reas y hoteleras. Este incremento se traduce directamente en el precio de los paquetes tur\u00edsticos, haciendo que los viajantes deban reconsiderar su presupuesto para las vacaciones venideras.<\/p>\n<p>Las agencias de viajes espa\u00f1olas han manifestado que, si el conflicto se alarga, es muy probable que los precios se eleven. Esto no solo afectar\u00e1 a los destinos m\u00e1s populares, como las playas del Mediterr\u00e1neo o las ciudades culturales como Barcelona y Madrid, sino que tambi\u00e9n podr\u00eda tener un impacto en aquellos destinos menos conocidos que suelen ofrecer tarifas m\u00e1s econ\u00f3micas.<\/p>\n<h4>La Reactividad del Consumidor<\/h4>\n<p>Los viajeros son cada vez m\u00e1s conscientes de la fluctuaci\u00f3n de precios y est\u00e1n adoptando una postura m\u00e1s cautelosa. Las estrategias de planificaci\u00f3n anticipada, la b\u00fasqueda de ofertas y la comparaci\u00f3n de precios se han vuelto comunes. Adem\u00e1s, se observa un aumento en la demanda de viajes locales y escapadas cortas, donde el costo es generalmente m\u00e1s manejable y ofrece mayor flexibilidad.<\/p>\n<h4>Agencias frente al Algoritmo: Innovaci\u00f3n en la Venta de Paquetes<\/h4>\n<p>Ante este panorama, las agencias de viajes est\u00e1n buscando maneras de innovar y adaptarse. Algunas est\u00e1n implementando herramientas tecnol\u00f3gicas que permiten a los consumidores realizar comparaciones de precios en tiempo real, mientras que otras est\u00e1n ofreciendo planes de pago m\u00e1s flexibles para que los viajeros puedan gestionar mejor sus finanzas. Estas medidas no solo responden a una necesidad inmediata, sino que tambi\u00e9n buscan mantener su relevancia en un mercado altamente competitivo.<\/p>\n<h4>La Importancia de la Responsabilidad Social<\/h4>\n<p>En medio de esta incertidumbre, las agencias tambi\u00e9n est\u00e1n llamadas a adoptar un enfoque \u00e9tico y responsable. La sostenibilidad y la responsabilidad social son cada vez m\u00e1s importantes para los turistas actuales, quienes prefieren invertir en experiencias que no solo sean econ\u00f3micas, sino tambi\u00e9n responsables con el medio ambiente y las comunidades locales. <\/p>\n<h4>Mirada al Futuro<\/h4>\n<p>Mientras los viajeros planifican sus pr\u00f3ximas aventuras, es esencial que permanezcan atentos a los cambios en el panorama de los precios. Aunque la situaci\u00f3n actual pueda parecer desalentadora, siempre hay oportunidades para explorar nuevos destinos y redescubrir la belleza de los viajes. La adaptaci\u00f3n y la resiliencia ser\u00e1n claves para enfrentar los desaf\u00edos que se avecinan en la industria del turismo.<\/p>\n<p>En conclusi\u00f3n, aunque una subida de precios en los paquetes tur\u00edsticos parece inminente, la forma en que los consumidores y las agencias respondan a esta situaci\u00f3n definir\u00e1 el futuro del turismo en Espa\u00f1a. La creatividad, la innovaci\u00f3n y el compromiso con la sostenibilidad ser\u00e1n fundamentales para navegar estas aguas inciertas y garantizar que viajar siga siendo una de las experiencias m\u00e1s enriquecedoras de la vida.<\/p>\n<p><em> &#8221; Sources www.hosteltur.com &#8221; <\/em><\/p>\n","protected":false},"excerpt":{"rendered":"<p>Nuevos Desaf\u00edos para el Turismo: \u00bfSe Incrementar\u00e1n los Precios de los Paquetes Viajeros? En un mundo donde el turismo enfrenta constantes altibajos, un reciente informe ha dejado a la industria en alerta sobre una posible subida de precios en los paquetes tur\u00edsticos en Espa\u00f1a. Ante la incertidumbre geopol\u00edtica que afecta a Europa, las agencias de [&hellip;]<\/p>\n","protected":false},"author":4,"featured_media":1146457,"comment_status":"open","ping_status":"closed","sticky":false,"template":"","format":"standard","meta":{"om_disable_all_campaigns":false,"jnews-multi-image_gallery":[],"jnews_single_post":[],"jnews_primary_category":[],"jnews_social_meta":[],"footnotes":""},"categories":[40],"tags":[1161,569,1229,1230,572,715,2156,2433,2399,4823,9089,1620,9058,2182,43609],"class_list":["post-1146456","post","type-post","status-publish","format-standard","has-post-thumbnail","hentry","category-industria","tag-agencias","tag-agencias-de-viajes","tag-carlos-garrido","tag-ceav","tag-distribucion","tag-economia","tag-guerra","tag-inflacion","tag-mercado","tag-paquetes","tag-paquetes-turisticos","tag-precios","tag-previsiones","tag-tendencias","tag-turkish-airlines"],"_links":{"self":[{"href":"https:\/\/dimensionturistica.com\/es\/wp-json\/wp\/v2\/posts\/1146456","targetHints":{"allow":["GET"]}}],"collection":[{"href":"https:\/\/dimensionturistica.com\/es\/wp-json\/wp\/v2\/posts"}],"about":[{"href":"https:\/\/dimensionturistica.com\/es\/wp-json\/wp\/v2\/types\/post"}],"author":[{"embeddable":true,"href":"https:\/\/dimensionturistica.com\/es\/wp-json\/wp\/v2\/users\/4"}],"replies":[{"embeddable":true,"href":"https:\/\/dimensionturistica.com\/es\/wp-json\/wp\/v2\/comments?post=1146456"}],"version-history":[{"count":1,"href":"https:\/\/dimensionturistica.com\/es\/wp-json\/wp\/v2\/posts\/1146456\/revisions"}],"predecessor-version":[{"id":1146458,"href":"https:\/\/dimensionturistica.com\/es\/wp-json\/wp\/v2\/posts\/1146456\/revisions\/1146458"}],"wp:featuredmedia":[{"embeddable":true,"href":"https:\/\/dimensionturistica.com\/es\/wp-json\/wp\/v2\/media\/1146457"}],"wp:attachment":[{"href":"https:\/\/dimensionturistica.com\/es\/wp-json\/wp\/v2\/media?parent=1146456"}],"wp:term":[{"taxonomy":"category","embeddable":true,"href":"https:\/\/dimensionturistica.com\/es\/wp-json\/wp\/v2\/categories?post=1146456"},{"taxonomy":"post_tag","embeddable":true,"href":"https:\/\/dimensionturistica.com\/es\/wp-json\/wp\/v2\/tags?post=1146456"}],"curies":[{"name":"wp","href":"https:\/\/api.w.org\/{rel}","templated":true}]}}