{"id":1146442,"date":"2026-04-30T05:21:05","date_gmt":"2026-04-30T05:21:05","guid":{"rendered":"https:\/\/dimensionturistica.com\/es\/?p=1146442"},"modified":"2026-04-30T05:21:05","modified_gmt":"2026-04-30T05:21:05","slug":"el-pais-de-los-recuerdos-un-homenaje-a-mi-madre","status":"publish","type":"post","link":"https:\/\/dimensionturistica.com\/es\/el-pais-de-los-recuerdos-un-homenaje-a-mi-madre\/","title":{"rendered":"El pa\u00eds de los recuerdos (un homenaje a mi madre)"},"content":{"rendered":"<h3>Un Viaje de Homenaje: Descubriendo el Primer Pa\u00eds en Celebrar a las Madres<\/h3>\n<p>A lo largo de la historia, diversas regiones del mundo han encontrado maneras \u00fanicas de rendir homenaje a las figuras maternas. Sin embargo, existe un pa\u00eds que ha decidido llevar esta celebraci\u00f3n a un nivel extraordinario. Imagina un destino donde la gratitud hacia las madres se ha institucionalizado, convirti\u00e9ndose en un atractivo tur\u00edstico que invita tanto a locales como a visitantes a unirse a la fiesta.<\/p>\n<p>En este particular pa\u00eds, la festividad dedicada a las madres no solo es una simple celebraci\u00f3n; se convierte en un festival vibrante que abarca varias actividades culturales y gastron\u00f3micas. Durante esta fecha especial, se organizan desfiles, ferias y conciertos donde las familias se re\u00fanen para honrar a sus progenitoras de manera emotiva y creativa. Las calles se inundan de colores, risas y, sobre todo, de una profunda expresi\u00f3n de amor y respeto.<\/p>\n<p>Uno de los aspectos m\u00e1s interesantes de esta celebraci\u00f3n es su origen, que se remonta a tradiciones ancestrales. Culturas ind\u00edgenas y locales han contribuido a que este homage sea \u00fanico, fusionando rituales antiguos con un enfoque contempor\u00e1neo. La diversidad cultural de esta naci\u00f3n se refleja en la variedad de platillos que se preparan espec\u00edficamente para la ocasi\u00f3n. Desde exquisiteces tradicionales hasta innovaciones culinarias, cada bocado es un homenaje en s\u00ed mismo.<\/p>\n<p>La belleza del paisaje tambi\u00e9n a\u00f1ade un toque especial a esta experiencia. Imagina recorrer monta\u00f1as, valles y costas, cada uno de estos entornos siendo un recordatorio de la fortaleza y el sacrificio de las madres. Los visitantes no solo disfrutan de la celebraci\u00f3n, sino que tambi\u00e9n tienen la oportunidad de explorar la riqueza natural y cultural que el pa\u00eds ofrece. Desde excursiones por los Andes hasta paseos en barco por r\u00edos majestuosos, cada actividad complementa la celebraci\u00f3n de la maternidad.<\/p>\n<p>Adem\u00e1s, el pa\u00eds ha sabido integrar el turismo sostenible en sus celebraciones. Se han fomentado pr\u00e1cticas que respetan el entorno y promueven la econom\u00eda local, asegurando que en cada homenaje haya un componente que respete y preserve la belleza natural del lugar. Los turistas son alentados a participar en actividades que apoyan a la comunidad, creando un lazo entre los visitantes y los locales que trasciende la mera experiencia tur\u00edstica.<\/p>\n<p>Para quienes buscan un destino significativo este a\u00f1o, un viaje a este pa\u00eds puede ser la oportunidad ideal para vivir un homenaje a la maternidad de forma conmovedora y enriquecedora. La festividad no solo celebra a las madres, sino tambi\u00e9n la vida, la comunidad y el significado de las relaciones familiares.<\/p>\n<p>As\u00ed que, si est\u00e1s planeando tus pr\u00f3ximas vacaciones, considera embarcarte en esta aventura. No solo ser\u00e1 una forma de rendir homenaje a tu propia madre, sino tambi\u00e9n una experiencia que te permitir\u00e1 descubrir un rinc\u00f3n del mundo donde la gratitud se cosmopolita en cada rinc\u00f3n y cada sonrisa. Ven y celebra donde el amor maternal se vive con intensidad, y deja que su magia te envuelva.<\/p>\n<p><em> &#8221; Fuentes www.lavanguardia.com &#8221; <\/em><\/p>\n","protected":false},"excerpt":{"rendered":"<p>Un Viaje de Homenaje: Descubriendo el Primer Pa\u00eds en Celebrar a las Madres A lo largo de la historia, diversas regiones del mundo han encontrado maneras \u00fanicas de rendir homenaje a las figuras maternas. Sin embargo, existe un pa\u00eds que ha decidido llevar esta celebraci\u00f3n a un nivel extraordinario. Imagina un destino donde la gratitud [&hellip;]<\/p>\n","protected":false},"author":4,"featured_media":1146443,"comment_status":"open","ping_status":"closed","sticky":false,"template":"","format":"standard","meta":{"om_disable_all_campaigns":false,"jnews-multi-image_gallery":[],"jnews_single_post":[],"jnews_primary_category":[],"jnews_social_meta":[],"footnotes":""},"categories":[39],"tags":[277668,662,79974,4285,46026,59987,2387,16304,277667,26664],"class_list":["post-1146442","post","type-post","status-publish","format-standard","has-post-thumbnail","hentry","category-viajes","tag-alberto-piernas","tag-cultura","tag-emocion","tag-familia","tag-homenaje","tag-identidad","tag-literatura","tag-madre","tag-primer-pais","tag-reflexion"],"_links":{"self":[{"href":"https:\/\/dimensionturistica.com\/es\/wp-json\/wp\/v2\/posts\/1146442","targetHints":{"allow":["GET"]}}],"collection":[{"href":"https:\/\/dimensionturistica.com\/es\/wp-json\/wp\/v2\/posts"}],"about":[{"href":"https:\/\/dimensionturistica.com\/es\/wp-json\/wp\/v2\/types\/post"}],"author":[{"embeddable":true,"href":"https:\/\/dimensionturistica.com\/es\/wp-json\/wp\/v2\/users\/4"}],"replies":[{"embeddable":true,"href":"https:\/\/dimensionturistica.com\/es\/wp-json\/wp\/v2\/comments?post=1146442"}],"version-history":[{"count":1,"href":"https:\/\/dimensionturistica.com\/es\/wp-json\/wp\/v2\/posts\/1146442\/revisions"}],"predecessor-version":[{"id":1146444,"href":"https:\/\/dimensionturistica.com\/es\/wp-json\/wp\/v2\/posts\/1146442\/revisions\/1146444"}],"wp:featuredmedia":[{"embeddable":true,"href":"https:\/\/dimensionturistica.com\/es\/wp-json\/wp\/v2\/media\/1146443"}],"wp:attachment":[{"href":"https:\/\/dimensionturistica.com\/es\/wp-json\/wp\/v2\/media?parent=1146442"}],"wp:term":[{"taxonomy":"category","embeddable":true,"href":"https:\/\/dimensionturistica.com\/es\/wp-json\/wp\/v2\/categories?post=1146442"},{"taxonomy":"post_tag","embeddable":true,"href":"https:\/\/dimensionturistica.com\/es\/wp-json\/wp\/v2\/tags?post=1146442"}],"curies":[{"name":"wp","href":"https:\/\/api.w.org\/{rel}","templated":true}]}}