{"id":1146433,"date":"2026-04-30T04:44:24","date_gmt":"2026-04-30T04:44:24","guid":{"rendered":"https:\/\/dimensionturistica.com\/es\/?p=1146433"},"modified":"2026-04-30T04:44:24","modified_gmt":"2026-04-30T04:44:24","slug":"salta-refuerza-la-colaboracion-con-mendoza-ante-el-congreso-de-agentes-de-viajes","status":"publish","type":"post","link":"https:\/\/dimensionturistica.com\/es\/salta-refuerza-la-colaboracion-con-mendoza-ante-el-congreso-de-agentes-de-viajes\/","title":{"rendered":"Salta refuerza la colaboraci\u00f3n con Mendoza ante el Congreso de Agentes de Viajes"},"content":{"rendered":"<h3>Salta y Mendoza: La Sinergia Tur\u00edstica que Impulsa el Sector<\/h3>\n<p>En el vasto y diverso panorama tur\u00edstico argentino, dos provincias est\u00e1n fortaleciendo sus lazos para crear un atractivo conjunto que promete transformar la experiencia del viajero. Salta y Mendoza, con su rica herencia cultural, paisajes impresionantes y una oferta gastron\u00f3mica envidiable, est\u00e1n uniendo fuerzas de cara a un importante congreso de agentes de viajes que tendr\u00e1 lugar en el coraz\u00f3n del sector.<\/p>\n<p>Salta, conocida como el &#8220;Jard\u00edn de la Argentina&#8221;, ofrece un crisol de culturas, donde las tradiciones ind\u00edgenas se entrelazan con influencias coloniales. Sus monta\u00f1as majestuosas, valles coloridos y una cultura folk vibrante hacen de esta provincia un destino imperdible. Desde los saltos de agua de Cuesta del Obispo hasta la serenidad del Tren a las Nubes, Salta tiene mucho que ofrecer a quienes buscan aventura y autenticidad.<\/p>\n<p>Por su parte, Mendoza, la tierra del Malbec y de imponentes tonos terracota, es famosa por sus vi\u00f1edos que se extienden a lo largo de la Cordillera de los Andes. Este destino no solo conquista los paladares sino que tambi\u00e9n seduce a los amantes de la naturaleza y de la alta monta\u00f1a. La combinaci\u00f3n de actividades enotur\u00edsticas y deportes al aire libre la convierte en un lugar ideal para quienes buscan tanto relajarse como aventurarse.<\/p>\n<h3>Un V\u00ednculo Estrat\u00e9gico<\/h3>\n<p>El congreso de agentes de viajes no es solo una oportunidad para dialogar sobre estrategias de venta y promoci\u00f3n, sino un punto de inflexi\u00f3n para fortalecer alianzas que beneficien a ambas provincias. Las autoridades tur\u00edsticas de Salta y Mendoza ven en esta colaboraci\u00f3n una forma de diversificar las ofertas y atraer un mayor n\u00famero de visitantes. La sinergia que est\u00e1n cultivando promete resultar en un itinerario tur\u00edstico que combine lo mejor de ambas regiones.<\/p>\n<p>A trav\u00e9s de esta colaboraci\u00f3n, se espera que los viajeros que lleguen a Mendoza puedan disfrutar de excursiones a Salta, y viceversa, creando una experiencia que resalte las maravillas de las provincias. Esta uni\u00f3n no solo beneficiar\u00e1 a los turistas, sino que tambi\u00e9n ampliar\u00e1 las perspectivas de negocio para las empresas tur\u00edsticas locales.<\/p>\n<h3>Innovaci\u00f3n y Comunicaci\u00f3n<\/h3>\n<p>Ambas provincias est\u00e1n trabajando en estrategias de marketing y comunicaci\u00f3n que resaltan sus respectivas identidades, al mismo tiempo que las entrelazan. Se est\u00e1n dise\u00f1ando paquetes tur\u00edsticos que invitan a los visitantes a explorar la cultura, los sabores y los paisajes \u00fanicos de cada lugar. Con el enfoque en las redes sociales y plataformas digitales, se busca captar la atenci\u00f3n de un p\u00fablico m\u00e1s joven que ans\u00eda descubrir nuevos destinos.<\/p>\n<h3>Hacia Nuevos Horizontes<\/h3>\n<p>La mirada hacia el futuro es optimista: Salta y Mendoza no solo quieren ser destinos separados en el mapa, sino un ejemplo de colaboraci\u00f3n en un sector que ha sido duramente golpeado por la pandemia. La uni\u00f3n de fuerzas promete no solo revitalizar la industria tur\u00edstica, sino tambi\u00e9n enriquecer la experiencia del viajero con una propuesta \u00fanica.<\/p>\n<p>Con paisajes dignos de postal, un legado cultural impresionante y una gastronom\u00eda que deleita todos los sentidos, la combinaci\u00f3n de Salta y Mendoza est\u00e1 lista para florecer. As\u00ed, el congreso de agentes de viajes se convertir\u00e1 en la plataforma perfecta para seguir impulsando el turismo, enfoc\u00e1ndose no solo en lo que ofrece cada provincia por separado, sino en el poder de la uni\u00f3n para ofrecer una experiencia inigualable a los viajeros que buscan descubrir lo mejor que Argentina tiene para ofrecer.<\/p>\n<p><em> &#8221; Sources mensajero.com.ar &#8221; <\/em><\/p>\n","protected":false},"excerpt":{"rendered":"<p>Salta y Mendoza: La Sinergia Tur\u00edstica que Impulsa el Sector En el vasto y diverso panorama tur\u00edstico argentino, dos provincias est\u00e1n fortaleciendo sus lazos para crear un atractivo conjunto que promete transformar la experiencia del viajero. Salta y Mendoza, con su rica herencia cultural, paisajes impresionantes y una oferta gastron\u00f3mica envidiable, est\u00e1n uniendo fuerzas de [&hellip;]<\/p>\n","protected":false},"author":4,"featured_media":1146434,"comment_status":"open","ping_status":"closed","sticky":false,"template":"","format":"standard","meta":{"om_disable_all_campaigns":false,"jnews-multi-image_gallery":[],"jnews_single_post":[],"jnews_primary_category":[],"jnews_social_meta":[],"footnotes":""},"categories":[40],"tags":[31752,26494,236138,780,3067,3750,544,545],"class_list":["post-1146433","post","type-post","status-publish","format-standard","has-post-thumbnail","hentry","category-industria","tag-congreso-de-agentes-de-viajes","tag-cooperacion","tag-fortalecimiento-de-vinculos","tag-mendoza","tag-promocion-turistica","tag-salta","tag-turismo","tag-viajes"],"_links":{"self":[{"href":"https:\/\/dimensionturistica.com\/es\/wp-json\/wp\/v2\/posts\/1146433","targetHints":{"allow":["GET"]}}],"collection":[{"href":"https:\/\/dimensionturistica.com\/es\/wp-json\/wp\/v2\/posts"}],"about":[{"href":"https:\/\/dimensionturistica.com\/es\/wp-json\/wp\/v2\/types\/post"}],"author":[{"embeddable":true,"href":"https:\/\/dimensionturistica.com\/es\/wp-json\/wp\/v2\/users\/4"}],"replies":[{"embeddable":true,"href":"https:\/\/dimensionturistica.com\/es\/wp-json\/wp\/v2\/comments?post=1146433"}],"version-history":[{"count":1,"href":"https:\/\/dimensionturistica.com\/es\/wp-json\/wp\/v2\/posts\/1146433\/revisions"}],"predecessor-version":[{"id":1146435,"href":"https:\/\/dimensionturistica.com\/es\/wp-json\/wp\/v2\/posts\/1146433\/revisions\/1146435"}],"wp:featuredmedia":[{"embeddable":true,"href":"https:\/\/dimensionturistica.com\/es\/wp-json\/wp\/v2\/media\/1146434"}],"wp:attachment":[{"href":"https:\/\/dimensionturistica.com\/es\/wp-json\/wp\/v2\/media?parent=1146433"}],"wp:term":[{"taxonomy":"category","embeddable":true,"href":"https:\/\/dimensionturistica.com\/es\/wp-json\/wp\/v2\/categories?post=1146433"},{"taxonomy":"post_tag","embeddable":true,"href":"https:\/\/dimensionturistica.com\/es\/wp-json\/wp\/v2\/tags?post=1146433"}],"curies":[{"name":"wp","href":"https:\/\/api.w.org\/{rel}","templated":true}]}}