{"id":1146408,"date":"2026-04-30T03:41:41","date_gmt":"2026-04-30T03:41:41","guid":{"rendered":"https:\/\/dimensionturistica.com\/es\/?p=1146408"},"modified":"2026-04-30T03:41:41","modified_gmt":"2026-04-30T03:41:41","slug":"5-indicadores-de-que-tu-piel-esta-perdiendo-colageno","status":"publish","type":"post","link":"https:\/\/dimensionturistica.com\/es\/5-indicadores-de-que-tu-piel-esta-perdiendo-colageno\/","title":{"rendered":"5 Indicadores de que tu piel est\u00e1 perdiendo col\u00e1geno"},"content":{"rendered":"<h3>El Col\u00e1geno y su Impacto en la Belleza: C\u00f3mo Identificar y Abordar la P\u00e9rdida<\/h3>\n<p>En el vasto mundo de la moda y la belleza, uno de los pilares que sostiene la juventud y la frescura de la piel es el col\u00e1geno. Esta prote\u00edna esencial act\u00faa como una estructura de soporte, proporcionando elasticidad y firmeza. Sin embargo, con el paso del tiempo, la producci\u00f3n de col\u00e1geno disminuye y esto puede traducirse en diversas se\u00f1ales que marcan el envejecimiento cut\u00e1neo. A continuaci\u00f3n, exploraremos las se\u00f1ales m\u00e1s comunes de la p\u00e9rdida de col\u00e1geno y c\u00f3mo enfrentarlas de manera efectiva.<\/p>\n<h4>\u00bfQu\u00e9 Se\u00f1ales Indican P\u00e9rdida de Col\u00e1geno?<\/h4>\n<p>La primera se\u00f1al que se suele notar es la aparici\u00f3n de arrugas y l\u00edneas de expresi\u00f3n. Estas marcas, que pueden convertirse en los primeros signos de envejecimiento, son el resultado de la reducci\u00f3n de la elasticidad de la piel. Otra indicaci\u00f3n clara es la p\u00e9rdida de volumen; la piel comienza a verse menos firme e incluso m\u00e1s delgada. Tambi\u00e9n es frecuente la aparici\u00f3n de flacidez, especialmente en \u00e1reas como el rostro y el cuello, donde la p\u00e9rdida de col\u00e1geno puede resultar particularmente notoria.<\/p>\n<p>Adem\u00e1s de las arrugas y la flacidez, la falta de col\u00e1geno puede llevar a una piel m\u00e1s seca y opaca. La hidrataci\u00f3n es esencial para mantener un aspecto saludable, y cuando los niveles de col\u00e1geno disminuyen, la piel puede perder su brillo natural. Tambi\u00e9n se observa una mayor aparici\u00f3n de manchas y pliegues, lo que contribuye a una textura irregular que a menudo es irreversible.<\/p>\n<h4>\u00bfC\u00f3mo Combatir la P\u00e9rdida de Col\u00e1geno?<\/h4>\n<p>Combatir la p\u00e9rdida de col\u00e1geno no solo implica un enfoque superficial; se trata de adoptar un estilo de vida que potencie la salud de la piel. Incorporar alimentos ricos en vitamina C, como c\u00edtricos y verduras de hoja verde, puede ayudar a estimular la producci\u00f3n natural de col\u00e1geno. Asimismo,la vitamina E y el zinc son nutrientes claves que pueden contribuir a mantener la piel en \u00f3ptimas condiciones.<\/p>\n<p>Los tratamientos t\u00f3picos que contienen retinol y p\u00e9ptidos tambi\u00e9n han demostrado ser eficaces, promoviendo la renovaci\u00f3n celular y mejorando la textura de la piel. Los serums especialmente formulados para atacar los signos del envejecimiento van ganando popularidad en el mundo de la belleza, ofreciendo resultados visibles en el corto plazo.<\/p>\n<p>En el \u00e1mbito de los tratamientos profesionales, los procedimientos como la microagujas y los rellenos d\u00e9rmicos son opciones cada vez m\u00e1s solicitadas. Estas t\u00e9cnicas est\u00e1n dise\u00f1adas para estimular la producci\u00f3n de col\u00e1geno interno y devolver la vitalidad a la piel.<\/p>\n<h4>Mantener el Col\u00e1geno en el Futuro<\/h4>\n<p>Para quienes buscan mantener la juventud de su piel a largo plazo, es fundamental establecer una rutina de cuidado adecuada y ser proactivos. La protecci\u00f3n solar diaria es crucial, ya que la exposici\u00f3n a los rayos UV puede acelerar la degradaci\u00f3n del col\u00e1geno. Adem\u00e1s, evitar h\u00e1bitos nocivos como el tabaquismo y el consumo excesivo de alcohol contribuir\u00e1 a preservar la vitalidad de la piel.<\/p>\n<p>Adicionalmente, mantenerse hidratado y dormir lo suficiente son pr\u00e1cticas que no deben subestimarse. El bienestar general tambi\u00e9n se refleja en la piel, y un estilo de vida equilibrado puede tener un impacto directo en la producci\u00f3n de col\u00e1geno.<\/p>\n<h3>Reflexi\u00f3n Final<\/h3>\n<p>La p\u00e9rdida de col\u00e1geno es un proceso natural que forma parte del envejecimiento, pero estar informados sobre sus se\u00f1ales y c\u00f3mo contrarrestarlas es clave para mantener una apariencia saludable y radiante. Invertir en el cuidado de la piel no solo se traduce en belleza superficial, sino en salud y bienestar. La conciencia sobre los ingredientes y tratamientos puede marcar la diferencia en la lucha contra el tiempo y en la b\u00fasqueda de una piel siempre juvenil.<\/p>\n<p><em> &#8221; Fuentes www.vogue.com &#8221; <\/em><\/p>\n","protected":false},"excerpt":{"rendered":"<p>El Col\u00e1geno y su Impacto en la Belleza: C\u00f3mo Identificar y Abordar la P\u00e9rdida En el vasto mundo de la moda y la belleza, uno de los pilares que sostiene la juventud y la frescura de la piel es el col\u00e1geno. Esta prote\u00edna esencial act\u00faa como una estructura de soporte, proporcionando elasticidad y firmeza. Sin [&hellip;]<\/p>\n","protected":false},"author":14,"featured_media":1146409,"comment_status":"open","ping_status":"closed","sticky":false,"template":"","format":"standard","meta":{"om_disable_all_campaigns":false,"jnews-multi-image_gallery":[],"jnews_single_post":[],"jnews_primary_category":[],"jnews_social_meta":[],"footnotes":""},"categories":[144872],"tags":[96127,136391,120581,530,202,142855,107900,95745,120189,200836,277658,209],"class_list":["post-1146408","post","type-post","status-publish","format-standard","has-post-thumbnail","hentry","category-fashion","tag-anti-aging","tag-beauty-tips","tag-collagen","tag-health","tag-shopping","tag-signs-of-aging","tag-skin-care","tag-skin-health","tag-skincare","tag-skincare-routine","tag-skincare-science","tag-wellness"],"_links":{"self":[{"href":"https:\/\/dimensionturistica.com\/es\/wp-json\/wp\/v2\/posts\/1146408","targetHints":{"allow":["GET"]}}],"collection":[{"href":"https:\/\/dimensionturistica.com\/es\/wp-json\/wp\/v2\/posts"}],"about":[{"href":"https:\/\/dimensionturistica.com\/es\/wp-json\/wp\/v2\/types\/post"}],"author":[{"embeddable":true,"href":"https:\/\/dimensionturistica.com\/es\/wp-json\/wp\/v2\/users\/14"}],"replies":[{"embeddable":true,"href":"https:\/\/dimensionturistica.com\/es\/wp-json\/wp\/v2\/comments?post=1146408"}],"version-history":[{"count":1,"href":"https:\/\/dimensionturistica.com\/es\/wp-json\/wp\/v2\/posts\/1146408\/revisions"}],"predecessor-version":[{"id":1146410,"href":"https:\/\/dimensionturistica.com\/es\/wp-json\/wp\/v2\/posts\/1146408\/revisions\/1146410"}],"wp:featuredmedia":[{"embeddable":true,"href":"https:\/\/dimensionturistica.com\/es\/wp-json\/wp\/v2\/media\/1146409"}],"wp:attachment":[{"href":"https:\/\/dimensionturistica.com\/es\/wp-json\/wp\/v2\/media?parent=1146408"}],"wp:term":[{"taxonomy":"category","embeddable":true,"href":"https:\/\/dimensionturistica.com\/es\/wp-json\/wp\/v2\/categories?post=1146408"},{"taxonomy":"post_tag","embeddable":true,"href":"https:\/\/dimensionturistica.com\/es\/wp-json\/wp\/v2\/tags?post=1146408"}],"curies":[{"name":"wp","href":"https:\/\/api.w.org\/{rel}","templated":true}]}}